{"id":19257,"date":"2025-05-22T16:11:34","date_gmt":"2025-05-22T16:11:34","guid":{"rendered":"https:\/\/millitv.net\/?p=19257"},"modified":"2025-05-22T16:11:35","modified_gmt":"2025-05-22T16:11:35","slug":"anari-oldurdul%C9%99r-indi-d%C9%99-n%C9%99v%C9%99mi-rahat-buraxmirlar","status":"publish","type":"post","link":"https:\/\/millitv.net\/?p=19257","title":{"rendered":"\u201cAnar\u0131 \u00f6ld\u00fcrd\u00fcl\u0259r, indi d\u0259 n\u0259v\u0259mi rahat buraxm\u0131rlar\u201d"},"content":{"rendered":"\n<p><strong>\u201cO vaxt o\u011flumun \u00f6l\u00fcm\u00fcn\u0259 c\u0259hd etdil\u0259r, indi d\u0259 eyni \u015feyi n\u0259v\u0259m Tamerlana etm\u0259k ist\u0259yirl\u0259r\u201d.<\/strong><\/p>\n\n\n\n<p>Bu s\u00f6zl\u0259ri m\u0259rhum reper Anar Na\u011f\u0131lbaz\u0131n anas\u0131 \u015e\u0259rqiy\u0259 C\u0259biyeva \u201cSpace TV\u201dd\u0259 \u201cTarixin bir g\u00fcn\u00fc\u201d verili\u015fin\u0259 m\u00fcsahib\u0259sind\u0259 deyib.<\/p>\n\n\n\n<p><strong>\u015e.C\u0259biyeva bildirib ki, haz\u0131rda n\u0259v\u0259sin\u0259 qar\u015f\u0131 t\u0259zyiq g\u00f6st\u0259rirl\u0259r:&nbsp;<\/strong>\u201cO\u011flumun \u00f6l\u00fcm\u00fcn\u0259 c\u0259hd etdil\u0259r. \u0130ndi d\u0259 n\u0259v\u0259m\u0259 sata\u015f\u0131rlar. Anar\u0131n ail\u0259sinin da\u011f\u0131lmas\u0131nda da b\u00f6y\u00fck rol oynad\u0131lar. Anar\u0131 m\u0259hv etm\u0259y\u0259 \u00e7al\u0131\u015fd\u0131lar, \u00e7ox istifad\u0259 etdil\u0259r. Anar depressiyaya d\u00fc\u015f\u0259nd\u0259 t\u0259k qald\u0131. Onun yay\u0131lan videosunu da qurama olaraq t\u0259\u015fkil etmi\u015fdil\u0259r. Anar\u0131n bel\u0259c\u0259 q\u0259sdin\u0259 durdular. Onu da n\u0259 m\u0259qs\u0259dl\u0259 edib, ed\u0259n \u015f\u0259xs \u00f6z\u00fc yax\u015f\u0131 bilir.<\/p>\n\n\n\n<p>Tamerlan repl\u0259r ifa edir. H\u0259v\u0259skar \u015f\u0259kild\u0259 bu i\u015fl\u0259 m\u0259\u015f\u011fuldur. D\u00fc\u015f\u00fcnm\u00fc\u015fd\u00fcm ki, ill\u0259r ke\u00e7ib, art\u0131q h\u0259r \u015fey unudulub. Amma yox, indi eyni \u015feyl\u0259ri Tamerlan ya\u015fama\u011fa ba\u015flay\u0131b. \u0130ndi Tamerlana z\u0259ngl\u0259r edirl\u0259r. M\u0259n o\u011flumun \u0259trini Tamerlandan al\u0131ram. Xahi\u015f edir\u0259m, Anar\u0131n o videosunu portallardan silsinl\u0259r\u201d.<\/p>\n\n\n\n<p>Qeyd ed\u0259k ki, Anar Na\u011f\u0131lbaz 2018-ci ild\u0259 44 ya\u015f\u0131nda v\u0259fat edib.(\u201cQafqazinfo\u201d)<\/p>\n","protected":false},"excerpt":{"rendered":"<p>\u201cO vaxt o\u011flumun \u00f6l\u00fcm\u00fcn\u0259 c\u0259hd etdil\u0259r, indi d\u0259 eyni \u015feyi n\u0259v\u0259m Tamerlana etm\u0259k ist\u0259yirl\u0259r\u201d. Bu s\u00f6zl\u0259ri m\u0259rhum reper Anar Na\u011f\u0131lbaz\u0131n anas\u0131 \u015e\u0259rqiy\u0259 C\u0259biyeva \u201cSpace TV\u201dd\u0259 \u201cTarixin bir g\u00fcn\u00fc\u201d verili\u015fin\u0259 m\u00fcsahib\u0259sind\u0259 deyib. \u015e.C\u0259biyeva bildirib ki, haz\u0131rda n\u0259v\u0259sin\u0259 qar\u015f\u0131 t\u0259zyiq g\u00f6st\u0259rirl\u0259r:&nbsp;\u201cO\u011flumun \u00f6l\u00fcm\u00fcn\u0259 c\u0259hd etdil\u0259r. \u0130ndi d\u0259 n\u0259v\u0259m\u0259 sata\u015f\u0131rlar. Anar\u0131n ail\u0259sinin da\u011f\u0131lmas\u0131nda da b\u00f6y\u00fck rol oynad\u0131lar. Anar\u0131 m\u0259hv &hellip;<\/p>\n","protected":false},"author":1,"featured_media":19258,"comment_status":"open","ping_status":"closed","sticky":false,"template":"","format":"standard","meta":{"footnotes":""},"categories":[1],"tags":[],"class_list":["post-19257","post","type-post","status-publish","format-standard","has-post-thumbnail","hentry","category-idman"],"_links":{"self":[{"href":"https:\/\/millitv.net\/index.php?rest_route=\/wp\/v2\/posts\/19257","targetHints":{"allow":["GET"]}}],"collection":[{"href":"https:\/\/millitv.net\/index.php?rest_route=\/wp\/v2\/posts"}],"about":[{"href":"https:\/\/millitv.net\/index.php?rest_route=\/wp\/v2\/types\/post"}],"author":[{"embeddable":true,"href":"https:\/\/millitv.net\/index.php?rest_route=\/wp\/v2\/users\/1"}],"replies":[{"embeddable":true,"href":"https:\/\/millitv.net\/index.php?rest_route=%2Fwp%2Fv2%2Fcomments&post=19257"}],"version-history":[{"count":1,"href":"https:\/\/millitv.net\/index.php?rest_route=\/wp\/v2\/posts\/19257\/revisions"}],"predecessor-version":[{"id":19259,"href":"https:\/\/millitv.net\/index.php?rest_route=\/wp\/v2\/posts\/19257\/revisions\/19259"}],"wp:featuredmedia":[{"embeddable":true,"href":"https:\/\/millitv.net\/index.php?rest_route=\/wp\/v2\/media\/19258"}],"wp:attachment":[{"href":"https:\/\/millitv.net\/index.php?rest_route=%2Fwp%2Fv2%2Fmedia&parent=19257"}],"wp:term":[{"taxonomy":"category","embeddable":true,"href":"https:\/\/millitv.net\/index.php?rest_route=%2Fwp%2Fv2%2Fcategories&post=19257"},{"taxonomy":"post_tag","embeddable":true,"href":"https:\/\/millitv.net\/index.php?rest_route=%2Fwp%2Fv2%2Ftags&post=19257"}],"curies":[{"name":"wp","href":"https:\/\/api.w.org\/{rel}","templated":true}]}}