{"id":19212,"date":"2025-05-22T15:56:39","date_gmt":"2025-05-22T15:56:39","guid":{"rendered":"https:\/\/millitv.net\/?p=19212"},"modified":"2025-05-22T15:56:39","modified_gmt":"2025-05-22T15:56:39","slug":"dedi-ki-qocalar-%C9%99riz%C9%99-yazib-getsin-xalq-artisti","status":"publish","type":"post","link":"https:\/\/millitv.net\/?p=19212","title":{"rendered":"\u201cDedi ki, qocalar \u0259riz\u0259 yaz\u0131b getsin\u201d &#8211; Xalq artisti"},"content":{"rendered":"\n<p><strong>Xalq artisti Tariyel Qas\u0131mov Bak\u0131dan k\u00f6\u00e7m\u0259sinin s\u0259b\u0259bini a\u00e7\u0131qlay\u0131b.<\/strong><\/p>\n\n\n\n<p>Bu bar\u0259d\u0259 o, \u201cElgizl\u0259 izl\u0259\u201dd\u0259 dan\u0131\u015f\u0131b.<\/p>\n\n\n\n<p><strong>S\u0259n\u0259t\u00e7i deyib ki, bunun s\u0259b\u0259bi teatrdan ayr\u0131lmas\u0131 olub:<\/strong><\/p>\n\n\n\n<p>\u201cM\u0259n A\u011fstafada ya\u015fay\u0131ram. G\u0259nc Tama\u015fa\u00e7\u0131lar Teatr\u0131nda \u00e7al\u0131\u015fm\u0131\u015fam, indi d\u0259 portretimi as\u0131blar oradan. Dem\u0259li, teatra yeni direktor g\u0259l\u0259nd\u0259 dedi ki, ya\u015fl\u0131 adamlar \u0259riz\u0259 yazs\u0131n getsin.<\/p>\n\n\n\n<p>Bildim ki, m\u0259n\u0259 deyir. M\u0259nim 86 ya\u015f\u0131m olur, \u00f6z\u00fcm\u00fc o ya\u015fda hiss etmir\u0259m dey\u0259, dilim\u0259 g\u0259tirmir\u0259m. Dey\u0259n kimi \u0259riz\u0259 yaz\u0131n, birinci m\u0259n yazd\u0131m. \u018fvv\u0259la aktyorun tabutu teatrdan g\u00f6t\u00fcr\u00fclm\u0259lidir. Bel\u0259 \u015fey yoxdur ki, ya\u015fl\u0131 adamlar \u00e7\u0131xs\u0131n. \u00c7\u0131xma\u011f\u0131ma pe\u015fman deyil\u0259m, \u00f6z\u00fcm \u0259riz\u0259 yazm\u0131\u015fam, indi istirah\u0259t edir\u0259m. Onda ba\u015f direktor Naid\u0259 \u0130smay\u0131lzad\u0259 idi, ba\u015f rejissor da Mehriban \u018fl\u0259kb\u0259rzad\u0259&#8230; \u0130kisi d\u0259 eyni s\u00f6z\u00fc dedi. M\u0259n \u00e7\u0131xd\u0131m\u201d.&nbsp; &nbsp;(Olay)<\/p>\n","protected":false},"excerpt":{"rendered":"<p>Xalq artisti Tariyel Qas\u0131mov Bak\u0131dan k\u00f6\u00e7m\u0259sinin s\u0259b\u0259bini a\u00e7\u0131qlay\u0131b. Bu bar\u0259d\u0259 o, \u201cElgizl\u0259 izl\u0259\u201dd\u0259 dan\u0131\u015f\u0131b. S\u0259n\u0259t\u00e7i deyib ki, bunun s\u0259b\u0259bi teatrdan ayr\u0131lmas\u0131 olub: \u201cM\u0259n A\u011fstafada ya\u015fay\u0131ram. G\u0259nc Tama\u015fa\u00e7\u0131lar Teatr\u0131nda \u00e7al\u0131\u015fm\u0131\u015fam, indi d\u0259 portretimi as\u0131blar oradan. Dem\u0259li, teatra yeni direktor g\u0259l\u0259nd\u0259 dedi ki, ya\u015fl\u0131 adamlar \u0259riz\u0259 yazs\u0131n getsin. Bildim ki, m\u0259n\u0259 deyir. M\u0259nim 86 ya\u015f\u0131m olur, \u00f6z\u00fcm\u00fc &hellip;<\/p>\n","protected":false},"author":1,"featured_media":19213,"comment_status":"open","ping_status":"closed","sticky":false,"template":"","format":"standard","meta":{"footnotes":""},"categories":[1],"tags":[],"class_list":["post-19212","post","type-post","status-publish","format-standard","has-post-thumbnail","hentry","category-idman"],"_links":{"self":[{"href":"https:\/\/millitv.net\/index.php?rest_route=\/wp\/v2\/posts\/19212","targetHints":{"allow":["GET"]}}],"collection":[{"href":"https:\/\/millitv.net\/index.php?rest_route=\/wp\/v2\/posts"}],"about":[{"href":"https:\/\/millitv.net\/index.php?rest_route=\/wp\/v2\/types\/post"}],"author":[{"embeddable":true,"href":"https:\/\/millitv.net\/index.php?rest_route=\/wp\/v2\/users\/1"}],"replies":[{"embeddable":true,"href":"https:\/\/millitv.net\/index.php?rest_route=%2Fwp%2Fv2%2Fcomments&post=19212"}],"version-history":[{"count":2,"href":"https:\/\/millitv.net\/index.php?rest_route=\/wp\/v2\/posts\/19212\/revisions"}],"predecessor-version":[{"id":19215,"href":"https:\/\/millitv.net\/index.php?rest_route=\/wp\/v2\/posts\/19212\/revisions\/19215"}],"wp:featuredmedia":[{"embeddable":true,"href":"https:\/\/millitv.net\/index.php?rest_route=\/wp\/v2\/media\/19213"}],"wp:attachment":[{"href":"https:\/\/millitv.net\/index.php?rest_route=%2Fwp%2Fv2%2Fmedia&parent=19212"}],"wp:term":[{"taxonomy":"category","embeddable":true,"href":"https:\/\/millitv.net\/index.php?rest_route=%2Fwp%2Fv2%2Fcategories&post=19212"},{"taxonomy":"post_tag","embeddable":true,"href":"https:\/\/millitv.net\/index.php?rest_route=%2Fwp%2Fv2%2Ftags&post=19212"}],"curies":[{"name":"wp","href":"https:\/\/api.w.org\/{rel}","templated":true}]}}