{"id":19167,"date":"2025-05-22T15:46:09","date_gmt":"2025-05-22T15:46:09","guid":{"rendered":"https:\/\/millitv.net\/?p=19167"},"modified":"2025-05-22T15:46:10","modified_gmt":"2025-05-22T15:46:10","slug":"zaur-olk%C9%99d%C9%99n-kocur-ozl%C9%99ri-etiraf-etdil%C9%99r","status":"publish","type":"post","link":"https:\/\/millitv.net\/?p=19167","title":{"rendered":"Zaur \u00f6lk\u0259d\u0259n k\u00f6\u00e7\u00fcr? \u2013 \u00d6zl\u0259ri etiraf etdil\u0259r"},"content":{"rendered":"\n<p><strong>Apar\u0131c\u0131lar Zaur v\u0259 G\u00fcnay Bax\u015f\u0259liyevl\u0259r \u00f6lk\u0259d\u0259n k\u00f6\u00e7m\u0259l\u0259ri il\u0259 ba\u011fl\u0131 yay\u0131lan iddialara cavab verib.<\/strong><\/p>\n\n\n\n<p>Onlar bu bar\u0259d\u0259 \u201cZaurla G\u00fcnayd\u0131n\u201d verili\u015find\u0259 dan\u0131\u015f\u0131b.<\/p>\n\n\n\n<p><strong>Zaur bildirib ki, tama\u015fa\u00e7\u0131lar onlar\u0131n dilind\u0259n e\u015fitm\u0259dikl\u0259ri m\u0259lumatlara inanmas\u0131nlar:<\/strong><\/p>\n\n\n\n<p>\u201cHara gedirik? Bunu kim \u00f6z\u00fcnd\u0259n \u00e7\u0131xar\u0131b? Adam fikirl\u0259\u015fir ki, m\u00fc\u011f\u0259nni d\u0259 deyilik ki, bel\u0259 deyib, toylar\u0131n qar\u015f\u0131s\u0131n\u0131 als\u0131nlar. C\u0259f\u0259ng \u015feyl\u0259ri nec\u0259 uydururlar? \u0130ki il \u0259vv\u0259l d\u0259 bel\u0259 bir x\u0259b\u0259r \u00e7\u0131xm\u0131\u015fd\u0131, ATV d\u0259 yalanlam\u0131\u015fd\u0131. \u00d6z\u00fcn\u0259 pe\u015f\u0259kar dey\u0259n adamlar da bunu el\u0259 b\u0259h-b\u0259hl\u0259 dan\u0131\u015f\u0131rlar ki&#8230;<\/p>\n\n\n\n<p>Yanl\u0131\u015f m\u0259lumat yaymaqla biz\u0259 n\u0259 etm\u0259k ist\u0259yirsiniz? Biz he\u00e7 yer\u0259 getmirik, V\u0259t\u0259nimizi sevirik. G\u0259zm\u0259k \u00fc\u00e7\u00fcn gedib qay\u0131d\u0131r\u0131q, onsuz da sezon bit\u0259nd\u0259 ham\u0131 gedir. Bunu kim yay\u0131rsa, yanl\u0131\u015fd\u0131r. N\u0259 olsa, bizd\u0259n e\u015fid\u0259 bil\u0259rsiniz\u201d.<\/p>\n","protected":false},"excerpt":{"rendered":"<p>Apar\u0131c\u0131lar Zaur v\u0259 G\u00fcnay Bax\u015f\u0259liyevl\u0259r \u00f6lk\u0259d\u0259n k\u00f6\u00e7m\u0259l\u0259ri il\u0259 ba\u011fl\u0131 yay\u0131lan iddialara cavab verib. Onlar bu bar\u0259d\u0259 \u201cZaurla G\u00fcnayd\u0131n\u201d verili\u015find\u0259 dan\u0131\u015f\u0131b. Zaur bildirib ki, tama\u015fa\u00e7\u0131lar onlar\u0131n dilind\u0259n e\u015fitm\u0259dikl\u0259ri m\u0259lumatlara inanmas\u0131nlar: \u201cHara gedirik? Bunu kim \u00f6z\u00fcnd\u0259n \u00e7\u0131xar\u0131b? Adam fikirl\u0259\u015fir ki, m\u00fc\u011f\u0259nni d\u0259 deyilik ki, bel\u0259 deyib, toylar\u0131n qar\u015f\u0131s\u0131n\u0131 als\u0131nlar. C\u0259f\u0259ng \u015feyl\u0259ri nec\u0259 uydururlar? \u0130ki il \u0259vv\u0259l d\u0259 &hellip;<\/p>\n","protected":false},"author":1,"featured_media":19168,"comment_status":"open","ping_status":"closed","sticky":false,"template":"","format":"standard","meta":{"footnotes":""},"categories":[1],"tags":[],"class_list":["post-19167","post","type-post","status-publish","format-standard","has-post-thumbnail","hentry","category-idman"],"_links":{"self":[{"href":"https:\/\/millitv.net\/index.php?rest_route=\/wp\/v2\/posts\/19167","targetHints":{"allow":["GET"]}}],"collection":[{"href":"https:\/\/millitv.net\/index.php?rest_route=\/wp\/v2\/posts"}],"about":[{"href":"https:\/\/millitv.net\/index.php?rest_route=\/wp\/v2\/types\/post"}],"author":[{"embeddable":true,"href":"https:\/\/millitv.net\/index.php?rest_route=\/wp\/v2\/users\/1"}],"replies":[{"embeddable":true,"href":"https:\/\/millitv.net\/index.php?rest_route=%2Fwp%2Fv2%2Fcomments&post=19167"}],"version-history":[{"count":1,"href":"https:\/\/millitv.net\/index.php?rest_route=\/wp\/v2\/posts\/19167\/revisions"}],"predecessor-version":[{"id":19170,"href":"https:\/\/millitv.net\/index.php?rest_route=\/wp\/v2\/posts\/19167\/revisions\/19170"}],"wp:featuredmedia":[{"embeddable":true,"href":"https:\/\/millitv.net\/index.php?rest_route=\/wp\/v2\/media\/19168"}],"wp:attachment":[{"href":"https:\/\/millitv.net\/index.php?rest_route=%2Fwp%2Fv2%2Fmedia&parent=19167"}],"wp:term":[{"taxonomy":"category","embeddable":true,"href":"https:\/\/millitv.net\/index.php?rest_route=%2Fwp%2Fv2%2Fcategories&post=19167"},{"taxonomy":"post_tag","embeddable":true,"href":"https:\/\/millitv.net\/index.php?rest_route=%2Fwp%2Fv2%2Ftags&post=19167"}],"curies":[{"name":"wp","href":"https:\/\/api.w.org\/{rel}","templated":true}]}}