{"id":1911,"date":"2023-10-15T07:23:27","date_gmt":"2023-10-15T07:23:27","guid":{"rendered":"https:\/\/millinews.az\/xeber\/oxu-az-az%C9%99rbaycan-alban-udi-xristian-dini-icmasinin-uzvl%C9%99ri-lacin-rayonunda-olublar\/"},"modified":"2023-10-15T07:23:27","modified_gmt":"2023-10-15T07:23:27","slug":"oxu-az-az%C9%99rbaycan-alban-udi-xristian-dini-icmasinin-uzvl%C9%99ri-lacin-rayonunda-olublar","status":"publish","type":"post","link":"https:\/\/millitv.net\/?p=1911","title":{"rendered":"Millinews.az &#8211; Az\u0259rbaycan Alban-Udi xristian dini icmas\u0131n\u0131n \u00fczvl\u0259ri La\u00e7\u0131n rayonunda olublar"},"content":{"rendered":"<p><img decoding=\"async\" src=\"https:\/\/cdn.oxu.az\/uploads\/W1siZiIsIjIwMjMvMTAvMTUvMTAvMjYvNTAvN2E2YzUyYzUtYjg5Ni00NjNmLTlhMjMtMzhmZDY2ZTk5NGU4L0ZvdG9KZXQgKDEpLmpwZyJdLFsicCIsImVuY29kZSIsImpwZyIsIi1xdWFsaXR5IDgwIl0sWyJwIiwidGh1bWIiLCI2MjB4NDY1XHUwMDNlIl1d?sha=8aadb6d04f5570fb\" alt=\"\" title=\"\"><\/p>\n<div><a class=\"subs-in-social subs-whatsapp\" href=\"https:\/\/whatsapp.com\/channel\/0029VaAakbx89ingOoeiTp40\" target=\"_blank\" rel=\"noopener\"><\/p>\n<p>Bizim WhatsApp kanal\u0131m\u0131za buradan abun\u0259 ola bil\u0259rsiniz<\/p>\n<p><\/a><\/p>\n<p>&#8220;14-15 oktyabr 2023-ci il tarixind\u0259 Az\u0259rbaycan Alban-Udi xristian dini icmas\u0131n\u0131n \u00fczvl\u0259rinin La\u00e7\u0131n rayonunun Kosalar k\u0259ndind\u0259 yerl\u0259\u015f\u0259n A\u011fo\u011flan Alban Monast\u0131ra ziyar\u0259t edibl\u0259r&#8221;.<\/p>\n<p><strong>Oxu.Az<\/strong> x\u0259b\u0259r verir ki, bu bar\u0259d\u0259 Alban-udi xristian dini icmas\u0131n\u0131n s\u0259dri Robert Mobili &#8220;Facebook&#8221; sosial \u015f\u0259b\u0259k\u0259sind\u0259ki hesab\u0131nda payla\u015f\u0131m edib.<\/p>\n<p>&#8220;\u015e\u0259hidl\u0259rinin v\u0259 c\u0259mi \u015f\u0259hidl\u0259rimizin ruhlar\u0131na \u015famlar yand\u0131rl\u0131b v\u0259 dualar edildi. Allah c\u0259mi \u015f\u0259hidl\u0259rimiz\u0259 r\u0259hm\u0259t el\u0259sin!&#8221;, &#8211; payla\u015f\u0131mda qeyd olunub.<\/p>\n<\/div>\n","protected":false},"excerpt":{"rendered":"<p>Bizim WhatsApp kanal\u0131m\u0131za buradan abun\u0259 ola bil\u0259rsiniz &#8220;14-15 oktyabr 2023-ci il tarixind\u0259 Az\u0259rbaycan Alban-Udi xristian dini icmas\u0131n\u0131n \u00fczvl\u0259rinin La\u00e7\u0131n rayonunun Kosalar k\u0259ndind\u0259 yerl\u0259\u015f\u0259n A\u011fo\u011flan Alban Monast\u0131ra ziyar\u0259t edibl\u0259r&#8221;. Oxu.Az x\u0259b\u0259r verir ki, bu bar\u0259d\u0259 Alban-udi xristian dini icmas\u0131n\u0131n s\u0259dri Robert Mobili &#8220;Facebook&#8221; sosial \u015f\u0259b\u0259k\u0259sind\u0259ki hesab\u0131nda payla\u015f\u0131m edib. &#8220;\u015e\u0259hidl\u0259rinin v\u0259 c\u0259mi \u015f\u0259hidl\u0259rimizin ruhlar\u0131na \u015famlar yand\u0131rl\u0131b v\u0259 &hellip;<\/p>\n","protected":false},"author":1,"featured_media":1912,"comment_status":"open","ping_status":"closed","sticky":false,"template":"","format":"standard","meta":{"footnotes":""},"categories":[9],"tags":[],"class_list":["post-1911","post","type-post","status-publish","format-standard","has-post-thumbnail","hentry","category-xeber"],"_links":{"self":[{"href":"https:\/\/millitv.net\/index.php?rest_route=\/wp\/v2\/posts\/1911","targetHints":{"allow":["GET"]}}],"collection":[{"href":"https:\/\/millitv.net\/index.php?rest_route=\/wp\/v2\/posts"}],"about":[{"href":"https:\/\/millitv.net\/index.php?rest_route=\/wp\/v2\/types\/post"}],"author":[{"embeddable":true,"href":"https:\/\/millitv.net\/index.php?rest_route=\/wp\/v2\/users\/1"}],"replies":[{"embeddable":true,"href":"https:\/\/millitv.net\/index.php?rest_route=%2Fwp%2Fv2%2Fcomments&post=1911"}],"version-history":[{"count":0,"href":"https:\/\/millitv.net\/index.php?rest_route=\/wp\/v2\/posts\/1911\/revisions"}],"wp:featuredmedia":[{"embeddable":true,"href":"https:\/\/millitv.net\/index.php?rest_route=\/wp\/v2\/media\/1912"}],"wp:attachment":[{"href":"https:\/\/millitv.net\/index.php?rest_route=%2Fwp%2Fv2%2Fmedia&parent=1911"}],"wp:term":[{"taxonomy":"category","embeddable":true,"href":"https:\/\/millitv.net\/index.php?rest_route=%2Fwp%2Fv2%2Fcategories&post=1911"},{"taxonomy":"post_tag","embeddable":true,"href":"https:\/\/millitv.net\/index.php?rest_route=%2Fwp%2Fv2%2Ftags&post=1911"}],"curies":[{"name":"wp","href":"https:\/\/api.w.org\/{rel}","templated":true}]}}