{"id":19077,"date":"2025-05-22T09:03:33","date_gmt":"2025-05-22T09:03:33","guid":{"rendered":"https:\/\/millitv.net\/?p=19077"},"modified":"2025-05-22T09:04:00","modified_gmt":"2025-05-22T09:04:00","slug":"novb%C9%99ti-h%C9%99d%C9%99fim-olimpiya-cempionu-olmaqdir-emin%C9%99-eliyeva","status":"publish","type":"post","link":"https:\/\/millitv.net\/?p=19077","title":{"rendered":"&#8220;N\u00f6vb\u0259ti h\u0259d\u0259fim Olimpiya \u00e7empionu olmaqd\u0131r&#8221; &#8211; \u018fmin\u0259 \u018fliyeva\u00a0"},"content":{"rendered":"\n<p><strong>X\u0259b\u0259r&nbsp;verdiyimiz kimi, \u0130taliyan\u0131n Peruca \u015f\u0259h\u0259rind\u0259 ke\u00e7iril\u0259n d\u00fcnya \u00e7empionat\u0131nda y\u00fcks\u0259k n\u0259tic\u0259l\u0259r \u0259ld\u0259 ed\u0259n kunq-fu \u00fczr\u0259 Az\u0259rbaycan millisinin \u00fczvl\u0259ri V\u0259t\u0259n\u0259 qay\u0131d\u0131blar. Onlar\u0131 Heyd\u0259r \u018fliyev Beyn\u0259lxalq Aeroportunda media m\u0259nsublar\u0131, azarke\u015fl\u0259r v\u0259 idman\u00e7\u0131lar\u0131n yax\u0131nlar\u0131 qar\u015f\u0131lay\u0131blar.<\/strong><\/p>\n\n\n\n<p>Kunq-fu \u00fczr\u0259 Az\u0259rbaycan millisinin t\u0259rkibind\u0259 d\u00fcnya \u00e7empionu olan \u018fmin\u0259 \u018fliyeva bildirib ki, \u0130taliyan\u0131n Peruca \u015f\u0259h\u0259rind\u0259 ke\u00e7iril\u0259n yar\u0131\u015fda q\u0131z\u0131l medal qazanmaq onun \u00fc\u00e7\u00fcn el\u0259 d\u0259 asan olmay\u0131b.<\/p>\n\n\n\n<p>&#8220;\u0130ki ild\u0259n sonra Olimpiya Oyunlar\u0131 olacaq. Orada yax\u015f\u0131 \u00e7\u0131x\u0131\u015f ed\u0259c\u0259yim\u0259 \u00fcmid edir\u0259m&#8221;.<\/p>\n\n\n\n<p>Qeyd ed\u0259k ki, \u018fmin\u0259 \u018fliyeva Az\u0259rbaycan Respublikas\u0131n\u0131n Prezidenti \u0130lham \u018fliyevin n\u0259v\u0259sidir. O, Leyla \u018fliyeva v\u0259 Emin A\u011falarovun \u00f6vlad\u0131d\u0131r.<\/p>\n\n\n\n<figure class=\"wp-block-image\"><img decoding=\"async\" src=\"https:\/\/kanal.az\/uploads\/image\/original\/2025-05\/682eaf75d04c0202505250037.jpg\" alt=\"\" title=\"\"><\/figure>\n","protected":false},"excerpt":{"rendered":"<p>X\u0259b\u0259r&nbsp;verdiyimiz kimi, \u0130taliyan\u0131n Peruca \u015f\u0259h\u0259rind\u0259 ke\u00e7iril\u0259n d\u00fcnya \u00e7empionat\u0131nda y\u00fcks\u0259k n\u0259tic\u0259l\u0259r \u0259ld\u0259 ed\u0259n kunq-fu \u00fczr\u0259 Az\u0259rbaycan millisinin \u00fczvl\u0259ri V\u0259t\u0259n\u0259 qay\u0131d\u0131blar. Onlar\u0131 Heyd\u0259r \u018fliyev Beyn\u0259lxalq Aeroportunda media m\u0259nsublar\u0131, azarke\u015fl\u0259r v\u0259 idman\u00e7\u0131lar\u0131n yax\u0131nlar\u0131 qar\u015f\u0131lay\u0131blar. Kunq-fu \u00fczr\u0259 Az\u0259rbaycan millisinin t\u0259rkibind\u0259 d\u00fcnya \u00e7empionu olan \u018fmin\u0259 \u018fliyeva bildirib ki, \u0130taliyan\u0131n Peruca \u015f\u0259h\u0259rind\u0259 ke\u00e7iril\u0259n yar\u0131\u015fda q\u0131z\u0131l medal qazanmaq onun \u00fc\u00e7\u00fcn el\u0259 d\u0259 &hellip;<\/p>\n","protected":false},"author":1,"featured_media":19078,"comment_status":"open","ping_status":"closed","sticky":false,"template":"","format":"standard","meta":{"footnotes":""},"categories":[1],"tags":[],"class_list":["post-19077","post","type-post","status-publish","format-standard","has-post-thumbnail","hentry","category-idman"],"_links":{"self":[{"href":"https:\/\/millitv.net\/index.php?rest_route=\/wp\/v2\/posts\/19077","targetHints":{"allow":["GET"]}}],"collection":[{"href":"https:\/\/millitv.net\/index.php?rest_route=\/wp\/v2\/posts"}],"about":[{"href":"https:\/\/millitv.net\/index.php?rest_route=\/wp\/v2\/types\/post"}],"author":[{"embeddable":true,"href":"https:\/\/millitv.net\/index.php?rest_route=\/wp\/v2\/users\/1"}],"replies":[{"embeddable":true,"href":"https:\/\/millitv.net\/index.php?rest_route=%2Fwp%2Fv2%2Fcomments&post=19077"}],"version-history":[{"count":1,"href":"https:\/\/millitv.net\/index.php?rest_route=\/wp\/v2\/posts\/19077\/revisions"}],"predecessor-version":[{"id":19079,"href":"https:\/\/millitv.net\/index.php?rest_route=\/wp\/v2\/posts\/19077\/revisions\/19079"}],"wp:featuredmedia":[{"embeddable":true,"href":"https:\/\/millitv.net\/index.php?rest_route=\/wp\/v2\/media\/19078"}],"wp:attachment":[{"href":"https:\/\/millitv.net\/index.php?rest_route=%2Fwp%2Fv2%2Fmedia&parent=19077"}],"wp:term":[{"taxonomy":"category","embeddable":true,"href":"https:\/\/millitv.net\/index.php?rest_route=%2Fwp%2Fv2%2Fcategories&post=19077"},{"taxonomy":"post_tag","embeddable":true,"href":"https:\/\/millitv.net\/index.php?rest_route=%2Fwp%2Fv2%2Ftags&post=19077"}],"curies":[{"name":"wp","href":"https:\/\/api.w.org\/{rel}","templated":true}]}}