{"id":1899,"date":"2023-10-15T06:03:47","date_gmt":"2023-10-15T06:03:47","guid":{"rendered":"https:\/\/millinews.az\/xeber\/israil-hemas-in-yuks%C9%99k-rutb%C9%99li-zabitini-m%C9%99hv-edib\/"},"modified":"2023-10-15T06:03:47","modified_gmt":"2023-10-15T06:03:47","slug":"israil-hemas-in-yuks%C9%99k-rutb%C9%99li-zabitini-m%C9%99hv-edib","status":"publish","type":"post","link":"https:\/\/millitv.net\/?p=1899","title":{"rendered":"\u0130srail H\u018fMAS-\u0131n y\u00fcks\u0259k r\u00fctb\u0259li zabitini m\u0259hv edib"},"content":{"rendered":"<p><img decoding=\"async\" src=\"https:\/\/cdn.oxu.az\/uploads\/W1siZiIsIjIwMjMvMTAvMTUvMDkvMjgvMzcvNmRjYjkxNWMtNzliMS00MjliLTk4NDctMjM2Y2EwZjAzMzg2LzYxODBhY2MwLTA5ZWItMzcxYi05ZWU2LTFiNTI3OTZiMTNjY184NTAuanBnIl0sWyJwIiwiZW5jb2RlIiwianBnIiwiLXF1YWxpdHkgODAiXSxbInAiLCJ0aHVtYiIsIjYyMHg0NjVcdTAwM2UiXV0?sha=b3ce2d4a8f14df5b\" alt=\"\" title=\"\"><\/p>\n<div><a class=\"subs-in-social subs-whatsapp\" href=\"https:\/\/whatsapp.com\/channel\/0029VaAakbx89ingOoeiTp40\" target=\"_blank\" rel=\"noopener\"><\/p>\n<p>Bizim WhatsApp kanal\u0131m\u0131za buradan abun\u0259 ola bil\u0259rsiniz<\/p>\n<p><\/a><\/p>\n<p>\u0130srail h\u0259rb\u00e7il\u0259ri F\u0259l\u0259stinin H\u018fMAS radikal qrupla\u015fmas\u0131n\u0131n x\u00fcsusi t\u0259yinatl\u0131 d\u0259st\u0259sinin komandirl\u0259rind\u0259n birini \u00f6ld\u00fcr\u00fcb.<\/p>\n<p>Bu bar\u0259d\u0259 \u0130srail M\u00fcdafi\u0259 Q\u00fcvv\u0259l\u0259ri v\u0259 Ba\u015f T\u0259hl\u00fck\u0259sizlik Xidm\u0259tinin birg\u0259 b\u0259yanat\u0131nda deyilir.<\/p>\n<p>\u201c\u0130srail M\u00fcdafi\u0259 Q\u00fcvv\u0259l\u0259ri v\u0259 Ba\u015f T\u0259hl\u00fck\u0259sizlik Xidm\u0259tinin k\u0259\u015ffiyyat m\u0259lumatlar\u0131na g\u00f6r\u0259, Q\u0259zza zola\u011f\u0131nda H\u018fMAS-\u0131n \u201cNuxba\u201d adl\u0131 x\u00fcsusi t\u0259yinatl\u0131lar\u0131n\u0131n b\u00f6l\u00fck komandirl\u0259rind\u0259n biri Bilal \u018fl-Kedran\u0131 z\u0259r\u0259rsizl\u0259\u015fdirilib. O, kibbutz Nirim\u0259 terror h\u00fccumuna r\u0259hb\u0259rlik edib\u201d, &#8211; m\u0259lumatda bildirilir.<\/p>\n<p>Qeyd olunub ki, h\u0259m\u00e7inin hava h\u00fccumu zaman\u0131 H\u018fMAS v\u0259 F\u0259l\u0259stinin radikal \u201c\u0130slami Cihad\u201d h\u0259r\u0259kat\u0131n\u0131n dig\u0259r yaraql\u0131lar\u0131 da \u00f6ld\u00fcr\u00fcl\u00fcb.<\/p>\n<\/div>\n","protected":false},"excerpt":{"rendered":"<p>Bizim WhatsApp kanal\u0131m\u0131za buradan abun\u0259 ola bil\u0259rsiniz \u0130srail h\u0259rb\u00e7il\u0259ri F\u0259l\u0259stinin H\u018fMAS radikal qrupla\u015fmas\u0131n\u0131n x\u00fcsusi t\u0259yinatl\u0131 d\u0259st\u0259sinin komandirl\u0259rind\u0259n birini \u00f6ld\u00fcr\u00fcb. Bu bar\u0259d\u0259 \u0130srail M\u00fcdafi\u0259 Q\u00fcvv\u0259l\u0259ri v\u0259 Ba\u015f T\u0259hl\u00fck\u0259sizlik Xidm\u0259tinin birg\u0259 b\u0259yanat\u0131nda deyilir. \u201c\u0130srail M\u00fcdafi\u0259 Q\u00fcvv\u0259l\u0259ri v\u0259 Ba\u015f T\u0259hl\u00fck\u0259sizlik Xidm\u0259tinin k\u0259\u015ffiyyat m\u0259lumatlar\u0131na g\u00f6r\u0259, Q\u0259zza zola\u011f\u0131nda H\u018fMAS-\u0131n \u201cNuxba\u201d adl\u0131 x\u00fcsusi t\u0259yinatl\u0131lar\u0131n\u0131n b\u00f6l\u00fck komandirl\u0259rind\u0259n biri Bilal \u018fl-Kedran\u0131 z\u0259r\u0259rsizl\u0259\u015fdirilib. O, &hellip;<\/p>\n","protected":false},"author":1,"featured_media":1900,"comment_status":"open","ping_status":"closed","sticky":false,"template":"","format":"standard","meta":{"footnotes":""},"categories":[9],"tags":[],"class_list":["post-1899","post","type-post","status-publish","format-standard","has-post-thumbnail","hentry","category-xeber"],"_links":{"self":[{"href":"https:\/\/millitv.net\/index.php?rest_route=\/wp\/v2\/posts\/1899","targetHints":{"allow":["GET"]}}],"collection":[{"href":"https:\/\/millitv.net\/index.php?rest_route=\/wp\/v2\/posts"}],"about":[{"href":"https:\/\/millitv.net\/index.php?rest_route=\/wp\/v2\/types\/post"}],"author":[{"embeddable":true,"href":"https:\/\/millitv.net\/index.php?rest_route=\/wp\/v2\/users\/1"}],"replies":[{"embeddable":true,"href":"https:\/\/millitv.net\/index.php?rest_route=%2Fwp%2Fv2%2Fcomments&post=1899"}],"version-history":[{"count":0,"href":"https:\/\/millitv.net\/index.php?rest_route=\/wp\/v2\/posts\/1899\/revisions"}],"wp:featuredmedia":[{"embeddable":true,"href":"https:\/\/millitv.net\/index.php?rest_route=\/wp\/v2\/media\/1900"}],"wp:attachment":[{"href":"https:\/\/millitv.net\/index.php?rest_route=%2Fwp%2Fv2%2Fmedia&parent=1899"}],"wp:term":[{"taxonomy":"category","embeddable":true,"href":"https:\/\/millitv.net\/index.php?rest_route=%2Fwp%2Fv2%2Fcategories&post=1899"},{"taxonomy":"post_tag","embeddable":true,"href":"https:\/\/millitv.net\/index.php?rest_route=%2Fwp%2Fv2%2Ftags&post=1899"}],"curies":[{"name":"wp","href":"https:\/\/api.w.org\/{rel}","templated":true}]}}