{"id":18987,"date":"2025-05-08T15:48:13","date_gmt":"2025-05-08T15:48:13","guid":{"rendered":"https:\/\/millitv.net\/?p=18987"},"modified":"2025-05-08T15:48:14","modified_gmt":"2025-05-08T15:48:14","slug":"huseynin-rusiyada-yasayan-qardasi-ortaya-cixdi","status":"publish","type":"post","link":"https:\/\/millitv.net\/?p=18987","title":{"rendered":"H\u00fcseynin Rusiyada ya\u015fayan qarda\u015f\u0131 ortaya \u00e7\u0131xd\u0131"},"content":{"rendered":"\n<p><strong>Klarnet ifa\u00e7\u0131s\u0131 H\u00fcseyn M\u0259h\u0259mm\u0259do\u011flunun Rusiyada ya\u015fayan qarda\u015f\u0131 ortaya \u00e7\u0131x\u0131b.<\/strong><\/p>\n\n\n\n<p>Musiqi\u00e7i qarda\u015f\u0131n\u0131n ad\u0131n\u0131n P\u0259rviz oldu\u011funu deyib. H\u00fcseyn bildirib ki, bunu he\u00e7 kim bilmir:<\/p>\n\n\n\n<p>&#8220;Birc\u0259 ail\u0259m bilir. Rok ifa\u00e7\u0131s\u0131d\u0131r. Orada Stas ad\u0131nda tan\u0131n\u0131r. Atam\u0131n birinci ail\u0259sind\u0259n olan \u00f6vlad\u0131d\u0131r. Dan\u0131\u015f\u0131r\u0131q, bayramlarda m\u0259ni t\u0259brik edir. Onu tapanda o q\u0259d\u0259r a\u011flad\u0131m ki&#8230; Onu 7 il \u0259vv\u0259l tapd\u0131m. Sonuncu d\u0259f\u0259 1990-c\u0131 ild\u0259 g\u00f6rm\u00fc\u015fd\u00fcm. Az\u0259rbaycana g\u0259lmi\u015fdi, 1 il bizd\u0259 qald\u0131. Sonra getdi. Onu axtar\u0131rd\u0131m v\u0259 sosial \u015f\u0259b\u0259k\u0259d\u0259n tapd\u0131m&#8221;.<\/p>\n\n\n\n<p>P\u0259rviz &#8220;G\u00fcnayd\u0131n, Az\u0259rbaycan&#8221; verili\u015fin\u0259 telefonla z\u0259ng edib.(Ax\u015fam.az)<\/p>\n\n\n\n<p><a href=\"https:\/\/ok.ru\/videoembed\/9713574480596?nochat=1\" target=\"_blank\" rel=\"noopener\">https:\/\/ok.ru\/videoembed\/9713574480596?nochat=1<\/a><\/p>\n","protected":false},"excerpt":{"rendered":"<p>Klarnet ifa\u00e7\u0131s\u0131 H\u00fcseyn M\u0259h\u0259mm\u0259do\u011flunun Rusiyada ya\u015fayan qarda\u015f\u0131 ortaya \u00e7\u0131x\u0131b. Musiqi\u00e7i qarda\u015f\u0131n\u0131n ad\u0131n\u0131n P\u0259rviz oldu\u011funu deyib. H\u00fcseyn bildirib ki, bunu he\u00e7 kim bilmir: &#8220;Birc\u0259 ail\u0259m bilir. Rok ifa\u00e7\u0131s\u0131d\u0131r. Orada Stas ad\u0131nda tan\u0131n\u0131r. Atam\u0131n birinci ail\u0259sind\u0259n olan \u00f6vlad\u0131d\u0131r. Dan\u0131\u015f\u0131r\u0131q, bayramlarda m\u0259ni t\u0259brik edir. Onu tapanda o q\u0259d\u0259r a\u011flad\u0131m ki&#8230; Onu 7 il \u0259vv\u0259l tapd\u0131m. Sonuncu d\u0259f\u0259 1990-c\u0131 &hellip;<\/p>\n","protected":false},"author":1,"featured_media":18988,"comment_status":"open","ping_status":"closed","sticky":false,"template":"","format":"standard","meta":{"footnotes":""},"categories":[1],"tags":[],"class_list":["post-18987","post","type-post","status-publish","format-standard","has-post-thumbnail","hentry","category-idman"],"_links":{"self":[{"href":"https:\/\/millitv.net\/index.php?rest_route=\/wp\/v2\/posts\/18987","targetHints":{"allow":["GET"]}}],"collection":[{"href":"https:\/\/millitv.net\/index.php?rest_route=\/wp\/v2\/posts"}],"about":[{"href":"https:\/\/millitv.net\/index.php?rest_route=\/wp\/v2\/types\/post"}],"author":[{"embeddable":true,"href":"https:\/\/millitv.net\/index.php?rest_route=\/wp\/v2\/users\/1"}],"replies":[{"embeddable":true,"href":"https:\/\/millitv.net\/index.php?rest_route=%2Fwp%2Fv2%2Fcomments&post=18987"}],"version-history":[{"count":1,"href":"https:\/\/millitv.net\/index.php?rest_route=\/wp\/v2\/posts\/18987\/revisions"}],"predecessor-version":[{"id":18989,"href":"https:\/\/millitv.net\/index.php?rest_route=\/wp\/v2\/posts\/18987\/revisions\/18989"}],"wp:featuredmedia":[{"embeddable":true,"href":"https:\/\/millitv.net\/index.php?rest_route=\/wp\/v2\/media\/18988"}],"wp:attachment":[{"href":"https:\/\/millitv.net\/index.php?rest_route=%2Fwp%2Fv2%2Fmedia&parent=18987"}],"wp:term":[{"taxonomy":"category","embeddable":true,"href":"https:\/\/millitv.net\/index.php?rest_route=%2Fwp%2Fv2%2Fcategories&post=18987"},{"taxonomy":"post_tag","embeddable":true,"href":"https:\/\/millitv.net\/index.php?rest_route=%2Fwp%2Fv2%2Ftags&post=18987"}],"curies":[{"name":"wp","href":"https:\/\/api.w.org\/{rel}","templated":true}]}}