{"id":18963,"date":"2025-05-08T15:38:43","date_gmt":"2025-05-08T15:38:43","guid":{"rendered":"https:\/\/millitv.net\/?p=18963"},"modified":"2025-05-08T15:38:44","modified_gmt":"2025-05-08T15:38:44","slug":"orxan-lokbatanlini-yaxsi-ki-heyd%C9%99r-eliyev-sarayina-buraxmayiblar","status":"publish","type":"post","link":"https:\/\/millitv.net\/?p=18963","title":{"rendered":"&#8220;Orxan L\u00f6kbatanl\u0131n\u0131 yax\u015f\u0131 ki, Heyd\u0259r \u018fliyev Saray\u0131na buraxmay\u0131blar&#8221;"},"content":{"rendered":"\n<p>Meyxana\u00e7\u0131 V\u00fcqar \u018fbd\u00fclov h\u0259mkar\u0131 Orxan L\u00f6kbatanl\u0131n\u0131n Heyd\u0259r \u018fliyev Saray\u0131nda konsert verm\u0259k ist\u0259yind\u0259n dan\u0131\u015f\u0131b.<\/p>\n\n\n\n<p>\u0130fa\u00e7\u0131 bu haqda &#8220;P\u0259rviz\u0259 g\u00f6r\u0259&#8221; verili\u015find\u0259 dan\u0131\u015f\u0131b. O bildirib ki, bu m\u0259kanda konsert \u00fc\u00e7\u00fcn pe\u015f\u0259karl\u0131q laz\u0131md\u0131r:<\/p>\n\n\n\n<p>&#8220;S\u00f6hb\u0259t Heyd\u0259r \u018fliyev Saray\u0131nda gedirs\u0259, orada r\u0259hb\u0259r \u0130lham Qas\u0131movdur. Onu da \u00e7ox sevir\u0259m, b\u00f6y\u00fck adamd\u0131r. S\u0259hv etmir\u0259ms\u0259, Orxan L\u00f6kbatanl\u0131 m\u00fcraci\u0259t edib, icaz\u0259 verm\u0259yibl\u0259r. \u00c7\u00fcnki \u0130lham Qas\u0131mov bilir ki, o s\u0259hn\u0259d\u0259 haz\u0131rl\u0131qs\u0131z, m\u0259\u015fqsiz, kal, bi\u015fm\u0259mi\u015f n\u0259yis\u0259 t\u0259qdim etm\u0259k olmaz. Orada konsert verm\u0259k \u00fc\u00e7\u00fcn 3 ay haz\u0131rla\u015fd\u0131m. Ansamblla m\u0259\u015fql\u0259r etdik, ssenarini g\u00f6nd\u0259rdik. Onda da r\u0259hb\u0259ri Polad B\u00fclb\u00fclo\u011flu idi, Allah can sa\u011fl\u0131\u011f\u0131 versin. O, m\u0259ktubu g\u00f6t\u00fcrd\u00fc, sonra m\u0259ni \u00e7a\u011f\u0131rd\u0131 ki, g\u0259l, nec\u0259 olacaq? M\u0259n d\u0259 izah etdim. M\u0259qs\u0259d meyxanan\u0131 s\u0259hn\u0259d\u0259 tama\u015fa formas\u0131nda g\u00f6st\u0259rm\u0259k idi. R\u0259qsl\u0259ri d\u0259 birinci d\u0259f\u0259 orada t\u0259qdim etmi\u015fdik. \u018fdal\u0259t \u015e\u00fck\u00fcrov, R\u00f6ya Ayxanla duetl\u0259rimiz var idi. Bunlar\u0131n ham\u0131s\u0131n\u0131 m\u0259\u015fql\u0259rl\u0259 g\u00f6st\u0259r\u0259nd\u0259n sonra icaz\u0259 verdil\u0259r ki, edin. \u0130ki il ard-arda etdik. Birinci il m\u00f6hk\u0259m yoxlad\u0131lar, ikinci il yox.<br><ins><\/ins><\/p>\n\n\n\n<p>Ora \u015fadl\u0131q saray\u0131 deyil ki, ist\u0259diyin konserti ver\u0259s\u0259n. B\u00f6y\u00fck sarayd\u0131r, strateji v\u0259 d\u00f6vl\u0259t \u0259h\u0259miyy\u0259tli yerdir. \u00c7ox d\u00fczg\u00fcn edibl\u0259r, icaz\u0259 verm\u0259yibl\u0259r. Fikrimc\u0259, gedib m\u00fcraci\u0259t ets\u0259m, \u0259limd\u0259ki ssenari il\u0259 pe\u015f\u0259kar \u015f\u0259kild\u0259 t\u0259qdim ets\u0259m, ba\u015fqa s\u0259b\u0259b yoxdursa, etiraz etm\u0259zl\u0259r. Orxan da bel\u0259 yana\u015fmal\u0131 idi, 2-8 n\u0259f\u0259r ansamblla oxumaqla sarayda konsert ed\u0259 bilm\u0259zs\u0259n. Bu, restoranda, ya da ba\u015fqa b\u00f6y\u00fck m\u0259kanlarda olar, amma sarayda yox. Yax\u015f\u0131 ki, buraxmay\u0131blar. Orxan ora gets\u0259, o biri dey\u0259c\u0259k ki, Orxandan n\u0259yim \u0259skikdir, m\u0259n d\u0259 gedim&#8230; Y\u0259qin ki, pe\u015f\u0259kar olmayan m\u00fc\u011f\u0259nnil\u0259r d\u0259 m\u00fcraci\u0259t edibl\u0259r\u201d.<\/p>\n\n\n\n<figure class=\"wp-block-embed is-type-rich is-provider-g-mme-tutucu wp-block-embed-g-mme-tutucu wp-embed-aspect-16-9 wp-has-aspect-ratio\"><div class=\"wp-block-embed__wrapper\">\n<iframe loading=\"lazy\" title=\"P\u0259rviz\u0259 g\u00f6r\u0259 | V\u00fcqar \u018fbd\u00fclov | Orxan L\u00f6kbatanl\u0131ya Heyd\u0259r \u018fliyev Saray\u0131nda konsert\u0259 icaz\u0259 verm\u0259dil\u0259r\" width=\"500\" height=\"281\" src=\"https:\/\/www.youtube.com\/embed\/UbJNkhgzVrs?feature=oembed\" frameborder=\"0\" allow=\"accelerometer; autoplay; clipboard-write; encrypted-media; gyroscope; picture-in-picture; web-share\" referrerpolicy=\"strict-origin-when-cross-origin\" allowfullscreen><\/iframe>\n<\/div><\/figure>\n","protected":false},"excerpt":{"rendered":"<p>Meyxana\u00e7\u0131 V\u00fcqar \u018fbd\u00fclov h\u0259mkar\u0131 Orxan L\u00f6kbatanl\u0131n\u0131n Heyd\u0259r \u018fliyev Saray\u0131nda konsert verm\u0259k ist\u0259yind\u0259n dan\u0131\u015f\u0131b. \u0130fa\u00e7\u0131 bu haqda &#8220;P\u0259rviz\u0259 g\u00f6r\u0259&#8221; verili\u015find\u0259 dan\u0131\u015f\u0131b. O bildirib ki, bu m\u0259kanda konsert \u00fc\u00e7\u00fcn pe\u015f\u0259karl\u0131q laz\u0131md\u0131r: &#8220;S\u00f6hb\u0259t Heyd\u0259r \u018fliyev Saray\u0131nda gedirs\u0259, orada r\u0259hb\u0259r \u0130lham Qas\u0131movdur. Onu da \u00e7ox sevir\u0259m, b\u00f6y\u00fck adamd\u0131r. S\u0259hv etmir\u0259ms\u0259, Orxan L\u00f6kbatanl\u0131 m\u00fcraci\u0259t edib, icaz\u0259 verm\u0259yibl\u0259r. \u00c7\u00fcnki \u0130lham Qas\u0131mov &hellip;<\/p>\n","protected":false},"author":1,"featured_media":18964,"comment_status":"open","ping_status":"closed","sticky":false,"template":"","format":"standard","meta":{"footnotes":""},"categories":[1],"tags":[],"class_list":["post-18963","post","type-post","status-publish","format-standard","has-post-thumbnail","hentry","category-idman"],"_links":{"self":[{"href":"https:\/\/millitv.net\/index.php?rest_route=\/wp\/v2\/posts\/18963","targetHints":{"allow":["GET"]}}],"collection":[{"href":"https:\/\/millitv.net\/index.php?rest_route=\/wp\/v2\/posts"}],"about":[{"href":"https:\/\/millitv.net\/index.php?rest_route=\/wp\/v2\/types\/post"}],"author":[{"embeddable":true,"href":"https:\/\/millitv.net\/index.php?rest_route=\/wp\/v2\/users\/1"}],"replies":[{"embeddable":true,"href":"https:\/\/millitv.net\/index.php?rest_route=%2Fwp%2Fv2%2Fcomments&post=18963"}],"version-history":[{"count":1,"href":"https:\/\/millitv.net\/index.php?rest_route=\/wp\/v2\/posts\/18963\/revisions"}],"predecessor-version":[{"id":18966,"href":"https:\/\/millitv.net\/index.php?rest_route=\/wp\/v2\/posts\/18963\/revisions\/18966"}],"wp:featuredmedia":[{"embeddable":true,"href":"https:\/\/millitv.net\/index.php?rest_route=\/wp\/v2\/media\/18964"}],"wp:attachment":[{"href":"https:\/\/millitv.net\/index.php?rest_route=%2Fwp%2Fv2%2Fmedia&parent=18963"}],"wp:term":[{"taxonomy":"category","embeddable":true,"href":"https:\/\/millitv.net\/index.php?rest_route=%2Fwp%2Fv2%2Fcategories&post=18963"},{"taxonomy":"post_tag","embeddable":true,"href":"https:\/\/millitv.net\/index.php?rest_route=%2Fwp%2Fv2%2Ftags&post=18963"}],"curies":[{"name":"wp","href":"https:\/\/api.w.org\/{rel}","templated":true}]}}