{"id":18934,"date":"2025-04-21T14:37:13","date_gmt":"2025-04-21T14:37:13","guid":{"rendered":"https:\/\/millitv.net\/?p=18934"},"modified":"2025-04-21T14:37:14","modified_gmt":"2025-04-21T14:37:14","slug":"orxan-fikr%C9%99togluna-musavir-v%C9%99zif%C9%99si-verildi","status":"publish","type":"post","link":"https:\/\/millitv.net\/?p=18934","title":{"rendered":"Orxan Fikr\u0259to\u011fluna\u00a0m\u00fc\u015favir v\u0259zif\u0259si verildi"},"content":{"rendered":"\n<p><strong>M\u0259d\u0259niyy\u0259t nazirin\u0259 yeni m\u00fc\u015favir t\u0259yin olunub.<\/strong><\/p>\n\n\n\n<p>Bu bar\u0259d\u0259\u00a0M\u0259d\u0259niyy\u0259t Nazirliyind\u0259n m\u0259lumat verilib.<\/p>\n\n\n\n<p>M\u0259d\u0259niyy\u0259t naziri Adil K\u0259rimlinin m\u00fcvafiq \u0259mri il\u0259 bu v\u0259zif\u0259y\u0259 \u018fm\u0259kdar inc\u0259s\u0259n\u0259t xadimi, yaz\u0131\u00e7\u0131, publisist Orxan Fikr\u0259to\u011flu (Orxan Sad\u0131qov) t\u0259yinat al\u0131b.<\/p>\n\n\n\n<p>O, M\u0259d\u0259niyy\u0259t Nazirliyinin f\u0259aliyy\u0259t istiqam\u0259tl\u0259ri \u00fczr\u0259 bir ne\u00e7\u0259 vacib sah\u0259nin koordinasiyas\u0131n\u0131 h\u0259yata ke\u00e7ir\u0259c\u0259k.<\/p>\n\n\n\n<p>Qeyd ed\u0259k ki, Orxan Fikr\u0259to\u011flu uzun m\u00fcdd\u0259t m\u00fcxt\u0259lif media orqanlar\u0131nda v\u0259 bir s\u0131ra qurumlarda f\u0259aliyy\u0259t g\u00f6st\u0259rib. Bu t\u0259yinatad\u0259k M\u0259d\u0259niyy\u0259t Nazirliyinin tabeliyind\u0259ki Az\u0259rbaycan Respublikas\u0131 Kino Agentliyinin ba\u015f direktorun s\u0259lahiyy\u0259tl\u0259rini m\u00fcv\u0259qq\u0259ti icra edib.<\/p>\n","protected":false},"excerpt":{"rendered":"<p>M\u0259d\u0259niyy\u0259t nazirin\u0259 yeni m\u00fc\u015favir t\u0259yin olunub. Bu bar\u0259d\u0259\u00a0M\u0259d\u0259niyy\u0259t Nazirliyind\u0259n m\u0259lumat verilib. M\u0259d\u0259niyy\u0259t naziri Adil K\u0259rimlinin m\u00fcvafiq \u0259mri il\u0259 bu v\u0259zif\u0259y\u0259 \u018fm\u0259kdar inc\u0259s\u0259n\u0259t xadimi, yaz\u0131\u00e7\u0131, publisist Orxan Fikr\u0259to\u011flu (Orxan Sad\u0131qov) t\u0259yinat al\u0131b. O, M\u0259d\u0259niyy\u0259t Nazirliyinin f\u0259aliyy\u0259t istiqam\u0259tl\u0259ri \u00fczr\u0259 bir ne\u00e7\u0259 vacib sah\u0259nin koordinasiyas\u0131n\u0131 h\u0259yata ke\u00e7ir\u0259c\u0259k. Qeyd ed\u0259k ki, Orxan Fikr\u0259to\u011flu uzun m\u00fcdd\u0259t m\u00fcxt\u0259lif media orqanlar\u0131nda v\u0259 &hellip;<\/p>\n","protected":false},"author":1,"featured_media":18935,"comment_status":"open","ping_status":"closed","sticky":false,"template":"","format":"standard","meta":{"footnotes":""},"categories":[1],"tags":[],"class_list":["post-18934","post","type-post","status-publish","format-standard","has-post-thumbnail","hentry","category-idman"],"_links":{"self":[{"href":"https:\/\/millitv.net\/index.php?rest_route=\/wp\/v2\/posts\/18934","targetHints":{"allow":["GET"]}}],"collection":[{"href":"https:\/\/millitv.net\/index.php?rest_route=\/wp\/v2\/posts"}],"about":[{"href":"https:\/\/millitv.net\/index.php?rest_route=\/wp\/v2\/types\/post"}],"author":[{"embeddable":true,"href":"https:\/\/millitv.net\/index.php?rest_route=\/wp\/v2\/users\/1"}],"replies":[{"embeddable":true,"href":"https:\/\/millitv.net\/index.php?rest_route=%2Fwp%2Fv2%2Fcomments&post=18934"}],"version-history":[{"count":1,"href":"https:\/\/millitv.net\/index.php?rest_route=\/wp\/v2\/posts\/18934\/revisions"}],"predecessor-version":[{"id":18936,"href":"https:\/\/millitv.net\/index.php?rest_route=\/wp\/v2\/posts\/18934\/revisions\/18936"}],"wp:featuredmedia":[{"embeddable":true,"href":"https:\/\/millitv.net\/index.php?rest_route=\/wp\/v2\/media\/18935"}],"wp:attachment":[{"href":"https:\/\/millitv.net\/index.php?rest_route=%2Fwp%2Fv2%2Fmedia&parent=18934"}],"wp:term":[{"taxonomy":"category","embeddable":true,"href":"https:\/\/millitv.net\/index.php?rest_route=%2Fwp%2Fv2%2Fcategories&post=18934"},{"taxonomy":"post_tag","embeddable":true,"href":"https:\/\/millitv.net\/index.php?rest_route=%2Fwp%2Fv2%2Ftags&post=18934"}],"curies":[{"name":"wp","href":"https:\/\/api.w.org\/{rel}","templated":true}]}}