{"id":18903,"date":"2025-04-16T08:03:40","date_gmt":"2025-04-16T08:03:40","guid":{"rendered":"https:\/\/millitv.net\/?p=18903"},"modified":"2025-04-16T08:03:41","modified_gmt":"2025-04-16T08:03:41","slug":"bakida-avtobuslari-su-basdi-video","status":"publish","type":"post","link":"https:\/\/millitv.net\/?p=18903","title":{"rendered":"Bak\u0131da avtobuslar\u0131 su basd\u0131\u00a0&#8211; Video"},"content":{"rendered":"\n<p><strong>\u00d6t\u0259n gec\u0259d\u0259n ba\u015flayan g\u00fccl\u00fc ya\u011f\u0131\u015f Bak\u0131da v\u0259 \u0259traf \u0259razil\u0259rd\u0259 bir s\u0131ra probleml\u0259r yarad\u0131b.<\/strong><\/p>\n\n\n\n<p>\u201cQafqazinfo\u201d x\u0259b\u0259r verir ki, yollara ya\u011f\u0131\u015f sular\u0131n\u0131n dolmas\u0131 ictimai n\u0259qliyyat\u0131n da h\u0259r\u0259k\u0259tini \u00e7\u0259tinl\u0259\u015fdirib.<\/p>\n\n\n\n<p>B\u0259zi yollarda suyun s\u0259viyy\u0259sinin \u00e7ox olmas\u0131 avtobuslar\u0131n salonuna dolmas\u0131na g\u0259tirib \u00e7\u0131xar\u0131b.<\/p>\n\n\n\n<p><em>Paytaxt\u0131n Bin\u0259q\u0259di rayonu \u0259razisind\u0259 v\u0259 Ab\u015feron rayonu Masaz\u0131r q\u0259s\u0259b\u0259sind\u0259 lent\u0259 al\u0131nm\u0131\u015f g\u00f6r\u00fcnt\u00fcl\u0259ri t\u0259qdim edirik:<\/em><\/p>\n\n\n\n<p><a href=\"https:\/\/qafqazinfo.bax.tv\/embed\/207682.html?utm_source=playerden&amp;utm_medium=paylasim&amp;utm_campaign=son-xeberler\" target=\"_blank\" rel=\"noopener\">https:\/\/qafqazinfo.bax.tv\/embed\/207682.html?<\/a><\/p>\n","protected":false},"excerpt":{"rendered":"<p>\u00d6t\u0259n gec\u0259d\u0259n ba\u015flayan g\u00fccl\u00fc ya\u011f\u0131\u015f Bak\u0131da v\u0259 \u0259traf \u0259razil\u0259rd\u0259 bir s\u0131ra probleml\u0259r yarad\u0131b. \u201cQafqazinfo\u201d x\u0259b\u0259r verir ki, yollara ya\u011f\u0131\u015f sular\u0131n\u0131n dolmas\u0131 ictimai n\u0259qliyyat\u0131n da h\u0259r\u0259k\u0259tini \u00e7\u0259tinl\u0259\u015fdirib. B\u0259zi yollarda suyun s\u0259viyy\u0259sinin \u00e7ox olmas\u0131 avtobuslar\u0131n salonuna dolmas\u0131na g\u0259tirib \u00e7\u0131xar\u0131b. Paytaxt\u0131n Bin\u0259q\u0259di rayonu \u0259razisind\u0259 v\u0259 Ab\u015feron rayonu Masaz\u0131r q\u0259s\u0259b\u0259sind\u0259 lent\u0259 al\u0131nm\u0131\u015f g\u00f6r\u00fcnt\u00fcl\u0259ri t\u0259qdim edirik: https:\/\/qafqazinfo.bax.tv\/embed\/207682.html?<\/p>\n","protected":false},"author":1,"featured_media":18904,"comment_status":"open","ping_status":"closed","sticky":false,"template":"","format":"standard","meta":{"footnotes":""},"categories":[1],"tags":[],"class_list":["post-18903","post","type-post","status-publish","format-standard","has-post-thumbnail","hentry","category-idman"],"_links":{"self":[{"href":"https:\/\/millitv.net\/index.php?rest_route=\/wp\/v2\/posts\/18903","targetHints":{"allow":["GET"]}}],"collection":[{"href":"https:\/\/millitv.net\/index.php?rest_route=\/wp\/v2\/posts"}],"about":[{"href":"https:\/\/millitv.net\/index.php?rest_route=\/wp\/v2\/types\/post"}],"author":[{"embeddable":true,"href":"https:\/\/millitv.net\/index.php?rest_route=\/wp\/v2\/users\/1"}],"replies":[{"embeddable":true,"href":"https:\/\/millitv.net\/index.php?rest_route=%2Fwp%2Fv2%2Fcomments&post=18903"}],"version-history":[{"count":1,"href":"https:\/\/millitv.net\/index.php?rest_route=\/wp\/v2\/posts\/18903\/revisions"}],"predecessor-version":[{"id":18905,"href":"https:\/\/millitv.net\/index.php?rest_route=\/wp\/v2\/posts\/18903\/revisions\/18905"}],"wp:featuredmedia":[{"embeddable":true,"href":"https:\/\/millitv.net\/index.php?rest_route=\/wp\/v2\/media\/18904"}],"wp:attachment":[{"href":"https:\/\/millitv.net\/index.php?rest_route=%2Fwp%2Fv2%2Fmedia&parent=18903"}],"wp:term":[{"taxonomy":"category","embeddable":true,"href":"https:\/\/millitv.net\/index.php?rest_route=%2Fwp%2Fv2%2Fcategories&post=18903"},{"taxonomy":"post_tag","embeddable":true,"href":"https:\/\/millitv.net\/index.php?rest_route=%2Fwp%2Fv2%2Ftags&post=18903"}],"curies":[{"name":"wp","href":"https:\/\/api.w.org\/{rel}","templated":true}]}}