{"id":18805,"date":"2025-04-09T14:56:51","date_gmt":"2025-04-09T14:56:51","guid":{"rendered":"https:\/\/millitv.net\/?p=18805"},"modified":"2025-04-09T14:56:52","modified_gmt":"2025-04-09T14:56:52","slug":"m%C9%99shur-aparicinin-7-il-sonra-dunyaya-g%C9%99l%C9%99n-qiz-ovladi-olub-video","status":"publish","type":"post","link":"https:\/\/millitv.net\/?p=18805","title":{"rendered":"M\u0259\u015fhur apar\u0131c\u0131n\u0131n 7 il sonra d\u00fcnyaya g\u0259l\u0259n q\u0131z \u00f6vlad\u0131 \u00f6l\u00fcb &#8211; V\u0130DEO"},"content":{"rendered":"\n<p>F\u0259aliyy\u0259ti dayand\u0131r\u0131lm\u0131\u015f ANS telekanal\u0131nda &#8220;Kamerton&#8221;, &#8220;Sehirli \u00e7\u0131raq&#8221; v\u0259 dig\u0259r verili\u015fl\u0259rin apar\u0131c\u0131s\u0131 kimi tan\u0131nan televiziya apar\u0131c\u0131s\u0131 G\u00fclnar\u0259 M\u0259mm\u0259dova \u015f\u0259xsi h\u0259yat\u0131 haqda k\u00f6vr\u0259k m\u0259qamlara toxunub.<\/p>\n\n\n\n<p>&#8220;X\u0259b\u0259rin var?&#8221; verili\u015find\u0259 qonaq olan G. M\u0259mm\u0259dova ail\u0259 qurduqdan 7 il sonra q\u0131z anas\u0131 olsa da, \u00f6vlad\u0131n\u0131n d\u00fcnyas\u0131n\u0131 d\u0259yi\u015fdiyini a\u00e7\u0131qlay\u0131b.<\/p>\n\n\n\n<p>\u0130kinci \u00f6vlad\u0131 da \u00e7\u0259tinlikl\u0259 d\u00fcnyaya g\u0259ldiyini bildir\u0259n apar\u0131c\u0131 o\u011flunun 7 ayl\u0131q v\u0259 800 qram do\u011fuldu\u011funu s\u00f6yl\u0259yib.<\/p>\n\n\n\n<p><a href=\"https:\/\/newstube.az\/embed\/180169\" target=\"_blank\" rel=\"noopener\">https:\/\/newstube.az\/embed\/180169<\/a><\/p>\n","protected":false},"excerpt":{"rendered":"<p>F\u0259aliyy\u0259ti dayand\u0131r\u0131lm\u0131\u015f ANS telekanal\u0131nda &#8220;Kamerton&#8221;, &#8220;Sehirli \u00e7\u0131raq&#8221; v\u0259 dig\u0259r verili\u015fl\u0259rin apar\u0131c\u0131s\u0131 kimi tan\u0131nan televiziya apar\u0131c\u0131s\u0131 G\u00fclnar\u0259 M\u0259mm\u0259dova \u015f\u0259xsi h\u0259yat\u0131 haqda k\u00f6vr\u0259k m\u0259qamlara toxunub. &#8220;X\u0259b\u0259rin var?&#8221; verili\u015find\u0259 qonaq olan G. M\u0259mm\u0259dova ail\u0259 qurduqdan 7 il sonra q\u0131z anas\u0131 olsa da, \u00f6vlad\u0131n\u0131n d\u00fcnyas\u0131n\u0131 d\u0259yi\u015fdiyini a\u00e7\u0131qlay\u0131b. \u0130kinci \u00f6vlad\u0131 da \u00e7\u0259tinlikl\u0259 d\u00fcnyaya g\u0259ldiyini bildir\u0259n apar\u0131c\u0131 o\u011flunun 7 ayl\u0131q v\u0259 &hellip;<\/p>\n","protected":false},"author":1,"featured_media":18806,"comment_status":"open","ping_status":"closed","sticky":false,"template":"","format":"standard","meta":{"footnotes":""},"categories":[1],"tags":[],"class_list":["post-18805","post","type-post","status-publish","format-standard","has-post-thumbnail","hentry","category-idman"],"_links":{"self":[{"href":"https:\/\/millitv.net\/index.php?rest_route=\/wp\/v2\/posts\/18805","targetHints":{"allow":["GET"]}}],"collection":[{"href":"https:\/\/millitv.net\/index.php?rest_route=\/wp\/v2\/posts"}],"about":[{"href":"https:\/\/millitv.net\/index.php?rest_route=\/wp\/v2\/types\/post"}],"author":[{"embeddable":true,"href":"https:\/\/millitv.net\/index.php?rest_route=\/wp\/v2\/users\/1"}],"replies":[{"embeddable":true,"href":"https:\/\/millitv.net\/index.php?rest_route=%2Fwp%2Fv2%2Fcomments&post=18805"}],"version-history":[{"count":1,"href":"https:\/\/millitv.net\/index.php?rest_route=\/wp\/v2\/posts\/18805\/revisions"}],"predecessor-version":[{"id":18807,"href":"https:\/\/millitv.net\/index.php?rest_route=\/wp\/v2\/posts\/18805\/revisions\/18807"}],"wp:featuredmedia":[{"embeddable":true,"href":"https:\/\/millitv.net\/index.php?rest_route=\/wp\/v2\/media\/18806"}],"wp:attachment":[{"href":"https:\/\/millitv.net\/index.php?rest_route=%2Fwp%2Fv2%2Fmedia&parent=18805"}],"wp:term":[{"taxonomy":"category","embeddable":true,"href":"https:\/\/millitv.net\/index.php?rest_route=%2Fwp%2Fv2%2Fcategories&post=18805"},{"taxonomy":"post_tag","embeddable":true,"href":"https:\/\/millitv.net\/index.php?rest_route=%2Fwp%2Fv2%2Ftags&post=18805"}],"curies":[{"name":"wp","href":"https:\/\/api.w.org\/{rel}","templated":true}]}}