{"id":18704,"date":"2025-04-03T15:23:48","date_gmt":"2025-04-03T15:23:48","guid":{"rendered":"https:\/\/millitv.net\/?p=18704"},"modified":"2025-04-03T15:23:50","modified_gmt":"2025-04-03T15:23:50","slug":"xatir%C9%99d%C9%99n-onu-geyimin%C9%99-gor%C9%99-t%C9%99nqid-ed%C9%99n-s%C9%99xs%C9%99-cavab-biz-s%C9%99hn%C9%99-adamiyiq","status":"publish","type":"post","link":"https:\/\/millitv.net\/?p=18704","title":{"rendered":"Xatir\u0259d\u0259n onu geyimin\u0259 g\u00f6r\u0259 t\u0259nqid ed\u0259n \u015f\u0259xs\u0259 cavab &#8211; &#8220;Biz s\u0259hn\u0259 adam\u0131y\u0131q&#8230;&#8221;"},"content":{"rendered":"\n<p><strong>X\u0259b\u0259r verdiyimiz kimi, m\u00fc\u011f\u0259nni Xatir\u0259 \u0130slam\u0131n \u00f6t\u0259n g\u00fcn \u00e7im\u0259rlikd\u0259n yay\u0131mlad\u0131\u011f\u0131 fotolar m\u00fczakir\u0259l\u0259r\u0259 s\u0259b\u0259b olub.<\/strong><\/p>\n\n\n\n<p>\u0130fa\u00e7\u0131 &#8220;Sevil v\u0259 Sevinci a\u00e7\u0131q geyindiyi \u00fc\u00e7\u00fcn o\u011fluna almayan \u00f6z geyindiyin\u0259 baxm\u0131r&#8221; dey\u0259, onu t\u0259nqid ed\u0259n izl\u0259yicisin\u0259 cavab verib.<\/p>\n\n\n\n<p>&#8220;Sevil\u0259 d\u0259, Sevinc\u0259 d\u0259, m\u0259n\u0259 d\u0259 olar. G\u0259lin d\u0259 m\u00fctl\u0259q bizim kimi olmal\u0131d\u0131r? Biz s\u0259hn\u0259 adam\u0131y\u0131q. S\u00f6zbaz olma&#8221; dey\u0259, Xatir\u0259 bildirib.<\/p>\n\n\n\n<p>Qeyd ed\u0259k ki, m\u00fc\u011f\u0259nni Birl\u0259\u015fmi\u015f \u018fr\u0259b \u018fmirliyind\u0259 istirah\u0259t edir. Xatir\u0259 bir m\u00fcdd\u0259t \u0259vv\u0259l h\u0259mkarlar\u0131 Sevil v\u0259 Sevinc S\u0259f\u0259rova bac\u0131lar\u0131 haqda &#8220;O\u011fluma onlar\u0131 almazd\u0131m, q\u0131sa geyinirl\u0259r&#8221; s\u00f6zl\u0259rini s\u0259sl\u0259ndirib.&nbsp; (Ax\u015fam.az)<\/p>\n\n\n\n<figure class=\"wp-block-image\"><img decoding=\"async\" src=\"https:\/\/axsam.az\/img\/pics\/large\/2025-04\/291893_y5ucmpmaj9.jpg\" alt=\"\" title=\"\"><\/figure>\n","protected":false},"excerpt":{"rendered":"<p>X\u0259b\u0259r verdiyimiz kimi, m\u00fc\u011f\u0259nni Xatir\u0259 \u0130slam\u0131n \u00f6t\u0259n g\u00fcn \u00e7im\u0259rlikd\u0259n yay\u0131mlad\u0131\u011f\u0131 fotolar m\u00fczakir\u0259l\u0259r\u0259 s\u0259b\u0259b olub. \u0130fa\u00e7\u0131 &#8220;Sevil v\u0259 Sevinci a\u00e7\u0131q geyindiyi \u00fc\u00e7\u00fcn o\u011fluna almayan \u00f6z geyindiyin\u0259 baxm\u0131r&#8221; dey\u0259, onu t\u0259nqid ed\u0259n izl\u0259yicisin\u0259 cavab verib. &#8220;Sevil\u0259 d\u0259, Sevinc\u0259 d\u0259, m\u0259n\u0259 d\u0259 olar. G\u0259lin d\u0259 m\u00fctl\u0259q bizim kimi olmal\u0131d\u0131r? Biz s\u0259hn\u0259 adam\u0131y\u0131q. S\u00f6zbaz olma&#8221; dey\u0259, Xatir\u0259 bildirib. Qeyd &hellip;<\/p>\n","protected":false},"author":1,"featured_media":18705,"comment_status":"open","ping_status":"closed","sticky":false,"template":"","format":"standard","meta":{"footnotes":""},"categories":[1],"tags":[],"class_list":["post-18704","post","type-post","status-publish","format-standard","has-post-thumbnail","hentry","category-idman"],"_links":{"self":[{"href":"https:\/\/millitv.net\/index.php?rest_route=\/wp\/v2\/posts\/18704","targetHints":{"allow":["GET"]}}],"collection":[{"href":"https:\/\/millitv.net\/index.php?rest_route=\/wp\/v2\/posts"}],"about":[{"href":"https:\/\/millitv.net\/index.php?rest_route=\/wp\/v2\/types\/post"}],"author":[{"embeddable":true,"href":"https:\/\/millitv.net\/index.php?rest_route=\/wp\/v2\/users\/1"}],"replies":[{"embeddable":true,"href":"https:\/\/millitv.net\/index.php?rest_route=%2Fwp%2Fv2%2Fcomments&post=18704"}],"version-history":[{"count":1,"href":"https:\/\/millitv.net\/index.php?rest_route=\/wp\/v2\/posts\/18704\/revisions"}],"predecessor-version":[{"id":18706,"href":"https:\/\/millitv.net\/index.php?rest_route=\/wp\/v2\/posts\/18704\/revisions\/18706"}],"wp:featuredmedia":[{"embeddable":true,"href":"https:\/\/millitv.net\/index.php?rest_route=\/wp\/v2\/media\/18705"}],"wp:attachment":[{"href":"https:\/\/millitv.net\/index.php?rest_route=%2Fwp%2Fv2%2Fmedia&parent=18704"}],"wp:term":[{"taxonomy":"category","embeddable":true,"href":"https:\/\/millitv.net\/index.php?rest_route=%2Fwp%2Fv2%2Fcategories&post=18704"},{"taxonomy":"post_tag","embeddable":true,"href":"https:\/\/millitv.net\/index.php?rest_route=%2Fwp%2Fv2%2Ftags&post=18704"}],"curies":[{"name":"wp","href":"https:\/\/api.w.org\/{rel}","templated":true}]}}