{"id":1867,"date":"2023-10-15T02:27:32","date_gmt":"2023-10-15T02:27:32","guid":{"rendered":"https:\/\/millinews.az\/xeber\/oxu-az-konqresmen-qlobal-qeyri-sabitliy%C9%99-gor%C9%99-bayden-m%C9%99suliyy%C9%99t-dasiyir\/"},"modified":"2023-10-15T02:27:32","modified_gmt":"2023-10-15T02:27:32","slug":"oxu-az-konqresmen-qlobal-qeyri-sabitliy%C9%99-gor%C9%99-bayden-m%C9%99suliyy%C9%99t-dasiyir","status":"publish","type":"post","link":"https:\/\/millitv.net\/?p=1867","title":{"rendered":"Millinews.az &#8211; Konqresmen: \u201cQlobal qeyri-sabitliy\u0259 g\u00f6r\u0259 Bayden m\u0259suliyy\u0259t da\u015f\u0131y\u0131r\u201d"},"content":{"rendered":"<p><img decoding=\"async\" src=\"https:\/\/cdn.oxu.az\/uploads\/W1siZiIsIjIwMjMvMTAvMTQvMTkvNDYvMjAvZDE5YzRjODMtNjBmMi00ZWUyLWE3MjktODJmZjhjOTVmYWY3LzgtcGljXzMycmF0aW9fOTAweDYwMC05MDB4NjAwLTQzNDcwLmpwZyJdLFsicCIsImVuY29kZSIsImpwZyIsIi1xdWFsaXR5IDgwIl0sWyJwIiwidGh1bWIiLCI2MjB4NDY1XHUwMDNlIl1d?sha=9a9c2a86a2955fbc\" alt=\"\" title=\"\"><\/p>\n<div><a class=\"subs-in-social subs-whatsapp\" href=\"https:\/\/whatsapp.com\/channel\/0029VaAakbx89ingOoeiTp40\" target=\"_blank\" rel=\"noopener\"><\/p>\n<p>Bizim WhatsApp kanal\u0131m\u0131za buradan abun\u0259 ola bil\u0259rsiniz<\/p>\n<p><\/a><\/p>\n<p>AB\u015e prezidenti Co Bayden d\u00fcnyada qeyri-sabit geosiyasi v\u0259ziyy\u0259t\u0259 v\u0259 yax\u0131nla\u015fan \u00fc\u00e7\u00fcnc\u00fc d\u00fcnya m\u00fcharib\u0259sin\u0259 g\u00f6r\u0259 m\u0259suliyy\u0259t da\u015f\u0131y\u0131r.<\/p>\n<p>Bu bar\u0259d\u0259 AB\u015e Konqresinin a\u015fa\u011f\u0131 palatas\u0131n\u0131n \u00fczv\u00fc Marcori Teylor Qrin \u201cX\u201d platformas\u0131ndak\u0131 (ke\u00e7mi\u015f \u201cTwitter\u201d) hesab\u0131nda yaz\u0131b.<\/p>\n<p>Respublika\u00e7\u0131 deputat qeyd edib ki, indiki administrasiya Rusiyaya qar\u015f\u0131 \u201cproksi m\u00fcharib\u0259si\u201dn\u0259 milyardlarla dollar x\u0259rcl\u0259yib. \u00dcst\u0259lik, bu v\u0259saitl\u0259r AB\u015e vergi \u00f6d\u0259yicil\u0259rin\u0259 m\u0259xsusdur.<\/p>\n<p>\u201cBayden administrasiyas\u0131 \u00f6z siyas\u0259ti il\u0259 b\u00fct\u00fcn d\u00fcnyada qeyri-sabitlik yarad\u0131b v\u0259 bizi \u00fc\u00e7\u00fcnc\u00fc d\u00fcnya m\u00fcharib\u0259sin\u0259 yax\u0131nla\u015fd\u0131r\u0131r\u201d, &#8211; parlamentari vur\u011fulay\u0131b.<\/p>\n<p>Qrin \u0259lav\u0259 edib ki, A\u011f Evin q\u0259rarlar\u0131 s\u0259b\u0259bind\u0259n \u00f6lk\u0259d\u0259 milli t\u0259hl\u00fck\u0259sizlik b\u00f6hran\u0131 ba\u015flay\u0131b. Bununla yana\u015f\u0131, AB\u015e iqtisadi b\u00f6hran\u0131n astanas\u0131ndad\u0131r.<\/p>\n<p>N\u00fcmay\u0259nd\u0259l\u0259r Palatas\u0131n\u0131n \u00fczv\u00fcn\u00fcn fikrinc\u0259, \u00f6lk\u0259 h\u00f6kum\u0259tind\u0259ki korrupsiyaya dair k\u00fclli miqdarda s\u00fcbutlar var. S\u00f6hb\u0259t ilk n\u00f6vb\u0259d\u0259 prezidentin \u00f6z\u00fcnd\u0259n v\u0259 onun qohumlar\u0131ndan gedir.<\/p>\n<div>\n<blockquote class=\"twitter-tweet\">\n<p dir=\"ltr\" lang=\"en\">In spite of everything happening, Biden admin policies are responsible for:<\/p>\n<p>Open border policies that have created a national security crisis.<\/p>\n<p>Our Strategic Oil Preserves are critically low creating a national security crisis.<\/p>\n<p>Overspending on fake climate scams and COVID drove\u2026<\/p>\n<p>\u2014 Rep. Marjorie Taylor Greene\ud83c\uddfa\ud83c\uddf8 (@RepMTG) <a href=\"https:\/\/twitter.com\/RepMTG\/status\/1713169884912226497?ref_src=twsrc%5Etfw\" target=\"_blank\" rel=\"noopener\">October 14, 2023<\/a>\n<\/p><\/blockquote>\n<\/div>\n<p>\u00a0<\/p>\n<\/div>\n<p><script async src=\"\/\/platform.twitter.com\/widgets.js\" charset=\"utf-8\"><\/script><\/p>\n","protected":false},"excerpt":{"rendered":"<p>Bizim WhatsApp kanal\u0131m\u0131za buradan abun\u0259 ola bil\u0259rsiniz AB\u015e prezidenti Co Bayden d\u00fcnyada qeyri-sabit geosiyasi v\u0259ziyy\u0259t\u0259 v\u0259 yax\u0131nla\u015fan \u00fc\u00e7\u00fcnc\u00fc d\u00fcnya m\u00fcharib\u0259sin\u0259 g\u00f6r\u0259 m\u0259suliyy\u0259t da\u015f\u0131y\u0131r. Bu bar\u0259d\u0259 AB\u015e Konqresinin a\u015fa\u011f\u0131 palatas\u0131n\u0131n \u00fczv\u00fc Marcori Teylor Qrin \u201cX\u201d platformas\u0131ndak\u0131 (ke\u00e7mi\u015f \u201cTwitter\u201d) hesab\u0131nda yaz\u0131b. Respublika\u00e7\u0131 deputat qeyd edib ki, indiki administrasiya Rusiyaya qar\u015f\u0131 \u201cproksi m\u00fcharib\u0259si\u201dn\u0259 milyardlarla dollar x\u0259rcl\u0259yib. \u00dcst\u0259lik, bu &hellip;<\/p>\n","protected":false},"author":1,"featured_media":1868,"comment_status":"open","ping_status":"closed","sticky":false,"template":"","format":"standard","meta":{"footnotes":""},"categories":[9],"tags":[],"class_list":["post-1867","post","type-post","status-publish","format-standard","has-post-thumbnail","hentry","category-xeber"],"_links":{"self":[{"href":"https:\/\/millitv.net\/index.php?rest_route=\/wp\/v2\/posts\/1867","targetHints":{"allow":["GET"]}}],"collection":[{"href":"https:\/\/millitv.net\/index.php?rest_route=\/wp\/v2\/posts"}],"about":[{"href":"https:\/\/millitv.net\/index.php?rest_route=\/wp\/v2\/types\/post"}],"author":[{"embeddable":true,"href":"https:\/\/millitv.net\/index.php?rest_route=\/wp\/v2\/users\/1"}],"replies":[{"embeddable":true,"href":"https:\/\/millitv.net\/index.php?rest_route=%2Fwp%2Fv2%2Fcomments&post=1867"}],"version-history":[{"count":0,"href":"https:\/\/millitv.net\/index.php?rest_route=\/wp\/v2\/posts\/1867\/revisions"}],"wp:featuredmedia":[{"embeddable":true,"href":"https:\/\/millitv.net\/index.php?rest_route=\/wp\/v2\/media\/1868"}],"wp:attachment":[{"href":"https:\/\/millitv.net\/index.php?rest_route=%2Fwp%2Fv2%2Fmedia&parent=1867"}],"wp:term":[{"taxonomy":"category","embeddable":true,"href":"https:\/\/millitv.net\/index.php?rest_route=%2Fwp%2Fv2%2Fcategories&post=1867"},{"taxonomy":"post_tag","embeddable":true,"href":"https:\/\/millitv.net\/index.php?rest_route=%2Fwp%2Fv2%2Ftags&post=1867"}],"curies":[{"name":"wp","href":"https:\/\/api.w.org\/{rel}","templated":true}]}}