{"id":18662,"date":"2025-03-22T13:42:38","date_gmt":"2025-03-22T13:42:38","guid":{"rendered":"https:\/\/millitv.net\/?p=18662"},"modified":"2025-03-22T13:42:39","modified_gmt":"2025-03-22T13:42:39","slug":"qardasim-m%C9%99n%C9%99-%C9%99zab-verdi-atam-m%C9%99cbur-m%C9%99ni-ondan-uzaqlasdirdi-%C9%99r%C9%99-verdi","status":"publish","type":"post","link":"https:\/\/millitv.net\/?p=18662","title":{"rendered":"&#8220;Qarda\u015f\u0131m m\u0259n\u0259 \u0259zab verdi, atam m\u0259cbur m\u0259ni ondan uzaqla\u015fd\u0131rd\u0131, \u0259r\u0259 verdi&#8221;"},"content":{"rendered":"\n<p><strong>&#8220;Qarda\u015f\u0131m toya getm\u0259y\u0259 qoymurdu. Atam qal\u0131rd\u0131 u\u015faqlar aras\u0131nda. Qarda\u015f\u0131m deyirdi, ola bilm\u0259z, o, s\u0259hn\u0259y\u0259, toya \u00e7\u0131xa bilm\u0259z. Atam m\u0259cbur m\u0259ni qarda\u015f\u0131mdan uzaqla\u015fd\u0131rd\u0131. M\u0259ni \u0259r\u0259 verdi. Dedi onun art\u0131q h\u0259yat yolda\u015f\u0131 var, o, q\u0259rar ver\u0259c\u0259k&#8221;.<\/strong><\/p>\n\n\n\n<p>Bu s\u00f6zl\u0259ri Xalq artisti Nazp\u0259ri Dost\u0259liyeva &#8220;H\u0259ft\u0259nin qona\u011f\u0131&#8221; verili\u015find\u0259 deyib. Qarda\u015f\u0131 A\u011falar Dost\u0259liyevd\u0259n dan\u0131\u015fan m\u00fc\u011f\u0259nni onunla ya\u015fad\u0131\u011f\u0131 problemd\u0259n s\u00f6z a\u00e7\u0131b.<\/p>\n\n\n\n<p>O, apar\u0131c\u0131 \u00dclvira Qarayevan\u0131n &#8220;Qarda\u015f\u0131n\u0131z\u0131 ba\u011f\u0131\u015flam\u0131s\u0131n\u0131z&#8221; sual\u0131na bel\u0259 cavab verib:<\/p>\n\n\n\n<p>&#8220;Qarda\u015f\u0131m deyirdi &#8220;meymun&#8221; olacaqsan? \u0130ndi atam\u0131n ruhu \u015fad olsun dey\u0259 ba\u011f\u0131\u015flad\u0131m. Qarda\u015f\u0131mda ba\u011f\u0131\u015flanmayacaq \u015feyl\u0259r var idi. Amma atam\u0131n yadigar\u0131 idi. Bir d\u0259f\u0259 efir\u0259 \u00e7\u0131xma\u011f\u0131ma g\u00f6r\u0259 evimizd\u0259 d\u0259h\u015f\u0259t ya\u015fand\u0131. Qarda\u015f\u0131m g\u0259lib yolda\u015f\u0131ma dedi ki, bu n\u0259di? Efir olar? M\u0259ni universitet\u0259 getm\u0259y\u0259 qoymad\u0131. H\u0259yat yolda\u015f\u0131m dedi ki, m\u0259nim ail\u0259md\u0259 s\u00f6z\u00fcm ke\u00e7mir? M\u0259n ist\u0259yir\u0259m xan\u0131m\u0131m universitet oxusun&#8221;.<\/p>\n\n\n\n<p>Qeyd ed\u0259k ki, Nazp\u0259rinin A\u011fa\u0259li adl\u0131 daha bir qarda\u015f\u0131 var.<\/p>\n\n\n\n<p>(Ax\u015fam.az)<\/p>\n\n\n\n<p><\/p>\n","protected":false},"excerpt":{"rendered":"<p>&#8220;Qarda\u015f\u0131m toya getm\u0259y\u0259 qoymurdu. Atam qal\u0131rd\u0131 u\u015faqlar aras\u0131nda. Qarda\u015f\u0131m deyirdi, ola bilm\u0259z, o, s\u0259hn\u0259y\u0259, toya \u00e7\u0131xa bilm\u0259z. Atam m\u0259cbur m\u0259ni qarda\u015f\u0131mdan uzaqla\u015fd\u0131rd\u0131. M\u0259ni \u0259r\u0259 verdi. Dedi onun art\u0131q h\u0259yat yolda\u015f\u0131 var, o, q\u0259rar ver\u0259c\u0259k&#8221;. Bu s\u00f6zl\u0259ri Xalq artisti Nazp\u0259ri Dost\u0259liyeva &#8220;H\u0259ft\u0259nin qona\u011f\u0131&#8221; verili\u015find\u0259 deyib. Qarda\u015f\u0131 A\u011falar Dost\u0259liyevd\u0259n dan\u0131\u015fan m\u00fc\u011f\u0259nni onunla ya\u015fad\u0131\u011f\u0131 problemd\u0259n s\u00f6z a\u00e7\u0131b. O, &hellip;<\/p>\n","protected":false},"author":1,"featured_media":18663,"comment_status":"open","ping_status":"closed","sticky":false,"template":"","format":"standard","meta":{"footnotes":""},"categories":[1],"tags":[],"class_list":["post-18662","post","type-post","status-publish","format-standard","has-post-thumbnail","hentry","category-idman"],"_links":{"self":[{"href":"https:\/\/millitv.net\/index.php?rest_route=\/wp\/v2\/posts\/18662","targetHints":{"allow":["GET"]}}],"collection":[{"href":"https:\/\/millitv.net\/index.php?rest_route=\/wp\/v2\/posts"}],"about":[{"href":"https:\/\/millitv.net\/index.php?rest_route=\/wp\/v2\/types\/post"}],"author":[{"embeddable":true,"href":"https:\/\/millitv.net\/index.php?rest_route=\/wp\/v2\/users\/1"}],"replies":[{"embeddable":true,"href":"https:\/\/millitv.net\/index.php?rest_route=%2Fwp%2Fv2%2Fcomments&post=18662"}],"version-history":[{"count":1,"href":"https:\/\/millitv.net\/index.php?rest_route=\/wp\/v2\/posts\/18662\/revisions"}],"predecessor-version":[{"id":18664,"href":"https:\/\/millitv.net\/index.php?rest_route=\/wp\/v2\/posts\/18662\/revisions\/18664"}],"wp:featuredmedia":[{"embeddable":true,"href":"https:\/\/millitv.net\/index.php?rest_route=\/wp\/v2\/media\/18663"}],"wp:attachment":[{"href":"https:\/\/millitv.net\/index.php?rest_route=%2Fwp%2Fv2%2Fmedia&parent=18662"}],"wp:term":[{"taxonomy":"category","embeddable":true,"href":"https:\/\/millitv.net\/index.php?rest_route=%2Fwp%2Fv2%2Fcategories&post=18662"},{"taxonomy":"post_tag","embeddable":true,"href":"https:\/\/millitv.net\/index.php?rest_route=%2Fwp%2Fv2%2Ftags&post=18662"}],"curies":[{"name":"wp","href":"https:\/\/api.w.org\/{rel}","templated":true}]}}