{"id":18572,"date":"2025-03-13T12:51:10","date_gmt":"2025-03-13T12:51:10","guid":{"rendered":"https:\/\/millitv.net\/?p=18572"},"modified":"2025-03-13T12:51:11","modified_gmt":"2025-03-13T12:51:11","slug":"govh%C9%99r-h%C9%99s%C9%99nzad%C9%99-niy%C9%99-eltonun-konsertind%C9%99n-kusub-getdi","status":"publish","type":"post","link":"https:\/\/millitv.net\/?p=18572","title":{"rendered":"G\u00f6vh\u0259r H\u0259s\u0259nzad\u0259 niy\u0259 Eltonun konsertind\u0259n k\u00fcs\u00fcb getdi?"},"content":{"rendered":"\n<p><strong>\u018fm\u0259kdar artist Elton H\u00fcseyn\u0259liyev b\u0259st\u0259kar G\u00f6vh\u0259r H\u0259s\u0259nzad\u0259 il\u0259 ba\u011fl\u0131 etiraf edib.<\/strong><\/p>\n\n\n\n<p>M\u00fc\u011f\u0259nni &#8220;G\u00fcn\u0259 bax&#8221; verili\u015find\u0259 b\u0259st\u0259kar\u0131n ondan k\u00fcsd\u00fcy\u00fcn\u00fc deyib.<\/p>\n\n\n\n<p>&#8220;\u0130lk d\u0259f\u0259 1997-ci ild\u0259 Heyd\u0259r \u018fliyev Saray\u0131nda \u00e7\u0131x\u0131\u015f etmi\u015f\u0259m. Bu yax\u0131nlarda olan konsertim d\u0259 g\u00f6z\u0259l ke\u00e7di. M\u0259\u015fql\u0259r\u0259 getmirdim. Ortada iki m\u0259\u015fq\u0259 gtdim. Bu, konsert\u0259 k\u00f6kl\u0259nm\u0259y\u0259 k\u00f6m\u0259k edir. \u00c7\u00fcnki insan \u00e7ox oxuyur, ax\u0131 konsert g\u00fcn\u00fcn\u0259 d\u0259 n\u0259s\u0259 saxlamal\u0131san.&nbsp;<\/p>\n\n\n\n<p>G\u00f6vh\u0259r H\u0259s\u0259nzad\u0259nin ilk konsertimd\u0259 \u0259ziyy\u0259ti \u00e7ox olub. Amma konsertd\u0259 k\u00fcs\u00fcb getdi. Biz repertuar tutmu\u015fduq, amma m\u0259n ondan \u00e7\u0131xd\u0131m&#8221; dey\u0259, Elton bildirib.&nbsp; (Ax\u015fam.az)<\/p>\n","protected":false},"excerpt":{"rendered":"<p>\u018fm\u0259kdar artist Elton H\u00fcseyn\u0259liyev b\u0259st\u0259kar G\u00f6vh\u0259r H\u0259s\u0259nzad\u0259 il\u0259 ba\u011fl\u0131 etiraf edib. M\u00fc\u011f\u0259nni &#8220;G\u00fcn\u0259 bax&#8221; verili\u015find\u0259 b\u0259st\u0259kar\u0131n ondan k\u00fcsd\u00fcy\u00fcn\u00fc deyib. &#8220;\u0130lk d\u0259f\u0259 1997-ci ild\u0259 Heyd\u0259r \u018fliyev Saray\u0131nda \u00e7\u0131x\u0131\u015f etmi\u015f\u0259m. Bu yax\u0131nlarda olan konsertim d\u0259 g\u00f6z\u0259l ke\u00e7di. M\u0259\u015fql\u0259r\u0259 getmirdim. Ortada iki m\u0259\u015fq\u0259 gtdim. Bu, konsert\u0259 k\u00f6kl\u0259nm\u0259y\u0259 k\u00f6m\u0259k edir. \u00c7\u00fcnki insan \u00e7ox oxuyur, ax\u0131 konsert g\u00fcn\u00fcn\u0259 d\u0259 n\u0259s\u0259 &hellip;<\/p>\n","protected":false},"author":1,"featured_media":18573,"comment_status":"open","ping_status":"closed","sticky":false,"template":"","format":"standard","meta":{"footnotes":""},"categories":[1],"tags":[],"class_list":["post-18572","post","type-post","status-publish","format-standard","has-post-thumbnail","hentry","category-idman"],"_links":{"self":[{"href":"https:\/\/millitv.net\/index.php?rest_route=\/wp\/v2\/posts\/18572","targetHints":{"allow":["GET"]}}],"collection":[{"href":"https:\/\/millitv.net\/index.php?rest_route=\/wp\/v2\/posts"}],"about":[{"href":"https:\/\/millitv.net\/index.php?rest_route=\/wp\/v2\/types\/post"}],"author":[{"embeddable":true,"href":"https:\/\/millitv.net\/index.php?rest_route=\/wp\/v2\/users\/1"}],"replies":[{"embeddable":true,"href":"https:\/\/millitv.net\/index.php?rest_route=%2Fwp%2Fv2%2Fcomments&post=18572"}],"version-history":[{"count":1,"href":"https:\/\/millitv.net\/index.php?rest_route=\/wp\/v2\/posts\/18572\/revisions"}],"predecessor-version":[{"id":18574,"href":"https:\/\/millitv.net\/index.php?rest_route=\/wp\/v2\/posts\/18572\/revisions\/18574"}],"wp:featuredmedia":[{"embeddable":true,"href":"https:\/\/millitv.net\/index.php?rest_route=\/wp\/v2\/media\/18573"}],"wp:attachment":[{"href":"https:\/\/millitv.net\/index.php?rest_route=%2Fwp%2Fv2%2Fmedia&parent=18572"}],"wp:term":[{"taxonomy":"category","embeddable":true,"href":"https:\/\/millitv.net\/index.php?rest_route=%2Fwp%2Fv2%2Fcategories&post=18572"},{"taxonomy":"post_tag","embeddable":true,"href":"https:\/\/millitv.net\/index.php?rest_route=%2Fwp%2Fv2%2Ftags&post=18572"}],"curies":[{"name":"wp","href":"https:\/\/api.w.org\/{rel}","templated":true}]}}