{"id":18534,"date":"2025-03-12T14:47:57","date_gmt":"2025-03-12T14:47:57","guid":{"rendered":"https:\/\/millitv.net\/?p=18534"},"modified":"2025-03-12T14:47:58","modified_gmt":"2025-03-12T14:47:58","slug":"p%C9%99rviz-bulbul%C9%99-meyxananin-zayini-cixartdi-qalmaqal","status":"publish","type":"post","link":"https:\/\/millitv.net\/?p=18534","title":{"rendered":"P\u0259rviz B\u00fclb\u00fcl\u0259 meyxanan\u0131n zay\u0131n\u0131 \u00e7\u0131xartd\u0131 &#8211;\u00a0Qalmaqal"},"content":{"rendered":"\n<p><strong>Meyxana\u00e7\u0131 \u0130ntiqam R\u00fcst\u0259mov h\u0259mkar\u0131 P\u0259rviz B\u00fclb\u00fcl\u0259ni t\u0259nqid edib.<\/strong><\/p>\n\n\n\n<p>S\u0259n\u0259t\u00e7i \u201cQonaqcanl\u0131\u201d verili\u015find\u0259 P\u0259rvizin meyxana s\u0259n\u0259tini pis hala sald\u0131\u011f\u0131n\u0131 deyib:<\/p>\n\n\n\n<p>\u201cP\u0259rviz B\u00fclb\u00fcl\u0259 meyxanan\u0131n \u201czay\u0131n\u0131\u201d \u00e7\u0131xaranlardan oldu. Meyxanaya musiqini qo\u015fdu. \u0130ndi m\u0259clisd\u0259 musiqili meyxana ist\u0259y\u0259nd\u0259 ham\u0131 P\u0259rvizi t\u0259nqid edir. P\u0259rvizin avaz\u0131 g\u00f6z\u0259ldir. M\u0259n musiqili meyxana dey\u0259nl\u0259rd\u0259n yaln\u0131z Namiq Qara\u00e7uxurlu v\u0259 Vasif \u018fzimova qulaq as\u0131ram\u201d.<\/p>\n\n\n\n<p><a href=\"https:\/\/player.bax.tv\/embed\/206090.html?utm_source=playerden&amp;utm_medium=paylasim&amp;utm_campaign=son-xeberler\" target=\"_blank\" rel=\"noopener\">https:\/\/player.bax.tv\/embed\/206090.html?<\/a><\/p>\n","protected":false},"excerpt":{"rendered":"<p>Meyxana\u00e7\u0131 \u0130ntiqam R\u00fcst\u0259mov h\u0259mkar\u0131 P\u0259rviz B\u00fclb\u00fcl\u0259ni t\u0259nqid edib. S\u0259n\u0259t\u00e7i \u201cQonaqcanl\u0131\u201d verili\u015find\u0259 P\u0259rvizin meyxana s\u0259n\u0259tini pis hala sald\u0131\u011f\u0131n\u0131 deyib: \u201cP\u0259rviz B\u00fclb\u00fcl\u0259 meyxanan\u0131n \u201czay\u0131n\u0131\u201d \u00e7\u0131xaranlardan oldu. Meyxanaya musiqini qo\u015fdu. \u0130ndi m\u0259clisd\u0259 musiqili meyxana ist\u0259y\u0259nd\u0259 ham\u0131 P\u0259rvizi t\u0259nqid edir. P\u0259rvizin avaz\u0131 g\u00f6z\u0259ldir. M\u0259n musiqili meyxana dey\u0259nl\u0259rd\u0259n yaln\u0131z Namiq Qara\u00e7uxurlu v\u0259 Vasif \u018fzimova qulaq as\u0131ram\u201d. https:\/\/player.bax.tv\/embed\/206090.html?<\/p>\n","protected":false},"author":1,"featured_media":18535,"comment_status":"open","ping_status":"closed","sticky":false,"template":"","format":"standard","meta":{"footnotes":""},"categories":[1],"tags":[],"class_list":["post-18534","post","type-post","status-publish","format-standard","has-post-thumbnail","hentry","category-idman"],"_links":{"self":[{"href":"https:\/\/millitv.net\/index.php?rest_route=\/wp\/v2\/posts\/18534","targetHints":{"allow":["GET"]}}],"collection":[{"href":"https:\/\/millitv.net\/index.php?rest_route=\/wp\/v2\/posts"}],"about":[{"href":"https:\/\/millitv.net\/index.php?rest_route=\/wp\/v2\/types\/post"}],"author":[{"embeddable":true,"href":"https:\/\/millitv.net\/index.php?rest_route=\/wp\/v2\/users\/1"}],"replies":[{"embeddable":true,"href":"https:\/\/millitv.net\/index.php?rest_route=%2Fwp%2Fv2%2Fcomments&post=18534"}],"version-history":[{"count":1,"href":"https:\/\/millitv.net\/index.php?rest_route=\/wp\/v2\/posts\/18534\/revisions"}],"predecessor-version":[{"id":18536,"href":"https:\/\/millitv.net\/index.php?rest_route=\/wp\/v2\/posts\/18534\/revisions\/18536"}],"wp:featuredmedia":[{"embeddable":true,"href":"https:\/\/millitv.net\/index.php?rest_route=\/wp\/v2\/media\/18535"}],"wp:attachment":[{"href":"https:\/\/millitv.net\/index.php?rest_route=%2Fwp%2Fv2%2Fmedia&parent=18534"}],"wp:term":[{"taxonomy":"category","embeddable":true,"href":"https:\/\/millitv.net\/index.php?rest_route=%2Fwp%2Fv2%2Fcategories&post=18534"},{"taxonomy":"post_tag","embeddable":true,"href":"https:\/\/millitv.net\/index.php?rest_route=%2Fwp%2Fv2%2Ftags&post=18534"}],"curies":[{"name":"wp","href":"https:\/\/api.w.org\/{rel}","templated":true}]}}