{"id":18505,"date":"2025-03-12T13:50:03","date_gmt":"2025-03-12T13:50:03","guid":{"rendered":"https:\/\/millitv.net\/?p=18505"},"modified":"2025-03-12T13:50:04","modified_gmt":"2025-03-12T13:50:04","slug":"xalq-artisti-dogum-gunund%C9%99-anasini-itirdi","status":"publish","type":"post","link":"https:\/\/millitv.net\/?p=18505","title":{"rendered":"Xalq artisti do\u011fum g\u00fcn\u00fcnd\u0259 anas\u0131n\u0131 itirdi"},"content":{"rendered":"\n<p><strong>Xalq artisti S\u0259id\u0259 Quliyevaya a\u011f\u0131r itki \u00fcz verib.<\/strong><\/p>\n\n\n\n<p>Millitv.net Yenicag.az-a istinad\u0259n x\u0259b\u0259r verir ki, aktrisan\u0131n anas\u0131 v\u0259fat edib.<\/p>\n\n\n\n<p>\u201cAnam s\u0259h\u0259r saatlar\u0131nda d\u00fcnyas\u0131n\u0131 d\u0259yi\u015fdi. Uzun m\u00fcdd\u0259t idi ki, x\u0259st\u0259likd\u0259n \u0259ziyy\u0259t \u00e7\u0259kirdi. Do\u011fum g\u00fcn\u00fcmd\u0259 anam\u0131 itirdim. Ya\u015f\u0131 \u00e7ox idi, amma anan\u0131n ya\u015f\u0131 olmur&#8230; M\u0259nim \u00fc\u00e7\u00fcn \u00e7ox a\u011f\u0131rd\u0131r\u201d, &#8211; S. Quliyeva sayta a\u00e7\u0131qlamas\u0131nda bildirib.<\/p>\n\n\n\n<p>Qeyd ed\u0259k ki, bu g\u00fcn Xalq artistinin 68 ya\u015f\u0131 tamam olur.<\/p>\n","protected":false},"excerpt":{"rendered":"<p>Xalq artisti S\u0259id\u0259 Quliyevaya a\u011f\u0131r itki \u00fcz verib. Millitv.net Yenicag.az-a istinad\u0259n x\u0259b\u0259r verir ki, aktrisan\u0131n anas\u0131 v\u0259fat edib. \u201cAnam s\u0259h\u0259r saatlar\u0131nda d\u00fcnyas\u0131n\u0131 d\u0259yi\u015fdi. Uzun m\u00fcdd\u0259t idi ki, x\u0259st\u0259likd\u0259n \u0259ziyy\u0259t \u00e7\u0259kirdi. Do\u011fum g\u00fcn\u00fcmd\u0259 anam\u0131 itirdim. Ya\u015f\u0131 \u00e7ox idi, amma anan\u0131n ya\u015f\u0131 olmur&#8230; M\u0259nim \u00fc\u00e7\u00fcn \u00e7ox a\u011f\u0131rd\u0131r\u201d, &#8211; S. Quliyeva sayta a\u00e7\u0131qlamas\u0131nda bildirib. Qeyd ed\u0259k ki, bu &hellip;<\/p>\n","protected":false},"author":1,"featured_media":18506,"comment_status":"open","ping_status":"closed","sticky":false,"template":"","format":"standard","meta":{"footnotes":""},"categories":[1],"tags":[],"class_list":["post-18505","post","type-post","status-publish","format-standard","has-post-thumbnail","hentry","category-idman"],"_links":{"self":[{"href":"https:\/\/millitv.net\/index.php?rest_route=\/wp\/v2\/posts\/18505","targetHints":{"allow":["GET"]}}],"collection":[{"href":"https:\/\/millitv.net\/index.php?rest_route=\/wp\/v2\/posts"}],"about":[{"href":"https:\/\/millitv.net\/index.php?rest_route=\/wp\/v2\/types\/post"}],"author":[{"embeddable":true,"href":"https:\/\/millitv.net\/index.php?rest_route=\/wp\/v2\/users\/1"}],"replies":[{"embeddable":true,"href":"https:\/\/millitv.net\/index.php?rest_route=%2Fwp%2Fv2%2Fcomments&post=18505"}],"version-history":[{"count":1,"href":"https:\/\/millitv.net\/index.php?rest_route=\/wp\/v2\/posts\/18505\/revisions"}],"predecessor-version":[{"id":18507,"href":"https:\/\/millitv.net\/index.php?rest_route=\/wp\/v2\/posts\/18505\/revisions\/18507"}],"wp:featuredmedia":[{"embeddable":true,"href":"https:\/\/millitv.net\/index.php?rest_route=\/wp\/v2\/media\/18506"}],"wp:attachment":[{"href":"https:\/\/millitv.net\/index.php?rest_route=%2Fwp%2Fv2%2Fmedia&parent=18505"}],"wp:term":[{"taxonomy":"category","embeddable":true,"href":"https:\/\/millitv.net\/index.php?rest_route=%2Fwp%2Fv2%2Fcategories&post=18505"},{"taxonomy":"post_tag","embeddable":true,"href":"https:\/\/millitv.net\/index.php?rest_route=%2Fwp%2Fv2%2Ftags&post=18505"}],"curies":[{"name":"wp","href":"https:\/\/api.w.org\/{rel}","templated":true}]}}