{"id":18442,"date":"2025-03-04T09:26:49","date_gmt":"2025-03-04T09:26:49","guid":{"rendered":"https:\/\/millitv.net\/?p=18442"},"modified":"2025-03-04T09:26:51","modified_gmt":"2025-03-04T09:26:51","slug":"evli-oldugum-o-dord-il%C9%99-heyfim-g%C9%99lir-mehriban-xanlarova","status":"publish","type":"post","link":"https:\/\/millitv.net\/?p=18442","title":{"rendered":"&#8220;Evli oldu\u011fum o d\u00f6rd il\u0259 heyfim g\u0259lir&#8221;\u00a0&#8211; Mehriban Xanlarova"},"content":{"rendered":"\n<p><strong>Kulis.az \u018f<\/strong><strong>m\u0259kdar artist, Akademik Milli Teatr\u0131n aktrisas\u0131&nbsp;<a href=\"https:\/\/kulis.az\/index.php\/xeber\/media\/mehriban-xanlarova-yere-yixilanda-dogrudan-yixiliram-sille-vurulanda-dogrudan-o-mene-deyir-57591\" target=\"_blank\" rel=\"noreferrer noopener\">Mehriban Xanlarova<\/a>&nbsp;il\u0259 m\u00fcsahib\u0259ni t\u0259qdim edir.<\/strong><\/p>\n\n\n\n<p><strong>Mehriban Xanlarova Nayman Ana obraz\u0131na nec\u0259 haz\u0131rla\u015f\u0131b?<\/strong><\/p>\n\n\n\n<p><strong>&#8211; Mehriban xan\u0131m, haz\u0131rda teatrda v\u0259ziyy\u0259t nec\u0259dir?<\/strong><\/p>\n\n\n\n<p>&#8211; Teatrda \u015f\u0259xs\u0259n m\u0259nim v\u0259ziyy\u0259tim \u00e7ox yax\u015f\u0131d\u0131r. \u0130ki tama\u015fam var. \u0130ll\u0259rdir ki,&nbsp;<a href=\"http:\/\/kulis.az\/index.php\/xeber\/media\/o-sanki-azad-olmaga-can-atan-bir-qusdur-valeh-agayev-59076\" target=\"_blank\" rel=\"noreferrer noopener\">\u201cManqurt\u201d<\/a>&nbsp;tama\u015fas\u0131nda Nayman Anan\u0131 oynay\u0131ram. O roluma g\u00f6r\u0259 Q\u0131r\u011f\u0131z\u0131standa \u0259n yax\u015f\u0131 aktrisa se\u00e7ildim. Bir d\u0259&nbsp;<a href=\"https:\/\/kulis.az\/xeber\/media\/sukriyye-tamasasi-yeniden-milli-dram-teatrinin-sehnesinde-53908\" target=\"_blank\" rel=\"noreferrer noopener\">\u201c\u015e\u00fckriyy\u0259\u201d<\/a>&nbsp;tama\u015fas\u0131nda Z\u00f6hr\u0259 obraz\u0131 var. Bu iki rola m\u0259n \u00f6z m\u00f6h\u00fcr\u00fcm\u00fc vurmu\u015fam. He\u00e7 vaxt \u201cm\u0259n-m\u0259n\u201d dem\u0259mi\u015f\u0259m, ancaq indi g\u00f6r\u00fcr\u0259m ki, laz\u0131md\u0131r.<\/p>\n\n\n\n<p><strong>&#8211; Nayman Ana m\u00fcr\u0259kk\u0259b obrazd\u0131r. Rola nec\u0259 haz\u0131rla\u015fd\u0131n\u0131z? N\u0259l\u0259rd\u0259n b\u0259hr\u0259l\u0259ndiniz?<\/strong><\/p>\n\n\n\n<p>&#8211; M\u0259n\u0259 demi\u015fdil\u0259r ki, bir t\u0259l\u0259b\u0259nin diplom tama\u015fas\u0131 olacaq. Dedil\u0259r ki, s\u0259n d\u0259 bu rolu oynayacaqsan. Anar Babal\u0131 il\u0259 i\u015fl\u0259dik. \u018fvv\u0259l m\u0259n\u0259 yad g\u0259lirdi. El\u0259 bilirdim ki, duya, qavraya bilm\u0259r\u0259m. Ancaq sonradan yava\u015f-yava\u015f \u00f6z\u00fcmd\u0259, q\u0259lbimd\u0259 o obraz\u0131 yarada bildim.<\/p>\n\n\n\n<figure class=\"wp-block-image\"><img decoding=\"async\" src=\"https:\/\/kulis.az\/storage\/news\/upload\/IMG_0010_1740571761.jpg\" alt=\"\" title=\"\"><\/figure>\n\n\n\n<p><strong>&#8211; Tama\u015fadan \u0259vv\u0259lki h\u0259y\u0259can&#8230; Alq\u0131\u015flar&#8230; Pe\u015f\u0259karla\u015fandan sonra o h\u0259y\u0259can itmir ki?<\/strong><\/p>\n\n\n\n<p>&#8211; Teatrda i\u015fl\u0259y\u0259n h\u0259r k\u0259s bilir ki, m\u0259n ne\u00e7\u0259 ildir oynama\u011f\u0131ma baxmayaraq, h\u0259r d\u0259f\u0259 \u201cManqurt\u201d tama\u015fas\u0131ndan \u0259vv\u0259l h\u0259y\u0259canlan\u0131ram. M\u0259nim yem\u0259yim-suyum tama\u015fa\u00e7\u0131n\u0131n alq\u0131\u015f\u0131d\u0131r.<\/p>\n\n\n\n<p>Bu yax\u0131nlarda 7-8-ci sinif \u015fagirdl\u0259ri \u00fc\u00e7\u00fcn bir tama\u015fada oynad\u0131m. M\u0259n oynad\u0131qca g\u00f6r\u00fcrd\u00fcm ki, o u\u015faqlar a\u011flay\u0131r. Dem\u0259k ki, o duy\u011funu onlara \u00f6t\u00fcr\u0259 bilmi\u015f\u0259m. Sonra bir-bir onlarla \u015f\u0259kill\u0259r \u00e7\u0259kdirmi\u015f\u0259m. U\u015faqlarla i\u015fl\u0259m\u0259yi sevir\u0259m. B\u0259zil\u0259ri f\u0259xri ad alandan sonra u\u015faq tama\u015falar\u0131nda oynam\u0131rlar. Ancaq m\u0259nim \u00fc\u00e7\u00fcn f\u0259rqi yoxdur.<\/p>\n\n\n\n<p><strong>Mehriban Xanlarovan\u0131n ail\u0259si<\/strong><\/p>\n\n\n\n<p><strong>&#8211; Bel\u0259 koloritli aktrisa nec\u0259 bir ail\u0259d\u0259 do\u011fulub?<\/strong><\/p>\n\n\n\n<p>&#8211; Kas\u0131b f\u0259hl\u0259 ail\u0259sind\u0259 anadan olmu\u015fam. R\u0259hm\u0259tlik atam lal-kar idi. Anam sa\u011fd\u0131r, o da lal-kard\u0131r. 2-ci mikorayonda do\u011fulmu\u015fam. Yeddi u\u015fa\u011f\u0131n d\u00f6rd\u00fcnc\u00fcs\u00fc olmu\u015fam. Haz\u0131rda bir qarda\u015f, iki bac\u0131 qalm\u0131\u015f\u0131q. \u00c7oxunu cavan itirmi\u015fik.<\/p>\n\n\n\n<p><strong>&#8211; Anadang\u0259lm\u0259 lal-kar idil\u0259r?<\/strong><\/p>\n\n\n\n<p>&#8211; Atamda yeddi ya\u015f\u0131ndan sonra oldu. Meningit olub, ondan sonra problem yaran\u0131b. Deyibl\u0259r, Leninqrada (indiki Sankt-Peterburq) apar\u0131n, babam aparmay\u0131b ki, u\u015faq \u00f6l\u0259r. Anam is\u0259 anadamg\u0259lm\u0259 el\u0259 olub. Ancaq bizim he\u00e7 birimizd\u0259 bel\u0259 problem olmay\u0131b.<\/p>\n\n\n\n<figure class=\"wp-block-image\"><img decoding=\"async\" src=\"https:\/\/kulis.az\/storage\/news\/upload\/IMG_0025_1740571825.jpg\" alt=\"\" title=\"\"><\/figure>\n\n\n\n<p><strong>&#8211; Amma ist\u0259r-ist\u0259m\u0259z bel\u0259 bir ail\u0259d\u0259 do\u011fulma\u011f\u0131n, ya\u015fama\u011f\u0131n \u00e7\u0259tinlikl\u0259ri olub.<\/strong><\/p>\n\n\n\n<p>&#8211; \u018flb\u0259tt\u0259. Lal dilin\u0259 o q\u0259d\u0259r \u00f6yr\u0259nmi\u015fdik ki, qon\u015fu n\u0259s\u0259 ist\u0259y\u0259nd\u0259 lalca ist\u0259yirdi, sonra g\u0259tirirdim. Sonra yava\u015f-yava\u015f \u00f6yr\u0259\u015fdim. M\u0259n \u00fc\u00e7\u00fcnc\u00fc sinif\u0259 q\u0259d\u0259r h\u0259rf tan\u0131mam\u0131\u015fam. \u00c7\u00fcnki \u00f6yr\u0259d\u0259n olmay\u0131b. 190 sayl\u0131 m\u0259kt\u0259b\u0259 ged\u0259nd\u0259n sonra \u00f6yr\u0259ndim.<\/p>\n\n\n\n<p><strong>Mehriban Xanlarova il\u0259 Zeyn\u0259b Xanlarovan\u0131n m\u00fcnasib\u0259tl\u0259ri nec\u0259dir?<\/strong><\/p>\n\n\n\n<p><strong>&#8211; B\u0259lk\u0259, el\u0259 buna g\u00f6r\u0259&nbsp;<a href=\"https:\/\/kulis.az\/xeber\/media\/haqqinda-olum-xeberi-yayildi-konsertinden-yigilan-meblegi-cernobila-yolladi-85-yasli-zeyneb-xanlarova-haqqinda-bilmediklerimiz-40531\" target=\"_blank\" rel=\"noreferrer noopener\">Zeyn\u0259b xan\u0131m (Zeyn\u0259b Xanlarova)<\/a>&nbsp;sizi \u00f6z himay\u0259sin\u0259 g\u00f6t\u00fcr\u00fcb.<\/strong><\/p>\n\n\n\n<p>&#8211; B\u0259li. M\u0259n v\u0259 b\u00f6y\u00fck bac\u0131m onlara getdik. Onun \u00fcz\u0259rimizd\u0259 b\u00f6y\u00fck \u0259m\u0259yi var. Bu \u0259m\u0259yi dansam, Allah burnumdan g\u0259tir\u0259r. O ail\u0259nin say\u0259sind\u0259 oxuma-yazma \u00f6yr\u0259ndim.<\/p>\n\n\n\n<p><strong>&#8211; H\u0259min vaxtlar Zeyn\u0259b Xanlarova \u00f6lk\u0259nin bir n\u00f6mr\u0259li m\u00fc\u011f\u0259nnisi idi. Onunla birg\u0259 ya\u015fad\u0131\u011f\u0131n\u0131z g\u00fcnl\u0259ri nec\u0259 xat\u0131rlay\u0131rs\u0131n\u0131z?<\/strong><\/p>\n\n\n\n<p>&#8211; \u00c7ox yax\u015f\u0131. S\u0259mimi idi. Qay\u011f\u0131m\u0131za qal\u0131rd\u0131. O, d\u00fcnyan\u0131n f\u0259xri oldu\u011fu kimi ail\u0259mizin d\u0259 f\u0259xridir.<\/p>\n\n\n\n<p><strong>&#8211; B\u0259s nec\u0259 oldu o evd\u0259n \u00e7\u0131xd\u0131n\u0131z?<\/strong><\/p>\n\n\n\n<p>&#8211; M\u0259n 8-ci sinifd\u0259n art\u0131q m\u0259kt\u0259bd\u0259n \u00e7\u0131xm\u0131\u015fd\u0131m. Davam el\u0259m\u0259dim. Ail\u0259y\u0259 y\u00fck olmamaq \u00fc\u00e7\u00fcn oyuncaq fabrikind\u0259 i\u015fl\u0259dim. G\u0259l\u0259c\u0259yimi fikirl\u0259\u015fdim, gec\u0259 m\u0259kt\u0259bin\u0259 s\u0259n\u0259dl\u0259rimi verdim. M\u0259n ist\u0259mi\u015f\u0259m ki, ail\u0259m he\u00e7 n\u0259d\u0259n geri qalmas\u0131n.<\/p>\n\n\n\n<figure class=\"wp-block-image\"><img decoding=\"async\" src=\"https:\/\/kulis.az\/storage\/news\/upload\/IMG_0037_1740571870.jpg\" alt=\"\" title=\"\"><\/figure>\n\n\n\n<p><strong>&#8211; Qonum-qon\u015funun siz\u0259 m\u00fcnasib\u0259ti nec\u0259 idi?<\/strong><\/p>\n\n\n\n<p>&#8211; \u00c7ox yax\u015f\u0131. O vaxt qon\u015fular\u0131m\u0131z\u0131n \u00e7oxu erm\u0259nil\u0259r idi. Ne\u00e7\u0259sini tutub d\u00f6ym\u00fc\u015f\u0259m. S\u00f6z g\u00f6t\u00fcr\u0259n deyildim. \u0130ndi fikirl\u0259\u015fir\u0259m ki, el\u0259 yax\u015f\u0131 el\u0259yib d\u00f6ym\u00fc\u015f\u0259m. \u0130ndi qon\u015fular\u0131n bir-birind\u0259n x\u0259b\u0259ri yoxdur.<\/p>\n\n\n\n<p><strong>Mehriban Xanlarova kinoya nec\u0259 g\u0259ldi?<\/strong><\/p>\n\n\n\n<p><strong>&#8211; Sizi bel\u0259 bir ail\u0259d\u0259n kinoya n\u0259 g\u0259tirdi?<\/strong><\/p>\n\n\n\n<p>&#8211; He\u00e7 vaxt aktrisa omaq arzum olmay\u0131b. M\u0259kt\u0259b t\u0259dbirl\u0259rind\u0259 mahn\u0131 oxuyurdum. Ancaq aktrisa olaca\u011f\u0131m a\u011fl\u0131ma da g\u0259lm\u0259zdi. M\u0259n Moskvaya getm\u0259k ist\u0259yirdim. O vaxt kinostudiyada s\u0259n\u0259d y\u0131\u011f\u0131rd\u0131lar. D\u00f6rd n\u0259f\u0259r idik:iki q\u0131z, iki o\u011flan.&nbsp;<a href=\"https:\/\/kulis.az\/xeber\/media\/atasini-olene-kimi-gormedi-xalq-artisti-adini-alan-gun-anasi-itkin-dusdu-valideyni-aile-qurmagina-qadaga-qoydu-xalq-artisti-haqqinda-maraqli-faktlar-40925\" target=\"_blank\" rel=\"noreferrer noopener\">H\u0259mid\u0259 \u00d6m\u0259rova<\/a>&nbsp;da orada idi. M\u0259ni \u015f\u0259kil \u00e7\u0259kdirm\u0259y\u0259 apard\u0131. Sonra&nbsp;<a href=\"https:\/\/kulis.az\/xeber\/senet\/xeber________________________________________-15254\" target=\"_blank\" rel=\"noreferrer noopener\">\u201cSar\u0131k\u00f6yn\u0259k v\u0259 Valehin na\u011f\u0131l\u0131\u201d<\/a>&nbsp;filmi \u00fc\u00e7\u00fcn s\u0131naq \u00e7\u0259kili\u015fl\u0259ri oldu. O \u00e7\u0259kili\u015fl\u0259r d\u0259 Moskvaya g\u00f6nd\u0259rildi. He\u00e7 a\u011fl\u0131ma da g\u0259lm\u0259zdi ki, se\u00e7il\u0259r\u0259m. Birinci turdan ke\u00e7dim. \u0130kinci s\u0131naqdan k\u0259sildim. A\u011flaya-a\u011flaya \u00e7\u0131x\u0131rd\u0131m ki, kims\u0259 \u00e7a\u011f\u0131rd\u0131 ki, Akina, g\u0259l. Akina da h\u0259min d\u00f6vrl\u0259rd\u0259 Filippinin prezidenti idi. M\u0259ni ona ox\u015fad\u0131rd\u0131lar. Dedil\u0259r ki, se\u00e7ilmis\u0259n. Q\u0259b\u0259l\u0259y\u0259 getdik. E\u015fidirdim, deyirdil\u0259r ki, bu q\u0131z kameran\u0131n qaba\u011f\u0131nda \u00e7ox s\u0259rb\u0259stdir.&nbsp;<a href=\"https:\/\/www.kulis.az\/xeber\/media\/ehtiyacdan-evini-satdi-muslum-maqomayevin-emanetini-itirdi-hami-onu-meshur-aktrisa-ile-sevgili-bildi-41215\" target=\"_blank\" rel=\"noreferrer noopener\">\u018fhm\u0259d Salahov<\/a>&nbsp;\u0259limd\u0259n tutdu, g\u0259ldik \u0130nc\u0259s\u0259n\u0259t \u0130nstitutuna.&nbsp;<a href=\"http:\/\/www.kulis.az\/news\/17301\" target=\"_blank\" rel=\"noreferrer noopener\">\u015e\u0259fiq\u0259 M\u0259mm\u0259dova<\/a>&nbsp;dedi ki, s\u0259n\u0259dl\u0259rini ver. Verdim, iki 5 ald\u0131m, bir 4. Sevincimin h\u0259ddi-h\u00fcdudu yox idi.<\/p>\n\n\n\n<figure class=\"wp-block-image\"><img decoding=\"async\" src=\"https:\/\/kulis.az\/storage\/news\/upload\/Betterimage.ai_1740571967451_1740571986.jpeg\" alt=\"\" title=\"\"><\/figure>\n\n\n\n<p><em><strong>Mehriban Xanlarova &#8220;Sar\u0131k\u00f6yn\u0259kl\u0259 Valehin na\u011f\u0131l\u0131&#8221; filmind\u0259<\/strong><\/em><\/p>\n\n\n\n<p><strong>&#8211; Deyirsiniz ki, aktrisa olmaq arzum yox idi. B\u0259s nec\u0259 sevdiniz bu s\u0259n\u0259ti?<\/strong><\/p>\n\n\n\n<p>&#8211; M\u0259n\u0259 bu s\u0259n\u0259ti tama\u015fa\u00e7\u0131 r\u0259\u011fb\u0259ti sevdirdi. \u0130nstitutda oxuyurdum, m\u0259n\u0259 m\u0259ktublar yaz\u0131rd\u0131lar. O vaxt yegan\u0259 kanal AzTV idi. Ora \u00e7\u0131x\u0131rd\u0131m. H\u0259r d\u0259f\u0259 \u00e7\u0131xanda qonorar verirdil\u0259r.<\/p>\n\n\n\n<p><strong>Az\u0259rbaycan kinosunun ilk &#8220;fahi\u015f\u0259si&#8221;<\/strong><\/p>\n\n\n\n<p><strong>&#8211; Siz Az\u0259rbaycan kinosunda fahi\u015f\u0259 obraz\u0131n\u0131 canland\u0131ran ilk aktrisas\u0131n\u0131z.&nbsp;<a href=\"https:\/\/kulis.az\/xeber\/kino\/efire-verilmeyen-terbiyesiz-kinomuz-aktrisamiz-niye-ermeni-fahise-roluna-cekilmisdi-55900\" target=\"_blank\" rel=\"noreferrer noopener\">\u201cSahilsiz gec\u0259\u201d<\/a>&nbsp;filmind\u0259ki Zibeyd\u0259 obraz\u0131. T\u0259klif nec\u0259 g\u0259ldi?<\/strong><\/p>\n\n\n\n<p>&#8211; \u0130lk filmimin \u00e7\u0259kili\u015find\u0259 burnunda dan\u0131\u015fan bir ki\u015fi var idi. Bir g\u00fcn institutda idim, dedil\u0259r ki, \u015eahmar m\u00fc\u0259llim (<a href=\"http:\/\/kulis.az\/xeber\/media\/filmine-qadaga-qoyulan-olum-ayaginda-hec-kimi-gormek-istemeyen-sahmar-elekberov-56045\" target=\"_blank\" rel=\"noreferrer noopener\">\u015eahmar \u018fl\u0259kb\u0259rov<\/a>) s\u0259ni \u00e7a\u011f\u0131r\u0131r. S\u0259n dem\u0259, o ki\u015fi \u015eahmar m\u00fc\u0259llim\u0259 m\u0259ni m\u0259sl\u0259h\u0259t g\u00f6r\u00fcb, o da deyib ki, g\u0259lsin, bax\u0131m. \u015eahmar m\u00fc\u0259llim m\u0259ni,&nbsp;<a href=\"https:\/\/kulis.az\/xeber\/media\/nuriyye-ehmedovanin-nevesi-o-nenemi-isteyirdise-gerek-hec-bu-barede-danismayaydi-musahibe-56813\" target=\"_blank\" rel=\"noreferrer noopener\">Nuriyy\u0259 \u018fhm\u0259dovan\u0131<\/a>&nbsp;v\u0259 K\u0259mal\u0259 M\u00fcz\u0259ff\u0259ri se\u00e7di. Orda vuru\u015fma s\u0259hn\u0259sini bir dubla \u00e7\u0259kmi\u015fik.<\/p>\n\n\n\n<p><strong>&#8211; O obraz sizin pasportunuzdur. Zibeyd\u0259d\u0259 sizd\u0259n n\u0259 var?<\/strong><\/p>\n\n\n\n<p>&#8211; M\u0259n d\u0259 h\u0259r \u015feyi \u00f6z z\u0259hm\u0259timl\u0259, di\u015fiml\u0259-d\u0131rna\u011f\u0131mla qazanm\u0131\u015fam. Vaxtil\u0259 m\u0259nim d\u0259 g\u00f6z\u00fcm\u00fcn qaba\u011f\u0131ndan sevdiyimin toy xon\u00e7alar\u0131 ke\u00e7ib. Anam-atam lal-kar oldu\u011funa g\u00f6r\u0259 sevdiyim o\u011flan\u0131 ba\u015fqas\u0131 il\u0259 evl\u0259ndiribl\u0259r.<\/p>\n\n\n\n<figure class=\"wp-block-image\"><img decoding=\"async\" src=\"https:\/\/kulis.az\/storage\/news\/upload\/Betterimage.ai_1740572046062_1740572072.jpeg\" alt=\"\" title=\"\"><\/figure>\n\n\n\n<p><em><strong>Mehriban Xanlarova &#8220;Sahilsiz gec\u0259&#8221; filmind\u0259<\/strong><\/em><\/p>\n\n\n\n<p><strong>&#8211; Deyirl\u0259r ki, o filmd\u0259n sonra sizi d\u00f6y\u00fcbl\u0259r.<\/strong><\/p>\n\n\n\n<p>&#8211; Q\u0259tiyy\u0259n! Yaland\u0131r ham\u0131s\u0131. D\u00fczd\u00fc, qad\u0131nlar y\u0131\u011f\u0131\u015f\u0131b kinostudiyan\u0131n h\u0259y\u0259tin\u0259 g\u0259libl\u0259r, ancaq d\u00f6y\u00fclm\u0259 olmay\u0131b. O film bu g\u00fcn d\u0259 \u00e7\u0259kils\u0259, sev\u0259-sev\u0259 oynayaram.<\/p>\n\n\n\n<p><strong>&#8211; Ondan sonra davam\u0131 g\u0259lm\u0259di sanki&#8230;<\/strong><\/p>\n\n\n\n<p>&#8211; \u201cQ\u0259z\u0259lxan\u201dda \u00e7\u0259kildim. Ki\u00e7ik rol idi, ancaq \u015eahmar m\u00fc\u0259llim\u0259 g\u00f6r\u0259 oynad\u0131m. Bu yax\u0131nlarda bir seriala d\u0259v\u0259t el\u0259dil\u0259r, imtina el\u0259dim. \u0130st\u0259diyim qonorar verilm\u0259s\u0259, \u00e7\u0259kilm\u0259y\u0259c\u0259m. M\u0259n so\u011fanla, d\u0259rmanla a\u011flayan aktrisalardan deyil\u0259m. Y\u0131x\u0131lsam da, do\u011frudan y\u0131x\u0131laram, \u015fill\u0259 yes\u0259m d\u0259, do\u011frudan yeyir\u0259m.<\/p>\n\n\n\n<p><strong>Mehriban Xanlarovan\u0131n Zaur Bax\u015f\u0259liyevin verili\u015find\u0259ki \u00e7\u0131x\u0131\u015f\u0131<\/strong><\/p>\n\n\n\n<p><strong>&#8211; Qonorar\u0131n\u0131z n\u0259 q\u0259d\u0259rdir?<\/strong><\/p>\n\n\n\n<p>&#8211; Serial \u00fc\u00e7\u00fcn ayl\u0131q 1500 manat. Kim vers\u0259, oynayacam, verm\u0259s\u0259, yox. B\u0259zil\u0259ri deyir ki, \u0259v\u0259zolunmaz aktrisa yoxdu. Kim m\u0259ni \u0259v\u0259z el\u0259y\u0259 bil\u0259r?<\/p>\n\n\n\n<p><strong>&#8211; Televiziyalara ekspert kimi d\u0259 qonorarla \u00e7\u0131x\u0131rs\u0131n\u0131z?<\/strong><\/p>\n\n\n\n<p>&#8211; Xeyr. M\u0259n emosional dan\u0131\u015f\u0131ram, s\u00f6z\u00fc \u00fcz\u0259 deyir\u0259m. B\u0259zil\u0259ri bunu q\u0259bul el\u0259m\u0259k ist\u0259mir. \u0130st\u0259yirl\u0259r ki, s\u0259n d\u0259 yaltaql\u0131q el\u0259y\u0259s\u0259n. M\u0259n haqq\u0131 dem\u0259y\u0259c\u0259ms\u0259, orada niy\u0259 otururam? M\u0259n buyam. Bundan sonra d\u0259yi\u015fm\u0259y\u0259c\u0259m ki. B\u0259z\u0259n deyirl\u0259r ki, siz\u0259 yara\u015fd\u0131rm\u0131r\u0131q el\u0259 verili\u015fl\u0259r\u0259 \u00e7\u0131xma\u011f\u0131. Ancaq tama\u015fa\u00e7\u0131lar m\u0259n\u0259 yaz\u0131r ki, siz efir\u0259 \u00e7\u0131xanda bax\u0131r\u0131q verili\u015f\u0259.<\/p>\n\n\n\n<p><strong>&#8211; Sizi orada \u0259n \u00e7ox sars\u0131dan hadis\u0259 hans\u0131 olub?<\/strong><\/p>\n\n\n\n<p>&#8211; Orada 19 ya\u015fl\u0131 fiziki q\u00fcsurlu q\u0131z var. B\u00f6y\u00fck s\u00f6z\u00fcn\u0259 qulaq asm\u0131r. M\u0259n burdan \u00e7\u0131x\u0131b, o verili\u015f\u0259 gedib o m\u00f6vzunu ba\u011flayacam. \u018fkb\u0259r var, q\u0131zdan &#8211; P\u0259rvind\u0259n bo\u015fanmay\u0131b, \u00f6z\u00fcn\u0259 t\u0259z\u0259 q\u0131z axtar\u0131r. S\u0259n niy\u0259 efird\u0259n q\u0131z axtar\u0131rsan? N\u0259y\u0259 g\u00f6r\u0259 ilk d\u0259f\u0259 evl\u0259n\u0259nd\u0259 dem\u0259din ki, m\u0259n\u0259 fiziki m\u0259hdudiyy\u0259tli xan\u0131m g\u0259lsin, onunla evl\u0259nm\u0259k ist\u0259yir\u0259m? M\u0259n\u0259 n\u0259l\u0259rs\u0259 dedi. M\u0259n d\u0259 dedim ki, o q\u0131z sa\u011flam idi, arxas\u0131nda duranlar var idi, bunun yoxdur. Buna biz dayaq olmal\u0131y\u0131q. V\u0259 niy\u0259 bu q\u0131z \u0259r fikirl\u0259\u015fir? S\u0259n h\u0259l\u0259 bir m\u00fcalic\u0259 olun, d\u00fcz\u0259l. Oxuyursan da. \u018fkb\u0259r d\u0259 bunun atas\u0131 ya\u015f\u0131ndad\u0131r. \u0130ndi anas\u0131 sa\u011fd\u0131r, o bax\u0131r. Anas\u0131 \u00f6l\u0259nd\u0259n sonra ona baxacaqsan, quca\u011f\u0131nda g\u0259zdir\u0259c\u0259ks\u0259n, \u00e7imizdir\u0259c\u0259ks\u0259n, alt\u0131n\u0131 t\u0259mizl\u0259y\u0259c\u0259ks\u0259n? S\u0259n d\u0259 ki\u015fis\u0259n, ist\u0259y\u0259rs\u0259n ki, yolda\u015f\u0131n qullu\u011funda dursun.<\/p>\n\n\n\n<figure class=\"wp-block-image\"><img decoding=\"async\" src=\"https:\/\/kulis.az\/storage\/news\/upload\/IMG_0057_1740572148.jpg\" alt=\"\" title=\"\"><\/figure>\n\n\n\n<p><strong>&#8211; Bu \u00e7\u0131x\u0131\u015flarda \u0259s\u0259b, stres ya\u015fay\u0131rs\u0131n\u0131z. \u00dcst\u0259lik, teatrda. \u00d6z\u00fcn\u00fcz\u0259 yaz\u0131\u011f\u0131n\u0131z g\u0259lmir?<\/strong><\/p>\n\n\n\n<p>&#8211; M\u0259ni m\u0259nd\u0259n \u00e7ox tama\u015fa\u00e7\u0131lar\u0131m fikirl\u0259\u015fir. D\u0259f\u0259l\u0259rl\u0259 yaz\u0131rlar ki, xahi\u015f el\u0259yirik, \u0259s\u0259bil\u0259\u015fm\u0259yin. Evinizd\u0259 ya\u015fl\u0131 anan\u0131z var. Ha ist\u0259yir\u0259m \u00f6z\u00fcm\u00fc cilovlay\u0131m, al\u0131nm\u0131r. Bir d\u0259f\u0259 sakit oturmu\u015fdum, Zaur dedi ki, ay Mehriban xan\u0131m, nolub siz\u0259? Dedim ki, m\u00f6vzu m\u0259nlik deyil. H\u0259yas\u0131z da des\u0259l\u0259r, aqressiv d\u0259 des\u0259l\u0259r, vecim\u0259 deyil. N\u0259 varsa, onu deyir\u0259m.<\/p>\n\n\n\n<p><strong>&#8211;&nbsp;<a href=\"https:\/\/kulis.az\/xeber\/media\/goturek-ele-milli-detektiv-xosqedem-hidayetqizini-insani-asta-asta-olduren-zeher-53298\" target=\"_blank\" rel=\"noreferrer noopener\">Zaur Bax\u015f\u0259liyev d\u0259<\/a>&nbsp;sanki h\u0259r \u015feyi siz\u0259 y\u00f6n\u0259ldir ki, dan\u0131\u015fas\u0131n\u0131z.<\/strong><\/p>\n\n\n\n<p>&#8211; O, verili\u015fin layih\u0259 r\u0259hb\u0259ridir. Bilir ki, m\u0259n n\u0259 des\u0259m, haqq\u0131na dey\u0259c\u0259m. B\u0259z\u0259n onunla da raz\u0131la\u015fm\u0131ram. Fikrimi d\u0259 el\u0259 ona birba\u015fa deyir\u0259m. Biz g\u0259ncl\u0259rimiz\u0259 n\u0259 mesaj \u00f6t\u00fcr\u00fck? Deyirik ki, 18 ya\u015f\u0131nda q\u0131zlar 50-60 ya\u015fl\u0131 ki\u015fil\u0259rl\u0259 evl\u0259n\u0259 bil\u0259r?<\/p>\n\n\n\n<p><strong>Mehriban Xanlarova q\u0131z\u0131ndan imtina etdi.<\/strong><\/p>\n\n\n\n<p><strong>&#8211; \u201cQ\u0131z\u0131m\u201d dediyiniz&nbsp;<a href=\"https:\/\/kulis.az\/index.php\/xeber\/media\/mehriban-xanlarova-ovladliga-goturduyu-bacisi-qizindan-niye-imtina-edib-57836\" target=\"_blank\" rel=\"noreferrer noopener\">bac\u0131n\u0131z q\u0131z\u0131ndan imtina etdiyinizi<\/a>&nbsp;d\u0259 orda a\u00e7\u0131qland\u0131n\u0131z. Buna sizi n\u0259 vadar el\u0259di?<\/strong><\/p>\n\n\n\n<p>&#8211; M\u0259n d\u00fczl\u00fcy\u00fcm\u00fc qoruyub saxlad\u0131\u011f\u0131m \u00fc\u00e7\u00fcn q\u0131z\u0131mdan imtina el\u0259dim. \u00d6z\u00fcn\u0259 dem\u0259dim, \u0259vv\u0259lc\u0259 s\u0259hif\u0259md\u0259, sonra verili\u015fd\u0259 a\u00e7\u0131qlad\u0131m. Soyuqluq \u0259vv\u0259ld\u0259n yaranm\u0131\u015fd\u0131. M\u0259n onu \u00e7ox ba\u011f\u0131\u015flam\u0131\u015fam, ancaq bu d\u0259f\u0259 m\u00fcmk\u00fcn deyil. Yalan dan\u0131\u015fm\u0131\u015fd\u0131 m\u0259n\u0259. N\u0259v\u0259l\u0259riml\u0259 ba\u011fl\u0131 m\u0259s\u0259l\u0259l\u0259r d\u0259 var idi. N\u0259 olursa olsun, o u\u015faqlar\u0131n d\u00f6rd\u00fc d\u0259 m\u0259nim yan\u0131mdad\u0131. H\u0259r g\u00fcn yalan m\u00f6vzusunu ortaya at\u0131ram.<\/p>\n\n\n\n<p><strong>&#8211; Q\u0131z\u0131n\u0131z indi sizinl\u0259 bir yerd\u0259 ya\u015fam\u0131r?<\/strong><\/p>\n\n\n\n<p>&#8211; Xeyr. Ancaq n\u0259v\u0259l\u0259rim. Onlar da getmir. \u00d6vladlar\u0131n\u0131 qoyub yan\u0131ma \u00e7\u0131x\u0131b gedib. D\u0259f\u0259l\u0259rl\u0259 demi\u015f\u0259m ki, g\u0259l apar. Bir az \u0259zab \u00e7\u0259k\u0259r\u0259m, amma ke\u00e7\u0259r.<\/p>\n\n\n\n<figure class=\"wp-block-image\"><img decoding=\"async\" src=\"https:\/\/kulis.az\/storage\/news\/upload\/IMG_0060_1740572183.jpg\" alt=\"\" title=\"\"><\/figure>\n\n\n\n<p><strong>&#8211; Ondan sonra ba\u011f\u0131\u015flanma\u011f\u0131 \u00fc\u00e7\u00fcn g\u0259lm\u0259di?<\/strong><\/p>\n\n\n\n<p>&#8211; Xeyr. O insan m\u0259nim h\u0259yat\u0131mda yoxdur. Olmay\u0131b, olmayacaq da. Silmi\u015f\u0259m onu.<\/p>\n\n\n\n<p><strong>&#8211; Siz \u00f6z\u00fcn\u00fcz d\u0259 verili\u015fl\u0259r aparm\u0131s\u0131n\u0131z. X\u00fcsusil\u0259 d\u0259 ARB TV-d\u0259ki verili\u015finiz \u00e7ox t\u0259nqid olunub. T\u0259nqidl\u0259r\u0259 m\u00fcnasib\u0259tiniz nec\u0259dir?<\/strong><\/p>\n\n\n\n<p>&#8211; Vecim\u0259 d\u0259 deyil. Soru\u015furdular ki, o verili\u015f niy\u0259 ba\u011fland\u0131? \u201cVan Dam&#8221; nec\u0259 g\u0259ldis\u0259 a\u011f\u0131r aya\u011f\u0131 il\u0259, ba\u011fland\u0131.<\/p>\n\n\n\n<p><strong>&#8211; Qonaqlar\u0131 siz se\u00e7irdiniz?<\/strong><\/p>\n\n\n\n<p>&#8211; Yox. M\u0259n, sad\u0259c\u0259, apar\u0131c\u0131 idim.<\/p>\n\n\n\n<p><strong>&#8211; Televiziyan\u0131n haz\u0131rk\u0131 v\u0259ziyy\u0259ti sizi qane el\u0259yir?<\/strong><\/p>\n\n\n\n<p>&#8211; B\u0259z\u0259n deyirl\u0259r ki, maarifl\u0259ndirici verili\u015fl\u0259r yoxdur. Ancaq guya m\u0259n des\u0259m, m\u0259n\u0259 ver\u0259c\u0259kl\u0259r o verili\u015fi? Kiml\u0259r\u0259 verdikl\u0259ri b\u0259llidir.<\/p>\n\n\n\n<figure class=\"wp-block-image\"><img decoding=\"async\" src=\"https:\/\/kulis.az\/storage\/news\/upload\/IMG_0068_1740572233.jpg\" alt=\"\" title=\"\"><\/figure>\n\n\n\n<p><strong>Mehriban Xanlarovan\u0131n \u0130rana giri\u015fi niy\u0259 qada\u011fan olunub?<\/strong><\/p>\n\n\n\n<p><strong>&#8211; \u0130rana giri\u015finiz qada\u011fan olunmu\u015fdu? Qada\u011fa h\u0259l\u0259 d\u0259 q\u00fcvv\u0259d\u0259dir?<\/strong><\/p>\n\n\n\n<p>&#8211; El\u0259 yax\u015f\u0131 yad\u0131ma sald\u0131n\u0131z. Tamam unutmu\u015fdum, inan\u0131rs\u0131n\u0131z?<\/p>\n\n\n\n<p>Bilmir\u0259m s\u0259b\u0259bini. N\u0259 bura n\u0259s\u0259 deyir, n\u0259 d\u0259 ora. Getm\u0259diyim yer qalmad\u0131. Pandemiya d\u00fc\u015fd\u00fc, dayand\u0131m.<\/p>\n\n\n\n<p>M\u0259s\u0259l\u0259n, Nax\u00e7\u0131vana ged\u0259nd\u0259 bilir\u0259m ki, qoymayacaqlar. \u015e\u0259rt deyil ki, t\u0259yyar\u0259 il\u0259 gedim. Avtobusla da ged\u0259 bil\u0259r\u0259m. \u0130ndi ged\u0259c\u0259m nazirliy\u0259, xahi\u015f el\u0259y\u0259c\u0259m ki, bu m\u0259s\u0259l\u0259y\u0259 bax\u0131ls\u0131n.<\/p>\n\n\n\n<p><strong>&#8211; T\u0259xmin el\u0259yirsiniz s\u0259b\u0259bini?<\/strong><\/p>\n\n\n\n<p>&#8211; Vallah, yox. Bir ara anam, bac\u0131m, qarda\u015f\u0131m x\u0259st\u0259 oldu, \u00e7ox gedib-g\u0259ldim.<\/p>\n\n\n\n<p>H\u0259tta bir d\u0259f\u0259 Az\u0259rbaycan g\u00f6mr\u00fcy\u00fc m\u0259ni narkotik\u0259 g\u00f6r\u0259 saxlam\u0131\u015fd\u0131. Dedil\u0259r ki, ke\u00e7 ota\u011fa. Orda \u00f6z\u00fcmd\u0259n \u00e7\u0131xd\u0131m. Dedim ki, siz kimi yoxlay\u0131rs\u0131n\u0131z? Dedim, \u00e7antalar\u0131m oradad\u0131r. Dedil\u0259r ki, yox, daxili yoxlanmalar laz\u0131md\u0131r. Dedim, yoxlanmal\u0131 insanlar qal\u0131b q\u0131raqda, m\u0259n boyda s\u0259n\u0259tkar\u0131 yoxlay\u0131rs\u0131n\u0131z.<\/p>\n\n\n\n<p><strong>&#8211; Yoxlad\u0131lar?<\/strong><\/p>\n\n\n\n<p>&#8211; Yox. Buraxd\u0131lar.<\/p>\n\n\n\n<figure class=\"wp-block-image\"><img decoding=\"async\" src=\"https:\/\/kulis.az\/storage\/news\/upload\/IMG_0073_1740572265.jpg\" alt=\"\" title=\"\"><\/figure>\n\n\n\n<p><strong>&#8211; B\u0259lk\u0259, el\u0259 ona g\u00f6r\u0259 olub?<\/strong><\/p>\n\n\n\n<p>&#8211; Bizimki il\u0259 problemim yoxdur. \u0130ranlad\u0131r problem. Bir d\u0259f\u0259 ged\u0259nd\u0259 dedil\u0259r, olmaz. S\u0259b\u0259b? He\u00e7 n\u0259 yoxdur. El\u0259 bil ki, gestapodurlar.<\/p>\n\n\n\n<p><strong>&#8211; \u0130ranla ba\u011fl\u0131 \u00e7\u0131x\u0131\u015flar\u0131n\u0131z olmay\u0131b? B\u0259zi s\u0259n\u0259t\u00e7il\u0259rin var.<\/strong><\/p>\n\n\n\n<p>&#8211; Yox, olmay\u0131b. M\u0259n, sad\u0259c\u0259, h\u0259kim\u0259 getmi\u015f\u0259m. Faringitim var idi. Bir d\u0259 ail\u0259m \u00fc\u00e7\u00fcn getmi\u015f\u0259m.<\/p>\n\n\n\n<p><strong>&#8211; M\u0259n ke\u00e7\u0259n il iyulda siz\u0259 z\u0259ng el\u0259y\u0259nd\u0259 qarda\u015f\u0131n\u0131z\u0131n v\u0259fat el\u0259diyini demi\u015fdiniz. \u00c7ox ba\u011fl\u0131 idiniz ona?<\/strong><\/p>\n\n\n\n<p>&#8211; B\u0259li. M\u0259n iki il qarda\u015f\u0131ma \u00f6z\u00fcm baxm\u0131\u015fam. Yem\u0259yi \u015flanqla gedirdi. M\u0259n onun yem\u0259yini \u00f6z\u00fcm haz\u0131rlay\u0131rd\u0131m, \u0259zib verirdim. G\u00fcn\u0259 b\u0259z\u0259n 3-4 saat yat\u0131rd\u0131m. Ancaq x\u0259st\u0259lik aman verm\u0259di.<\/p>\n\n\n\n<p><strong>&#8211; V\u0259fat ed\u0259nd\u0259 yan\u0131nda idiniz?<\/strong><\/p>\n\n\n\n<p>&#8211; Bir evd\u0259 qal\u0131rd\u0131q da.<\/p>\n\n\n\n<p><strong>Mehriban Xanlarova harada ya\u015fay\u0131r?<\/strong><\/p>\n\n\n\n<p><strong>&#8211; Yen\u0259 d\u0259 o birotaql\u0131 evd\u0259 qal\u0131rs\u0131n\u0131z?<\/strong><\/p>\n\n\n\n<p>&#8211; B\u0259li. Bir d\u0259f\u0259 \u0259s\u0259bil\u0259\u015fib demi\u015fdim ki, o ev m\u0259nim villamd\u0131r.<\/p>\n\n\n\n<p><strong>&#8211; O evd\u0259 ne\u00e7\u0259 n\u0259f\u0259r ya\u015fay\u0131rs\u0131n\u0131z?<\/strong><\/p>\n\n\n\n<p>&#8211; 10 n\u0259f\u0259r.<\/p>\n\n\n\n<p><strong>&#8211; Bir otaqda 10 n\u0259f\u0259r&#8230; \u00c7ox \u00e7\u0259tindir.<\/strong><\/p>\n\n\n\n<p>&#8211; \u018flb\u0259tt\u0259. \u00c7ox \u00e7\u0259tindir. Ancaq buna da \u015f\u00fck\u00fcr.<\/p>\n\n\n\n<p><strong>&#8211; H\u0259mi\u015f\u0259 orada qalm\u0131s\u0131n\u0131z?<\/strong><\/p>\n\n\n\n<p>&#8211; 1995-ci ild\u0259n.<\/p>\n\n\n\n<p><strong>&#8211; 40 il\u0259 yax\u0131nd\u0131r s\u0259n\u0259td\u0259siniz? Daha yax\u015f\u0131 ya\u015fama\u011f\u0131n\u0131z \u00fc\u00e7\u00fcn f\u00fcrs\u0259t olmay\u0131b?<\/strong><\/p>\n\n\n\n<p>&#8211; \u018flb\u0259tt\u0259, m\u0259n ail\u0259md\u0259n ayr\u0131 ya\u015fasayd\u0131m, indi daha yax\u015f\u0131 ya\u015fayard\u0131m. \u00dc\u00e7-d\u00f6rd yerd\u0259 evim olard\u0131. \u018fn bahal\u0131 ma\u015f\u0131nlar\u0131 s\u00fcr\u0259rdim. Ancaq m\u0259n Allah\u0131mdan raz\u0131yam. O m\u0259ni he\u00e7 vaxt darda qoymay\u0131b.<\/p>\n\n\n\n<p><strong>Mehriban Xanlarovaya hans\u0131 t\u00fcrk serial\u0131ndan t\u0259klif g\u0259lmi\u015fdi?<\/strong><\/p>\n\n\n\n<p><strong>&#8211; 2000-ci ild\u0259 siz\u0259 T\u00fcrkiy\u0259d\u0259n t\u0259klif g\u0259lmi\u015fdi. Niy\u0259 qalmad\u0131n\u0131z orada?<\/strong><\/p>\n\n\n\n<p>&#8211; \u201cYa\u011fmur yap\u0131m\u201d\u0131n r\u0259hb\u0259ri Osman Ya\u011fmurd\u0259r\u0259li d\u0259v\u0259t el\u0259mi\u015fdi. \u201cBizim m\u0259h\u0259ll\u0259\u201d serial\u0131nda 350 seriya oynad\u0131m. Sonra ATV-d\u0259 \u201c\u00c7arlinin m\u0259l\u0259kl\u0259ri\u201d serial\u0131nda bir seriya oynad\u0131m. Oradak\u0131 r\u0259qab\u0259t daha \u00e7\u0259tindir. T\u0259klifl\u0259r yen\u0259 g\u0259lirdi, qarda\u015f\u0131m x\u0259st\u0259l\u0259ndi dey\u0259 qay\u0131td\u0131m. Bu yax\u0131nlarda \u201cShow TV\u201dd\u0259 yay\u0131mlanan \u201cQara q\u0259lb\u201d serial\u0131ndan t\u0259klif g\u0259lmi\u015fdi, imtina el\u0259dim. \u00c7\u00fcnki bir seriya \u00e7\u0259kil\u0259c\u0259kdim. Varl\u0131 Az\u0259rbaycan qad\u0131n\u0131 obraz\u0131nda. Dedim ki, m\u0259n boyda s\u0259n\u0259tkar bir seriya \u00fc\u00e7\u00fcn ora niy\u0259 gedim? Ba\u015fqas\u0131 olsayd\u0131, qa\u00e7a-qa\u00e7a ged\u0259rdi.<\/p>\n\n\n\n<figure class=\"wp-block-image\"><img decoding=\"async\" src=\"https:\/\/kulis.az\/storage\/news\/upload\/IMG_0067_1740572324.jpg\" alt=\"\" title=\"\"><\/figure>\n\n\n\n<p><strong>&#8211; M\u00fcsahib\u0259nizd\u0259 deyirsiniz ki, indiki aktrisalar sevi\u015fm\u0259, \u00f6p\u00fc\u015fm\u0259 s\u0259hn\u0259l\u0259rin\u0259 \u00e7\u0259kilm\u0259k ist\u0259mirl\u0259r. B\u0259s \u201cSahilsiz gec\u0259\u201dd\u0259ki obraz indi g\u0259ls\u0259, yen\u0259 q\u0259bul ed\u0259rsiniz?<\/strong><\/p>\n\n\n\n<p>&#8211; Oynayaram. T\u00fcrk seriallar\u0131na b\u0259h-b\u0259hl\u0259 bax\u0131r\u0131q. Ancaq \u00f6z serialar\u0131m\u0131zda g\u00f6r\u0259nd\u0259 ba\u015flay\u0131r\u0131q ki, bu n\u0259dir? Vaxtil\u0259 bu tabunu m\u0259n q\u0131rm\u0131\u015fam, indi d\u0259 ba\u015fqas\u0131 q\u0131rs\u0131n. G\u0259r\u0259k el\u0259 h\u0259r \u015feyi m\u0259n el\u0259yim?<\/p>\n\n\n\n<p><strong>&#8211; K\u0259nardan s\u0259rt g\u00f6r\u00fcn\u00fcrs\u00fcn\u00fcz. Bir t\u0259r\u0259fd\u0259n d\u0259 dan\u0131\u015fanda, nec\u0259 dey\u0259rl\u0259r, g\u00f6z\u00fcn\u00fcz\u00fcn ya\u015f\u0131 ovucunuzdad\u0131r. U\u015faql\u0131qdan bel\u0259 idiniz, yoxsa sonradan h\u0259yat sizi bel\u0259 formala\u015fd\u0131rd\u0131?<\/strong><\/p>\n\n\n\n<p>&#8211; M\u00fcbariz\u0259l\u0259r yaratd\u0131 m\u0259ni. M\u0259n\u0259 veril\u0259n filml\u0259ri ba\u015fqalar\u0131na verdil\u0259r. Ssenaril\u0259ri c\u0131r\u0131b atd\u0131lar. \u0130ki il ATV-y\u0259 h\u0259sr\u0259t qoydular. Verili\u015f verildi, ba\u011flatd\u0131rd\u0131lar.<\/p>\n\n\n\n<p><strong>Mehriban Xanlarovan\u0131 ATV-d\u0259n kim ayr\u0131 salm\u0131\u015fd\u0131?<\/strong><\/p>\n\n\n\n<p><strong>&#8211; ATV-d\u0259n kim sizi ayr\u0131 salm\u0131\u015fd\u0131?<\/strong><\/p>\n\n\n\n<p>&#8211; V\u00fcqar Qarada\u011fl\u0131 m\u0259ni iki il ATV-y\u0259 h\u0259sr\u0259t qoydu. Onun ota\u011f\u0131na gedib dedim ki, siz 80 ya\u015fl\u0131 qad\u0131n\u0131n \u2013 anam\u0131n \u00e7\u00f6r\u0259yin\u0259 bais oldunuz. Seriallara d\u0259v\u0259t olunurdum o kanalda, ad\u0131m\u0131 \u00e7\u0131xartd\u0131r\u0131rd\u0131. Deyirdi ki, Mehribandan ba\u015fqa aktrisa yoxdu? Yoxdu ki m\u0259ni \u00e7a\u011f\u0131r\u0131blar da.<\/p>\n\n\n\n<p><strong>&#8211;&nbsp;<a href=\"https:\/\/kulis.az\/index.php\/xeber\/media\/mehriban-xanlarova-ovladliga-goturduyu-bacisi-qizindan-niye-imtina-edib-57836\" target=\"_blank\" rel=\"noreferrer noopener\">Az\u0259rpa\u015fa Nem\u0259tov v\u0259fat ed\u0259nd\u0259<\/a>&nbsp;haqq\u0131nda dan\u0131\u015fanlar \u00e7ox oldu. Siz d\u0259 \u00e7\u0131x\u0131b dediniz ki, niy\u0259 vaxt\u0131nda dan\u0131\u015fm\u0131rd\u0131n\u0131z? Kimin m\u00f6vqeyi sizi daha \u00e7ox t\u0259\u0259cc\u00fcbl\u0259ndirdi?<\/strong><\/p>\n\n\n\n<p>&#8211;&nbsp;<a href=\"https:\/\/kulis.az\/xeber\/edebi-tenqid\/xeber__________________________________________-15888\" target=\"_blank\" rel=\"noreferrer noopener\">Hikm\u0259t R\u0259himovun<\/a>. Adam \u00f6l\u0259nd\u0259n sonra dili a\u00e7\u0131ld\u0131. Diri ik\u0259n s\u00f6z\u00fcn\u00fc dey\u0259 bilm\u0259din. \u00d6l\u0259nd\u0259n sonra niy\u0259 dal\u0131yca dan\u0131\u015f\u0131rsan?<\/p>\n\n\n\n<p><strong>&#8211; B\u0259s&nbsp;<a href=\"https:\/\/kulis.az\/xeber\/kulis-video\/sehnede-yox-heyatda-daha-amansiz-ve-absurd-oyun-gedir-mehriban-elekberzade-58901\" target=\"_blank\" rel=\"noreferrer noopener\">Mehriban \u018fl\u0259kb\u0259rzad\u0259<\/a>&nbsp;d\u00f6vr\u00fc nec\u0259, sizi qane el\u0259yir?<\/strong><\/p>\n\n\n\n<p>&#8211; M\u0259nim haz\u0131rda teatrla, Mehriban \u018fl\u0259kb\u0259rzad\u0259 il\u0259 ba\u011fl\u0131 he\u00e7 bir problemim yoxdur. Onun m\u0259n\u0259 h\u00f6rm\u0259ti var, m\u0259nim d\u0259 ona. Ancaq m\u0259ni incid\u0259n bir m\u0259s\u0259l\u0259 var. M\u0259n 1998-ci ild\u0259n bu teatrda i\u015fl\u0259yir\u0259m. M\u0259n\u0259 yer el\u0259y\u0259n k\u0259nar teatrlardan aktrisa d\u0259v\u0259t olunma\u011f\u0131d\u0131r. Bizd\u0259 h\u0259r ya\u015fdan kifay\u0259t q\u0259d\u0259r pe\u015f\u0259kar aktrisa var. Niy\u0259 k\u0259nardan kims\u0259 \u00e7a\u011f\u0131r\u0131lmal\u0131d\u0131r?<\/p>\n\n\n\n<p><strong>&#8211; S\u0259b\u0259bini Mehriban xan\u0131mdan soru\u015fmusunuz?<\/strong><\/p>\n\n\n\n<p>&#8211; Xeyr. Dem\u0259mi\u015f\u0259m, amma indi deyir\u0259m. \u0130srafil \u0130srafilovun vaxt\u0131nda k\u0259nardan he\u00e7 kim \u00e7a\u011f\u0131r\u0131lm\u0131rd\u0131. \u0130ndi niy\u0259 \u00e7a\u011f\u0131r\u0131rlar? \u015e\u0259xs\u0259n m\u0259n he\u00e7 kimd\u0259n \u0259skik aktrisa deyil\u0259m. Bu, haqs\u0131zl\u0131qd\u0131r.<\/p>\n\n\n\n<p><strong>Mehriban Xanlarova Mehriban \u018fl\u0259kb\u0259rzad\u0259d\u0259n raz\u0131d\u0131r?<\/strong><\/p>\n\n\n\n<p><strong>&#8211; B\u0259s hans\u0131sa teatrdan t\u0259klif g\u0259ls\u0259 ki, Mehriban xan\u0131m, ist\u0259yirik ki, bu tama\u015fada siz oynayas\u0131n\u0131z. Raz\u0131la\u015fars\u0131n\u0131z?<\/strong><\/p>\n\n\n\n<p>&#8211; Getm\u0259r\u0259m. \u0130st\u0259mir\u0259m. Bu g\u00fcn\u0259 q\u0259d\u0259r dem\u0259yibl\u0259r, indi dey\u0259c\u0259kl\u0259r? B\u00f6lg\u0259 teatrlar\u0131na ged\u0259r\u0259m, oynayaram, d\u0259st\u0259k olaram. Ancaq Bak\u0131da yox.<\/p>\n\n\n\n<p>M\u0259n dan\u0131\u015fd\u0131m, \u00fcmid el\u0259yir\u0259m ki, teatr\u0131n dig\u0259r aktyorlar\u0131 da dan\u0131\u015farlar. Onlar\u0131 dey\u0259 bilm\u0259r\u0259m, ancaq m\u0259n h\u0259zm el\u0259y\u0259 bilmir\u0259m.<\/p>\n\n\n\n<p><strong>&#8211; G\u0259nc aktrisalarla oynayanda b\u0259y\u0259nm\u0259diyiniz m\u0259qamlar\u0131 deyirsiniz?<\/strong><\/p>\n\n\n\n<p>&#8211; B\u0259z\u0259n. S\u0259n\u0259 el\u0259 bax\u0131rlar ki&#8230; Y\u0259ni s\u0259n kims\u0259n ki, m\u0259n\u0259 n\u0259s\u0259 deyirs\u0259n? And i\u00e7mi\u015f\u0259m ki, he\u00e7 kim\u0259 he\u00e7 n\u0259 dem\u0259y\u0259c\u0259m.<\/p>\n\n\n\n<figure class=\"wp-block-image\"><img decoding=\"async\" src=\"https:\/\/kulis.az\/storage\/news\/upload\/IMG_0065_1740572391.jpg\" alt=\"\" title=\"\"><\/figure>\n\n\n\n<p><strong>&#8211; Kinoda, teatrda qonorar xaricind\u0259 imtina etdiyiniz rol olub?<\/strong><\/p>\n\n\n\n<p>&#8211; \u0130mtina yox, ancaq m\u00fcbahis\u0259m olub.&nbsp;<a href=\"https:\/\/kulis.az\/xeber\/kino\/xeber__________________________________________________-24218\" target=\"_blank\" rel=\"noreferrer noopener\">R\u00f6v\u015f\u0259n Almuradl\u0131<\/a>&nbsp;il\u0259 Kinostudiyada m\u00fcbahis\u0259 etdik. \u015eahmar \u018fl\u0259kb\u0259rovun \u201cY\u00fck\u201d filmind\u0259 ba\u015f rolda m\u0259n oynamal\u0131 idim. \u00d6z\u00fcnd\u0259n mollal\u0131q el\u0259yib d\u0259yi\u015fiklik aparm\u0131\u015fd\u0131. Dedim ki, \u015eahmar m\u00fc\u0259llim birinci m\u0259nim ad\u0131m\u0131 yaz\u0131b. Qap\u0131n\u0131 \u00e7\u0131rp\u0131b \u00e7\u0131xd\u0131m.<\/p>\n\n\n\n<p><strong>&#8211; B\u0259s \u201c\u015e\u00fckriyy\u0259\u201d tama\u015fas\u0131nda \u201cZ\u00f6hr\u0259\u201dd\u0259n niy\u0259 imtina etm\u0259k ist\u0259yirdiniz?<\/strong><\/p>\n\n\n\n<p>&#8211; \u00dcsyan qald\u0131rd\u0131m ki, oynamayacam. Dedim ki, niy\u0259 m\u0259n\u0259 ba\u015f rol verm\u0259misiniz? B\u0259sdir d\u0259. Ne\u00e7\u0259 ildir bu teatrdayam. \u0130ndi direktorumuz \u0130lham \u018fsg\u0259rova da demi\u015f\u0259m ki, ist\u0259yir\u0259m, m\u0259nim d\u0259 \u00fcz\u0259rimd\u0259 bir tama\u015fa qurulsun.<\/p>\n\n\n\n<p><strong>&#8211; Quruldu?<\/strong><\/p>\n\n\n\n<p>&#8211; Yox h\u0259l\u0259. T\u0259z\u0259likc\u0259 m\u00fcraci\u0259t el\u0259mi\u015f\u0259m. Deyibl\u0259r ki, g\u0259nc rejissorlar d\u0259v\u0259t olunacaq, onlar quracaq.<\/p>\n\n\n\n<p><strong>&#8211; Bir aktrisan\u0131n h\u0259yat\u0131nda ail\u0259 n\u0259 d\u0259r\u0259c\u0259d\u0259 vacibdir?<\/strong><\/p>\n\n\n\n<p>&#8211; \u00d6z ail\u0259m \u2013 anam, bac\u0131m, qarda\u015f\u0131m m\u0259nim h\u0259r \u015feyimdir. Nadir hallarda aktrisan\u0131n qar\u015f\u0131s\u0131na onu ba\u015fa d\u00fc\u015f\u0259n adamlar \u00e7\u0131x\u0131r.<\/p>\n\n\n\n<p><strong>Mehriban Xanlarova h\u0259yat yolda\u015f\u0131ndan niy\u0259 bo\u015fan\u0131b?<\/strong><\/p>\n\n\n\n<p><strong>&#8211; Siz bu bax\u0131mdan f\u0259dakarl\u0131q etmisiniz. D\u00f6rd il evli qald\u0131\u011f\u0131n\u0131z m\u00fcdd\u0259td\u0259 s\u0259n\u0259ti atm\u0131s\u0131n\u0131z.<\/strong><\/p>\n\n\n\n<p>&#8211; D\u0259ym\u0259zdi. Ka\u015f ki, atmazd\u0131m. Dedim ki, guya ail\u0259m olacaq. O d\u00f6rd ilim\u0259 heyif.<\/p>\n\n\n\n<p><strong>&#8211; Ayr\u0131lma\u011f\u0131n\u0131za s\u0259b\u0259b n\u0259 oldu?<\/strong><\/p>\n\n\n\n<p>&#8211; X\u0259yan\u0259t el\u0259mi\u015fdi, ba\u011f\u0131\u015flamad\u0131m.<\/p>\n\n\n\n<p><strong>&#8211; \u0130ndi \u00f6z\u00fcn\u00fcz\u00fc xo\u015fb\u0259xt qad\u0131n hesab edirsiniz?<\/strong><\/p>\n\n\n\n<p>&#8211; B\u0259li. M\u0259ni sev\u0259nl\u0259r var. Bu g\u00fcn \u018fm\u0259kdar artist\u0259m, Prezident m\u00fckafat\u00e7\u0131s\u0131yam.<\/p>\n\n\n\n<p><strong>&#8211; 35-40 ya\u015fl\u0131 m\u00fc\u011f\u0259nnil\u0259r Xalq artistidir.<\/strong><\/p>\n\n\n\n<p>&#8211; \u018flb\u0259tt\u0259, bu m\u0259n\u0259 \u00e7ox toxunur. Ancaq he\u00e7 yerd\u0259 bununla ba\u011fl\u0131 \u00e7\u0131x\u0131\u015f el\u0259m\u0259mi\u015f\u0259m. Qurumlara s\u00f6z\u00fcm\u00fc deyir\u0259m.<\/p>\n\n\n\n<p><em><strong>Mehriban Xanlarova Nayman Ana rolunda<\/strong><\/em><\/p>\n\n\n\n<p><strong>&#8211; Son olaraq, oynad\u0131\u011f\u0131n\u0131z hans\u0131 obraz\u0131n hans\u0131 c\u00fcml\u0259si he\u00e7 vaxt yad\u0131n\u0131zdan \u00e7\u0131xm\u0131r?<\/strong><\/p>\n\n\n\n<p>&#8211; \u201cManqurt\u201dda bir s\u0259hn\u0259 var. Deyir\u0259m ki, atan\u0131n ad\u0131 Donanbayd\u0131r, m\u0259ns\u0259, m\u0259ns\u0259 s\u0259nin ananam. M\u0259n ana ola bilm\u0259mi\u015f\u0259m. Ancaq o s\u0259hn\u0259d\u0259 ana idim. \u00d6z\u00fcm\u0259 h\u0259r d\u0259f\u0259 bu sual\u0131 verir\u0259m:g\u00f6r\u0259s\u0259n ana olsayd\u0131m, o obraz\u0131 nec\u0259 oynayard\u0131m?<\/p>\n\n\n\n<p>Ancaq art\u0131q h\u0259r \u015fey \u00fc\u00e7\u00fcn \u00e7ox gecdi. V\u0259 m\u0259n d\u0259 \u00e7ox yor\u011funam.<\/p>\n","protected":false},"excerpt":{"rendered":"<p>Kulis.az \u018fm\u0259kdar artist, Akademik Milli Teatr\u0131n aktrisas\u0131&nbsp;Mehriban Xanlarova&nbsp;il\u0259 m\u00fcsahib\u0259ni t\u0259qdim edir. Mehriban Xanlarova Nayman Ana obraz\u0131na nec\u0259 haz\u0131rla\u015f\u0131b? &#8211; Mehriban xan\u0131m, haz\u0131rda teatrda v\u0259ziyy\u0259t nec\u0259dir? &#8211; Teatrda \u015f\u0259xs\u0259n m\u0259nim v\u0259ziyy\u0259tim \u00e7ox yax\u015f\u0131d\u0131r. \u0130ki tama\u015fam var. \u0130ll\u0259rdir ki,&nbsp;\u201cManqurt\u201d&nbsp;tama\u015fas\u0131nda Nayman Anan\u0131 oynay\u0131ram. O roluma g\u00f6r\u0259 Q\u0131r\u011f\u0131z\u0131standa \u0259n yax\u015f\u0131 aktrisa se\u00e7ildim. Bir d\u0259&nbsp;\u201c\u015e\u00fckriyy\u0259\u201d&nbsp;tama\u015fas\u0131nda Z\u00f6hr\u0259 obraz\u0131 var. Bu iki &hellip;<\/p>\n","protected":false},"author":1,"featured_media":18443,"comment_status":"open","ping_status":"closed","sticky":false,"template":"","format":"standard","meta":{"footnotes":""},"categories":[1],"tags":[],"class_list":["post-18442","post","type-post","status-publish","format-standard","has-post-thumbnail","hentry","category-idman"],"_links":{"self":[{"href":"https:\/\/millitv.net\/index.php?rest_route=\/wp\/v2\/posts\/18442","targetHints":{"allow":["GET"]}}],"collection":[{"href":"https:\/\/millitv.net\/index.php?rest_route=\/wp\/v2\/posts"}],"about":[{"href":"https:\/\/millitv.net\/index.php?rest_route=\/wp\/v2\/types\/post"}],"author":[{"embeddable":true,"href":"https:\/\/millitv.net\/index.php?rest_route=\/wp\/v2\/users\/1"}],"replies":[{"embeddable":true,"href":"https:\/\/millitv.net\/index.php?rest_route=%2Fwp%2Fv2%2Fcomments&post=18442"}],"version-history":[{"count":1,"href":"https:\/\/millitv.net\/index.php?rest_route=\/wp\/v2\/posts\/18442\/revisions"}],"predecessor-version":[{"id":18444,"href":"https:\/\/millitv.net\/index.php?rest_route=\/wp\/v2\/posts\/18442\/revisions\/18444"}],"wp:featuredmedia":[{"embeddable":true,"href":"https:\/\/millitv.net\/index.php?rest_route=\/wp\/v2\/media\/18443"}],"wp:attachment":[{"href":"https:\/\/millitv.net\/index.php?rest_route=%2Fwp%2Fv2%2Fmedia&parent=18442"}],"wp:term":[{"taxonomy":"category","embeddable":true,"href":"https:\/\/millitv.net\/index.php?rest_route=%2Fwp%2Fv2%2Fcategories&post=18442"},{"taxonomy":"post_tag","embeddable":true,"href":"https:\/\/millitv.net\/index.php?rest_route=%2Fwp%2Fv2%2Ftags&post=18442"}],"curies":[{"name":"wp","href":"https:\/\/api.w.org\/{rel}","templated":true}]}}