{"id":18370,"date":"2025-02-17T15:01:44","date_gmt":"2025-02-17T15:01:44","guid":{"rendered":"https:\/\/millitv.net\/?p=18370"},"modified":"2025-02-17T15:01:45","modified_gmt":"2025-02-17T15:01:45","slug":"nigarlardan-%C9%99limi-c%C9%99k%C9%99n-deyil%C9%99m","status":"publish","type":"post","link":"https:\/\/millitv.net\/?p=18370","title":{"rendered":"\u201cNigarlardan \u0259limi \u00e7\u0259k\u0259n deyil\u0259m\u201d"},"content":{"rendered":"\n<p><strong>Avroviziya qalibimiz Eldar Qas\u0131mov \u201cS\u0259s Az\u0259rbaycan\u201dda duet orta\u011f\u0131 Nigar Camal\u0131 xat\u0131rlay\u0131b.<\/strong><\/p>\n\n\n\n<p>M\u00fcsabiq\u0259nin n\u00f6vb\u0259ti b\u00f6l\u00fcm\u00fcnd\u0259 \u201cShallow\u201d mahn\u0131s\u0131 il\u0259 yar\u0131\u015fan Nigar Ta\u011f\u0131yeva adl\u0131 i\u015ftirak\u00e7\u0131ya yaln\u0131z Eldar d\u00f6n\u00fcb.<\/p>\n\n\n\n<p>O i\u015ftirak\u00e7\u0131n\u0131n ad\u0131n\u0131 \u00f6yr\u0259ndikd\u0259n sonra \u201cDey\u0259s\u0259n, bu Nigarlardan \u0259limi \u00e7\u0259k\u0259n deyil\u0259m. Hara gedir\u0259m, Nigar\u201d, &#8211; dey\u0259, Eldar bildirib.<\/p>\n\n\n\n<figure class=\"wp-block-embed is-type-rich is-provider-g-mme-tutucu wp-block-embed-g-mme-tutucu wp-embed-aspect-16-9 wp-has-aspect-ratio\"><div class=\"wp-block-embed__wrapper\">\n<iframe loading=\"lazy\" title=\"Nigar Ta\u011f\u0131yeva - Shallow | G\u00f6rm\u0259d\u0259n se\u00e7iml\u0259r | S\u0259s Az\u0259rbaycan | 2025\" width=\"500\" height=\"281\" src=\"https:\/\/www.youtube.com\/embed\/lD9yPBzprFQ?feature=oembed\" frameborder=\"0\" allow=\"accelerometer; autoplay; clipboard-write; encrypted-media; gyroscope; picture-in-picture; web-share\" referrerpolicy=\"strict-origin-when-cross-origin\" allowfullscreen><\/iframe>\n<\/div><\/figure>\n","protected":false},"excerpt":{"rendered":"<p>Avroviziya qalibimiz Eldar Qas\u0131mov \u201cS\u0259s Az\u0259rbaycan\u201dda duet orta\u011f\u0131 Nigar Camal\u0131 xat\u0131rlay\u0131b. M\u00fcsabiq\u0259nin n\u00f6vb\u0259ti b\u00f6l\u00fcm\u00fcnd\u0259 \u201cShallow\u201d mahn\u0131s\u0131 il\u0259 yar\u0131\u015fan Nigar Ta\u011f\u0131yeva adl\u0131 i\u015ftirak\u00e7\u0131ya yaln\u0131z Eldar d\u00f6n\u00fcb. O i\u015ftirak\u00e7\u0131n\u0131n ad\u0131n\u0131 \u00f6yr\u0259ndikd\u0259n sonra \u201cDey\u0259s\u0259n, bu Nigarlardan \u0259limi \u00e7\u0259k\u0259n deyil\u0259m. Hara gedir\u0259m, Nigar\u201d, &#8211; dey\u0259, Eldar bildirib.<\/p>\n","protected":false},"author":1,"featured_media":18371,"comment_status":"open","ping_status":"closed","sticky":false,"template":"","format":"standard","meta":{"footnotes":""},"categories":[1],"tags":[],"class_list":["post-18370","post","type-post","status-publish","format-standard","has-post-thumbnail","hentry","category-idman"],"_links":{"self":[{"href":"https:\/\/millitv.net\/index.php?rest_route=\/wp\/v2\/posts\/18370","targetHints":{"allow":["GET"]}}],"collection":[{"href":"https:\/\/millitv.net\/index.php?rest_route=\/wp\/v2\/posts"}],"about":[{"href":"https:\/\/millitv.net\/index.php?rest_route=\/wp\/v2\/types\/post"}],"author":[{"embeddable":true,"href":"https:\/\/millitv.net\/index.php?rest_route=\/wp\/v2\/users\/1"}],"replies":[{"embeddable":true,"href":"https:\/\/millitv.net\/index.php?rest_route=%2Fwp%2Fv2%2Fcomments&post=18370"}],"version-history":[{"count":1,"href":"https:\/\/millitv.net\/index.php?rest_route=\/wp\/v2\/posts\/18370\/revisions"}],"predecessor-version":[{"id":18373,"href":"https:\/\/millitv.net\/index.php?rest_route=\/wp\/v2\/posts\/18370\/revisions\/18373"}],"wp:featuredmedia":[{"embeddable":true,"href":"https:\/\/millitv.net\/index.php?rest_route=\/wp\/v2\/media\/18371"}],"wp:attachment":[{"href":"https:\/\/millitv.net\/index.php?rest_route=%2Fwp%2Fv2%2Fmedia&parent=18370"}],"wp:term":[{"taxonomy":"category","embeddable":true,"href":"https:\/\/millitv.net\/index.php?rest_route=%2Fwp%2Fv2%2Fcategories&post=18370"},{"taxonomy":"post_tag","embeddable":true,"href":"https:\/\/millitv.net\/index.php?rest_route=%2Fwp%2Fv2%2Ftags&post=18370"}],"curies":[{"name":"wp","href":"https:\/\/api.w.org\/{rel}","templated":true}]}}