{"id":18336,"date":"2025-02-15T13:28:58","date_gmt":"2025-02-15T13:28:58","guid":{"rendered":"https:\/\/millitv.net\/?p=18336"},"modified":"2025-02-15T13:28:59","modified_gmt":"2025-02-15T13:28:59","slug":"gulu-r%C9%99misd%C9%99n-qalan-evi-satib-video","status":"publish","type":"post","link":"https:\/\/millitv.net\/?p=18336","title":{"rendered":"G\u00fcl\u00fc R\u0259mi\u015fd\u0259n qalan evi sat\u0131b &#8211;\u00a0V\u0130DEO"},"content":{"rendered":"\n<p><strong>M\u0259rhum Xalq artisti Rafiq H\u00fcseynovun (R\u0259mi\u015f) h\u0259yat yolda\u015f\u0131 G\u00fcl\u00fc ondan qalan evi sat\u0131b.<\/strong><\/p>\n\n\n\n<p>Millitv.net<strong>\u00a0<\/strong>ax\u015fam.az-a istinad\u0259n x\u0259b\u0259r verir ki, bu haqda m\u00fc\u011f\u0259nni Niyam Salami &#8220;Bir g\u00fcn&#8221; verili\u015find\u0259 deyib.<\/p>\n\n\n\n<p><strong>O bildirib ki, G\u00fcl\u00fc \u0130n\u015faat\u00e7\u0131lar metrostansiyas\u0131n\u0131n yax\u0131nl\u0131\u011f\u0131nda olan m\u0259nzili sat\u0131b:<\/strong><\/p>\n\n\n\n<p>&#8220;\u0130ndi ba\u015fqa yerd\u0259n ev al\u0131b. \u00d6z\u00fc sat\u0131b, \u00f6vlad\u0131, qohumu yoxdur ki, kims\u0259 sats\u0131n&#8221;.<\/p>\n\n\n\n<p>Qeyd ed\u0259k ki, Xalq artisti Rafiq H\u00fcseynov 2021-ci ild\u0259 koronavirusdan v\u0259fat edib.<\/p>\n\n\n\n<p><a href=\"https:\/\/player.bizim.media\/?v=39541\" target=\"_blank\" rel=\"noopener\">https:\/\/player.bizim.media\/?v=39541<\/a><\/p>\n","protected":false},"excerpt":{"rendered":"<p>M\u0259rhum Xalq artisti Rafiq H\u00fcseynovun (R\u0259mi\u015f) h\u0259yat yolda\u015f\u0131 G\u00fcl\u00fc ondan qalan evi sat\u0131b. Millitv.net\u00a0ax\u015fam.az-a istinad\u0259n x\u0259b\u0259r verir ki, bu haqda m\u00fc\u011f\u0259nni Niyam Salami &#8220;Bir g\u00fcn&#8221; verili\u015find\u0259 deyib. O bildirib ki, G\u00fcl\u00fc \u0130n\u015faat\u00e7\u0131lar metrostansiyas\u0131n\u0131n yax\u0131nl\u0131\u011f\u0131nda olan m\u0259nzili sat\u0131b: &#8220;\u0130ndi ba\u015fqa yerd\u0259n ev al\u0131b. \u00d6z\u00fc sat\u0131b, \u00f6vlad\u0131, qohumu yoxdur ki, kims\u0259 sats\u0131n&#8221;. Qeyd ed\u0259k ki, Xalq artisti &hellip;<\/p>\n","protected":false},"author":1,"featured_media":18337,"comment_status":"open","ping_status":"closed","sticky":false,"template":"","format":"standard","meta":{"footnotes":""},"categories":[1],"tags":[],"class_list":["post-18336","post","type-post","status-publish","format-standard","has-post-thumbnail","hentry","category-idman"],"_links":{"self":[{"href":"https:\/\/millitv.net\/index.php?rest_route=\/wp\/v2\/posts\/18336","targetHints":{"allow":["GET"]}}],"collection":[{"href":"https:\/\/millitv.net\/index.php?rest_route=\/wp\/v2\/posts"}],"about":[{"href":"https:\/\/millitv.net\/index.php?rest_route=\/wp\/v2\/types\/post"}],"author":[{"embeddable":true,"href":"https:\/\/millitv.net\/index.php?rest_route=\/wp\/v2\/users\/1"}],"replies":[{"embeddable":true,"href":"https:\/\/millitv.net\/index.php?rest_route=%2Fwp%2Fv2%2Fcomments&post=18336"}],"version-history":[{"count":1,"href":"https:\/\/millitv.net\/index.php?rest_route=\/wp\/v2\/posts\/18336\/revisions"}],"predecessor-version":[{"id":18338,"href":"https:\/\/millitv.net\/index.php?rest_route=\/wp\/v2\/posts\/18336\/revisions\/18338"}],"wp:featuredmedia":[{"embeddable":true,"href":"https:\/\/millitv.net\/index.php?rest_route=\/wp\/v2\/media\/18337"}],"wp:attachment":[{"href":"https:\/\/millitv.net\/index.php?rest_route=%2Fwp%2Fv2%2Fmedia&parent=18336"}],"wp:term":[{"taxonomy":"category","embeddable":true,"href":"https:\/\/millitv.net\/index.php?rest_route=%2Fwp%2Fv2%2Fcategories&post=18336"},{"taxonomy":"post_tag","embeddable":true,"href":"https:\/\/millitv.net\/index.php?rest_route=%2Fwp%2Fv2%2Ftags&post=18336"}],"curies":[{"name":"wp","href":"https:\/\/api.w.org\/{rel}","templated":true}]}}