{"id":18275,"date":"2025-02-15T12:38:16","date_gmt":"2025-02-15T12:38:16","guid":{"rendered":"https:\/\/millitv.net\/?p=18275"},"modified":"2025-02-15T12:38:17","modified_gmt":"2025-02-15T12:38:17","slug":"bakili-%C9%99rind%C9%99n-bosanan-m%C9%99shur-ulduz-az%C9%99rbaycana-g%C9%99ldi-m%C9%99tb%C9%99xini-cox-sevir%C9%99m","status":"publish","type":"post","link":"https:\/\/millitv.net\/?p=18275","title":{"rendered":"Bak\u0131l\u0131 \u0259rind\u0259n bo\u015fanan m\u0259\u015fhur ulduz Az\u0259rbaycana g\u0259ldi &#8211; &#8220;M\u0259tb\u0259xini \u00e7ox sevir\u0259m&#8221;"},"content":{"rendered":"\n<p><strong>Rusiyan\u0131n m\u0259\u015fhur estrada ulduzu Alsu Bak\u0131ya g\u0259lib.<\/strong><\/p>\n\n\n\n<p>S\u0259n\u0259t\u00e7i Heyd\u0259r \u018fliyev ad\u0131na Beyn\u0259lxalq Hava Liman\u0131na en\u0259nd\u0259n d\u0259rhal sonra media n\u00fcmay\u0259nd\u0259l\u0259ri il\u0259 g\u00f6r\u00fc\u015f\u0259r\u0259k onlar\u0131n suallar\u0131n\u0131 cavabland\u0131r\u0131b.<\/p>\n\n\n\n<p>Alsu sabah Bak\u0131 Konqres M\u0259rk\u0259zind\u0259 ver\u0259c\u0259yi konsert v\u0259 Az\u0259rbaycanla ba\u011fl\u0131 t\u0259\u0259ss\u00fcratlar\u0131n\u0131 b\u00f6l\u00fc\u015f\u00fcb.<\/p>\n\n\n\n<p>Ulduz musiqi\u00e7i gec\u0259d\u0259 s\u00fcrprizl\u0259rin olaca\u011f\u0131n\u0131, h\u0259m\u00e7inin h\u0259mkar\u0131 v\u0259 dostu Xalq artisti Emin A\u011falarovla duetl\u0259r ifa ed\u0259c\u0259yini dil\u0259 g\u0259tirib.<\/p>\n\n\n\n<p>Qeyd ed\u0259k ki, m\u0259\u015fhur rusiyal\u0131 m\u00fc\u011f\u0259nni Alsunun ke\u00e7mi\u015f \u0259ri i\u015f adam\u0131, \u0259sl\u0259n Bak\u0131dan olan Yan Abramovdur.<\/p>\n\n\n\n<p>\u018ftrafl\u0131 s\u00fcjetd\u0259:<\/p>\n\n\n\n<figure class=\"wp-block-embed is-type-video is-provider-youtube wp-block-embed-youtube wp-embed-aspect-16-9 wp-has-aspect-ratio\"><div class=\"wp-block-embed__wrapper\">\n<iframe loading=\"lazy\" title=\"Rusiyan\u0131n m\u0259\u015fhur estrada ulduzu Alsu Bak\u0131ya s\u0259f\u0259r edib\" width=\"500\" height=\"281\" src=\"https:\/\/www.youtube.com\/embed\/5X_f0_W0ARQ?feature=oembed\" frameborder=\"0\" allow=\"accelerometer; autoplay; clipboard-write; encrypted-media; gyroscope; picture-in-picture; web-share\" referrerpolicy=\"strict-origin-when-cross-origin\" allowfullscreen><\/iframe>\n<\/div><\/figure>\n","protected":false},"excerpt":{"rendered":"<p>Rusiyan\u0131n m\u0259\u015fhur estrada ulduzu Alsu Bak\u0131ya g\u0259lib. S\u0259n\u0259t\u00e7i Heyd\u0259r \u018fliyev ad\u0131na Beyn\u0259lxalq Hava Liman\u0131na en\u0259nd\u0259n d\u0259rhal sonra media n\u00fcmay\u0259nd\u0259l\u0259ri il\u0259 g\u00f6r\u00fc\u015f\u0259r\u0259k onlar\u0131n suallar\u0131n\u0131 cavabland\u0131r\u0131b. Alsu sabah Bak\u0131 Konqres M\u0259rk\u0259zind\u0259 ver\u0259c\u0259yi konsert v\u0259 Az\u0259rbaycanla ba\u011fl\u0131 t\u0259\u0259ss\u00fcratlar\u0131n\u0131 b\u00f6l\u00fc\u015f\u00fcb. Ulduz musiqi\u00e7i gec\u0259d\u0259 s\u00fcrprizl\u0259rin olaca\u011f\u0131n\u0131, h\u0259m\u00e7inin h\u0259mkar\u0131 v\u0259 dostu Xalq artisti Emin A\u011falarovla duetl\u0259r ifa ed\u0259c\u0259yini dil\u0259 g\u0259tirib. Qeyd &hellip;<\/p>\n","protected":false},"author":1,"featured_media":18276,"comment_status":"open","ping_status":"closed","sticky":false,"template":"","format":"standard","meta":{"footnotes":""},"categories":[1],"tags":[],"class_list":["post-18275","post","type-post","status-publish","format-standard","has-post-thumbnail","hentry","category-idman"],"_links":{"self":[{"href":"https:\/\/millitv.net\/index.php?rest_route=\/wp\/v2\/posts\/18275","targetHints":{"allow":["GET"]}}],"collection":[{"href":"https:\/\/millitv.net\/index.php?rest_route=\/wp\/v2\/posts"}],"about":[{"href":"https:\/\/millitv.net\/index.php?rest_route=\/wp\/v2\/types\/post"}],"author":[{"embeddable":true,"href":"https:\/\/millitv.net\/index.php?rest_route=\/wp\/v2\/users\/1"}],"replies":[{"embeddable":true,"href":"https:\/\/millitv.net\/index.php?rest_route=%2Fwp%2Fv2%2Fcomments&post=18275"}],"version-history":[{"count":1,"href":"https:\/\/millitv.net\/index.php?rest_route=\/wp\/v2\/posts\/18275\/revisions"}],"predecessor-version":[{"id":18278,"href":"https:\/\/millitv.net\/index.php?rest_route=\/wp\/v2\/posts\/18275\/revisions\/18278"}],"wp:featuredmedia":[{"embeddable":true,"href":"https:\/\/millitv.net\/index.php?rest_route=\/wp\/v2\/media\/18276"}],"wp:attachment":[{"href":"https:\/\/millitv.net\/index.php?rest_route=%2Fwp%2Fv2%2Fmedia&parent=18275"}],"wp:term":[{"taxonomy":"category","embeddable":true,"href":"https:\/\/millitv.net\/index.php?rest_route=%2Fwp%2Fv2%2Fcategories&post=18275"},{"taxonomy":"post_tag","embeddable":true,"href":"https:\/\/millitv.net\/index.php?rest_route=%2Fwp%2Fv2%2Ftags&post=18275"}],"curies":[{"name":"wp","href":"https:\/\/api.w.org\/{rel}","templated":true}]}}