{"id":18254,"date":"2025-02-15T08:43:50","date_gmt":"2025-02-15T08:43:50","guid":{"rendered":"https:\/\/millitv.net\/?p=18254"},"modified":"2025-02-15T08:43:51","modified_gmt":"2025-02-15T08:43:51","slug":"12-gun-ardicil-is-olmayacaq-novruz-bayrami-il%C9%99-bagli-inanilmaz-d%C9%99yisiklik","status":"publish","type":"post","link":"https:\/\/millitv.net\/?p=18254","title":{"rendered":"12 g\u00fcn ard\u0131c\u0131l i\u015f olmayacaq &#8211; Novruz bayram\u0131 il\u0259 ba\u011fl\u0131 inan\u0131lmaz d\u0259yi\u015fiklik"},"content":{"rendered":"\n<p><strong>Novruz v\u0259 Ramazana bayramlar\u0131 il\u0259 ba\u011fl\u0131 12 g\u00fcn qeyri-i\u015f g\u00fcn\u00fc olacaq.<\/strong><\/p>\n\n\n\n<p>Teleqraf-\u0131n x\u0259b\u0259rin\u0259 g\u00f6r\u0259, mart\u0131n 20-d\u0259n 27-d\u0259k qeyri-i\u015f g\u00fcn\u00fc idi.<\/p>\n\n\n\n<p>Ba\u015f nazir \u018fli \u018fs\u0259dovun bu g\u00fcn imzalad\u0131\u011f\u0131 q\u0259rara \u0259sas\u0259n, i\u015f v\u0259 istirah\u0259t g\u00fcnl\u0259rinin ard\u0131c\u0131ll\u0131\u011f\u0131n\u0131 t\u0259min etm\u0259k m\u0259qs\u0259dil\u0259 2025-ci il 27 v\u0259 28 mart i\u015f g\u00fcnl\u0259ri il\u0259 m\u00fcvafiq olaraq 10 mart v\u0259 1 aprel istirah\u0259t g\u00fcnl\u0259rinin yerl\u0259ri d\u0259yi\u015fdirilib.<\/p>\n\n\n\n<p>Bel\u0259likl\u0259, 27-28 mart da istirah\u0259t g\u00fcn\u00fc hesab edil\u0259c\u0259k.<ins><\/ins><\/p>\n\n\n\n<p>29-30 mart tarixl\u0259ri is\u0259 \u015f\u0259nb\u0259 v\u0259 bazar g\u00fcnl\u0259rin\u0259 d\u00fc\u015f\u00fcr. Mart\u0131n 30-u v\u0259 31-i Ramazan bayram\u0131 qeyd olunur.<\/p>\n\n\n\n<p>Bununla da mart\u0131n 20-d\u0259n aprelin 1-d\u0259k qeyri-i\u015f g\u00fcn\u00fc hesab olunacaq.<\/p>\n","protected":false},"excerpt":{"rendered":"<p>Novruz v\u0259 Ramazana bayramlar\u0131 il\u0259 ba\u011fl\u0131 12 g\u00fcn qeyri-i\u015f g\u00fcn\u00fc olacaq. Teleqraf-\u0131n x\u0259b\u0259rin\u0259 g\u00f6r\u0259, mart\u0131n 20-d\u0259n 27-d\u0259k qeyri-i\u015f g\u00fcn\u00fc idi. Ba\u015f nazir \u018fli \u018fs\u0259dovun bu g\u00fcn imzalad\u0131\u011f\u0131 q\u0259rara \u0259sas\u0259n, i\u015f v\u0259 istirah\u0259t g\u00fcnl\u0259rinin ard\u0131c\u0131ll\u0131\u011f\u0131n\u0131 t\u0259min etm\u0259k m\u0259qs\u0259dil\u0259 2025-ci il 27 v\u0259 28 mart i\u015f g\u00fcnl\u0259ri il\u0259 m\u00fcvafiq olaraq 10 mart v\u0259 1 aprel istirah\u0259t g\u00fcnl\u0259rinin &hellip;<\/p>\n","protected":false},"author":1,"featured_media":18255,"comment_status":"open","ping_status":"closed","sticky":false,"template":"","format":"standard","meta":{"footnotes":""},"categories":[1],"tags":[],"class_list":["post-18254","post","type-post","status-publish","format-standard","has-post-thumbnail","hentry","category-idman"],"_links":{"self":[{"href":"https:\/\/millitv.net\/index.php?rest_route=\/wp\/v2\/posts\/18254","targetHints":{"allow":["GET"]}}],"collection":[{"href":"https:\/\/millitv.net\/index.php?rest_route=\/wp\/v2\/posts"}],"about":[{"href":"https:\/\/millitv.net\/index.php?rest_route=\/wp\/v2\/types\/post"}],"author":[{"embeddable":true,"href":"https:\/\/millitv.net\/index.php?rest_route=\/wp\/v2\/users\/1"}],"replies":[{"embeddable":true,"href":"https:\/\/millitv.net\/index.php?rest_route=%2Fwp%2Fv2%2Fcomments&post=18254"}],"version-history":[{"count":1,"href":"https:\/\/millitv.net\/index.php?rest_route=\/wp\/v2\/posts\/18254\/revisions"}],"predecessor-version":[{"id":18256,"href":"https:\/\/millitv.net\/index.php?rest_route=\/wp\/v2\/posts\/18254\/revisions\/18256"}],"wp:featuredmedia":[{"embeddable":true,"href":"https:\/\/millitv.net\/index.php?rest_route=\/wp\/v2\/media\/18255"}],"wp:attachment":[{"href":"https:\/\/millitv.net\/index.php?rest_route=%2Fwp%2Fv2%2Fmedia&parent=18254"}],"wp:term":[{"taxonomy":"category","embeddable":true,"href":"https:\/\/millitv.net\/index.php?rest_route=%2Fwp%2Fv2%2Fcategories&post=18254"},{"taxonomy":"post_tag","embeddable":true,"href":"https:\/\/millitv.net\/index.php?rest_route=%2Fwp%2Fv2%2Ftags&post=18254"}],"curies":[{"name":"wp","href":"https:\/\/api.w.org\/{rel}","templated":true}]}}