{"id":18247,"date":"2025-02-13T15:24:12","date_gmt":"2025-02-13T15:24:12","guid":{"rendered":"https:\/\/millitv.net\/?p=18247"},"modified":"2025-02-13T15:24:13","modified_gmt":"2025-02-13T15:24:13","slug":"xas-hambal-yem%C9%99yidir-dey%C9%99n-vasif%C9%99-sert-cavab-el%C9%99-insan-var-ki-imkani-yoxdur-gun-%C9%99rzind%C9%99-bes-d%C9%99f%C9%99-yem%C9%99k-yesin","status":"publish","type":"post","link":"https:\/\/millitv.net\/?p=18247","title":{"rendered":"\u201cXa\u015f hambal yem\u0259yidir\u201d dey\u0259n Vasif\u0259 S\u018fRT CAVAB &#8211; El\u0259 insan var ki, imkan\u0131 yoxdur g\u00fcn \u0259rzind\u0259 be\u015f d\u0259f\u0259 yem\u0259k yesin&#8221;"},"content":{"rendered":"\n<p><strong>\u018fm\u0259kdar artist N\u00fc\u015fab\u0259 \u018fl\u0259sg\u0259rli h\u0259mkar\u0131, \u018fm\u0259kdar artist Vasif M\u0259h\u0259rr\u0259mlinin \u201cXa\u015f hambal yem\u0259yidir\u201d fikirl\u0259rin\u0259 m\u00fcnasib\u0259t bildirib.<\/strong><\/p>\n\n\n\n<p>Bu haqda s\u0259n\u0259t\u00e7i qonaq oldu\u011fu \u201cTarixin bir g\u00fcn\u00fc\u201d verili\u015find\u0259 deyib.<\/p>\n\n\n\n<p><strong>\u018fl\u0259sg\u0259rli s\u00f6z\u00fcged\u0259n m\u0259s\u0259l\u0259 il\u0259 ba\u011fl\u0131 fikirl\u0259rini bu s\u00f6zl\u0259rl\u0259 n\u0259ql edib:<\/strong><\/p>\n\n\n\n<p><em>\u201cBiz el\u0259 bir zamana g\u0259lmi\u015fik ki, a\u011fz\u0131ndan \u00e7\u0131xan h\u0259r s\u00f6z\u00fc bi\u015firib sonra dem\u0259lis\u0259n. \u00c7\u00fcnki bu sonradan b\u00f6y\u00fck reaksiyaya s\u0259b\u0259b ola bil\u0259r. B\u0259li, tarixd\u0259n biz bilirik ki, \u201cxa\u015f\u201d \u2013 tutumlu yem\u0259kdir. \u0130nsan\u0131n imkan\u0131 yoxdur ki, g\u00fcn \u0259rzind\u0259 be\u015f d\u0259f\u0259 yem\u0259k yesin. Bir \u201cxa\u015f\u0131\u201d yey\u0259nd\u0259 g\u00fcn \u0259rzind\u0259 onun qarn\u0131n\u0131 doydurdu. M\u0259s\u0259l\u0259n \u201cpiti\u201d yem\u0259k haqq\u0131nda da bel\u0259 deyirl\u0259r. O da tutumlu v\u0259 qar\u0131n doyduran yem\u0259kdir. Pitinin suyuna \u00e7\u00f6r\u0259k do\u011fray\u0131b yeyirl\u0259r. Bu olur \u201cbirinci\u201d yem\u0259k. \u0130\u00e7ind\u0259 olan dig\u0259r m\u0259hsullar\u0131 is\u0259 \u0259zirl\u0259r \u2013 bu da olur \u201cikinci\u201d yem\u0259k. Burada ax\u0131 n\u0259 var? Tutumlu, doyumlu, vitaminli \u2013 g\u00f6z\u0259l yem\u0259kl\u0259rdir. Deyili\u015f formas\u0131 pis olanda insanlar\u0131 q\u0131c\u0131qland\u0131r\u0131r\u201d.&nbsp; &nbsp; &nbsp; &nbsp; (Olay)<\/em><\/p>\n\n\n\n<figure class=\"wp-block-embed\"><div class=\"wp-block-embed__wrapper\">\nhttps:\/\/ok.ru\/videoembed\/8980859390473\n<\/div><\/figure>\n","protected":false},"excerpt":{"rendered":"<p>\u018fm\u0259kdar artist N\u00fc\u015fab\u0259 \u018fl\u0259sg\u0259rli h\u0259mkar\u0131, \u018fm\u0259kdar artist Vasif M\u0259h\u0259rr\u0259mlinin \u201cXa\u015f hambal yem\u0259yidir\u201d fikirl\u0259rin\u0259 m\u00fcnasib\u0259t bildirib. Bu haqda s\u0259n\u0259t\u00e7i qonaq oldu\u011fu \u201cTarixin bir g\u00fcn\u00fc\u201d verili\u015find\u0259 deyib. \u018fl\u0259sg\u0259rli s\u00f6z\u00fcged\u0259n m\u0259s\u0259l\u0259 il\u0259 ba\u011fl\u0131 fikirl\u0259rini bu s\u00f6zl\u0259rl\u0259 n\u0259ql edib: \u201cBiz el\u0259 bir zamana g\u0259lmi\u015fik ki, a\u011fz\u0131ndan \u00e7\u0131xan h\u0259r s\u00f6z\u00fc bi\u015firib sonra dem\u0259lis\u0259n. \u00c7\u00fcnki bu sonradan b\u00f6y\u00fck reaksiyaya s\u0259b\u0259b ola &hellip;<\/p>\n","protected":false},"author":1,"featured_media":18249,"comment_status":"open","ping_status":"closed","sticky":false,"template":"","format":"standard","meta":{"footnotes":""},"categories":[1],"tags":[],"class_list":["post-18247","post","type-post","status-publish","format-standard","has-post-thumbnail","hentry","category-idman"],"_links":{"self":[{"href":"https:\/\/millitv.net\/index.php?rest_route=\/wp\/v2\/posts\/18247","targetHints":{"allow":["GET"]}}],"collection":[{"href":"https:\/\/millitv.net\/index.php?rest_route=\/wp\/v2\/posts"}],"about":[{"href":"https:\/\/millitv.net\/index.php?rest_route=\/wp\/v2\/types\/post"}],"author":[{"embeddable":true,"href":"https:\/\/millitv.net\/index.php?rest_route=\/wp\/v2\/users\/1"}],"replies":[{"embeddable":true,"href":"https:\/\/millitv.net\/index.php?rest_route=%2Fwp%2Fv2%2Fcomments&post=18247"}],"version-history":[{"count":1,"href":"https:\/\/millitv.net\/index.php?rest_route=\/wp\/v2\/posts\/18247\/revisions"}],"predecessor-version":[{"id":18250,"href":"https:\/\/millitv.net\/index.php?rest_route=\/wp\/v2\/posts\/18247\/revisions\/18250"}],"wp:featuredmedia":[{"embeddable":true,"href":"https:\/\/millitv.net\/index.php?rest_route=\/wp\/v2\/media\/18249"}],"wp:attachment":[{"href":"https:\/\/millitv.net\/index.php?rest_route=%2Fwp%2Fv2%2Fmedia&parent=18247"}],"wp:term":[{"taxonomy":"category","embeddable":true,"href":"https:\/\/millitv.net\/index.php?rest_route=%2Fwp%2Fv2%2Fcategories&post=18247"},{"taxonomy":"post_tag","embeddable":true,"href":"https:\/\/millitv.net\/index.php?rest_route=%2Fwp%2Fv2%2Ftags&post=18247"}],"curies":[{"name":"wp","href":"https:\/\/api.w.org\/{rel}","templated":true}]}}