{"id":1821,"date":"2023-10-14T21:06:29","date_gmt":"2023-10-14T21:06:29","guid":{"rendered":"https:\/\/millinews.az\/xeber\/pakistanin-secki-komissiyasi-m%C9%99rhum-general-mus%C9%99rr%C9%99fin-partiyasini-baglayib\/"},"modified":"2023-10-14T21:06:29","modified_gmt":"2023-10-14T21:06:29","slug":"pakistanin-secki-komissiyasi-m%C9%99rhum-general-mus%C9%99rr%C9%99fin-partiyasini-baglayib","status":"publish","type":"post","link":"https:\/\/millitv.net\/?p=1821","title":{"rendered":"Pakistan\u0131n Se\u00e7ki Komissiyas\u0131 m\u0259rhum general M\u00fc\u015f\u0259rr\u0259fin partiyas\u0131n\u0131 ba\u011flay\u0131b"},"content":{"rendered":"<p><img decoding=\"async\" src=\"https:\/\/cdn.oxu.az\/uploads\/W1siZiIsIjIwMjMvMTAvMTQvMjMvNTcvNTgvOWVjNTJhNmEtMDQ4Yi00OGU2LWI4YjItZWE4ODQ4MzM1NzRjL211c2hhcnJhZi5qcGciXSxbInAiLCJlbmNvZGUiLCJqcGciLCItcXVhbGl0eSA4MCJdLFsicCIsInRodW1iIiwiNjIweDQ2NVx1MDAzZSJdXQ?sha=b560b52c4df8df80\" alt=\"\" title=\"\"><\/p>\n<div><a class=\"subs-in-social subs-whatsapp\" href=\"https:\/\/whatsapp.com\/channel\/0029VaAakbx89ingOoeiTp40\" target=\"_blank\" rel=\"noopener\"><\/p>\n<p>Bizim WhatsApp kanal\u0131m\u0131za buradan abun\u0259 ola bil\u0259rsiniz<\/p>\n<p><\/a><\/p>\n<p>2010-cu ild\u0259 Pakistan\u0131n ke\u00e7mi\u015f ba\u015f naziri v\u0259 prezidenti general P\u0259rviz M\u00fc\u015f\u0259rr\u0259f t\u0259r\u0259find\u0259n yarad\u0131lan B\u00fct\u00f6v Pakistan M\u00fcs\u0259lman Liqas\u0131 (APML) Pakistan Se\u00e7ki Komissiyas\u0131 (SK) t\u0259r\u0259find\u0259n r\u0259smi olaraq ba\u011flan\u0131b v\u0259 siyah\u0131dan \u00e7\u0131xar\u0131l\u0131b.<\/p>\n<p>Real olaraq partiya liderinin \u00f6l\u00fcm\u00fcnd\u0259n bir ay sonra, 2023-c\u00fc ilin mart\u0131nda f\u0259aliyy\u0259tini dayand\u0131r\u0131b. O vaxtdan b\u0259ri partiyan\u0131n se\u00e7ki simvoluna sahib olmaq \u00fc\u00e7\u00fcn \u00fc\u00e7 iddia\u00e7\u0131 olub. Lakin onlardan he\u00e7 biri Pakistan SK-ya APML-d\u0259 h\u0259r hans\u0131 bir v\u0259zif\u0259 tutmas\u0131n\u0131 s\u00fcbut ed\u0259 bilm\u0259yib.<\/p>\n<p>N\u0259tic\u0259d\u0259 Se\u00e7ki Komissiyas\u0131n\u0131n s\u0259dri \u0130sk\u0259nd\u0259r Sultan Raca partiyan\u0131n Pakistanda siyasi t\u0259\u015fkilatlar\u0131n r\u0259smi siyah\u0131lar\u0131ndan \u00e7\u0131xar\u0131lmas\u0131 prosedurunu h\u0259yata ke\u00e7irib.<\/p>\n<p>Xat\u0131rladaq ki, P\u0259rviz M\u00fc\u015f\u0259rr\u0259f 1999-cu ild\u0259 hakimiyy\u0259t\u0259 g\u0259l\u0259r\u0259k Pakistan M\u00fcs\u0259lman Liqas\u0131 (PML) partiyas\u0131n\u0131n lideri N\u0259vaz \u015e\u0259rifi ba\u015f nazir postundan uzaqla\u015fd\u0131r\u0131b, daha sonra partiyan\u0131 PMLK, PMLN v\u0259 bir s\u0131ra dig\u0259r ki\u00e7ik siyasi partiyalara par\u00e7alay\u0131b. Onun hakimiyy\u0259ti 2008-ci il\u0259 q\u0259d\u0259r davam edib. M\u00fc\u015f\u0259rr\u0259f 2023-c\u00fc il fevral\u0131n 5-d\u0259 Dubayda 79 ya\u015f\u0131nda v\u0259fat edib.<\/p>\n<p>M\u0259nb\u0259: rossaprimavera.ru<\/p>\n<\/div>\n","protected":false},"excerpt":{"rendered":"<p>Bizim WhatsApp kanal\u0131m\u0131za buradan abun\u0259 ola bil\u0259rsiniz 2010-cu ild\u0259 Pakistan\u0131n ke\u00e7mi\u015f ba\u015f naziri v\u0259 prezidenti general P\u0259rviz M\u00fc\u015f\u0259rr\u0259f t\u0259r\u0259find\u0259n yarad\u0131lan B\u00fct\u00f6v Pakistan M\u00fcs\u0259lman Liqas\u0131 (APML) Pakistan Se\u00e7ki Komissiyas\u0131 (SK) t\u0259r\u0259find\u0259n r\u0259smi olaraq ba\u011flan\u0131b v\u0259 siyah\u0131dan \u00e7\u0131xar\u0131l\u0131b. Real olaraq partiya liderinin \u00f6l\u00fcm\u00fcnd\u0259n bir ay sonra, 2023-c\u00fc ilin mart\u0131nda f\u0259aliyy\u0259tini dayand\u0131r\u0131b. O vaxtdan b\u0259ri partiyan\u0131n se\u00e7ki simvoluna &hellip;<\/p>\n","protected":false},"author":1,"featured_media":1822,"comment_status":"open","ping_status":"closed","sticky":false,"template":"","format":"standard","meta":{"footnotes":""},"categories":[9],"tags":[],"class_list":["post-1821","post","type-post","status-publish","format-standard","has-post-thumbnail","hentry","category-xeber"],"_links":{"self":[{"href":"https:\/\/millitv.net\/index.php?rest_route=\/wp\/v2\/posts\/1821","targetHints":{"allow":["GET"]}}],"collection":[{"href":"https:\/\/millitv.net\/index.php?rest_route=\/wp\/v2\/posts"}],"about":[{"href":"https:\/\/millitv.net\/index.php?rest_route=\/wp\/v2\/types\/post"}],"author":[{"embeddable":true,"href":"https:\/\/millitv.net\/index.php?rest_route=\/wp\/v2\/users\/1"}],"replies":[{"embeddable":true,"href":"https:\/\/millitv.net\/index.php?rest_route=%2Fwp%2Fv2%2Fcomments&post=1821"}],"version-history":[{"count":0,"href":"https:\/\/millitv.net\/index.php?rest_route=\/wp\/v2\/posts\/1821\/revisions"}],"wp:featuredmedia":[{"embeddable":true,"href":"https:\/\/millitv.net\/index.php?rest_route=\/wp\/v2\/media\/1822"}],"wp:attachment":[{"href":"https:\/\/millitv.net\/index.php?rest_route=%2Fwp%2Fv2%2Fmedia&parent=1821"}],"wp:term":[{"taxonomy":"category","embeddable":true,"href":"https:\/\/millitv.net\/index.php?rest_route=%2Fwp%2Fv2%2Fcategories&post=1821"},{"taxonomy":"post_tag","embeddable":true,"href":"https:\/\/millitv.net\/index.php?rest_route=%2Fwp%2Fv2%2Ftags&post=1821"}],"curies":[{"name":"wp","href":"https:\/\/api.w.org\/{rel}","templated":true}]}}