{"id":18178,"date":"2025-02-12T14:43:35","date_gmt":"2025-02-12T14:43:35","guid":{"rendered":"https:\/\/millitv.net\/?p=18178"},"modified":"2025-02-12T14:43:36","modified_gmt":"2025-02-12T14:43:36","slug":"em%C9%99kdar-artist-bu-restorandan-qovuldu-sebebini-aciqladi","status":"publish","type":"post","link":"https:\/\/millitv.net\/?p=18178","title":{"rendered":"\u018fm\u0259kdar artist bu restorandan qovuldu &#8211;  S\u018fB\u018fB\u0130N\u0130 A\u00c7IQLADI"},"content":{"rendered":"\n<p><strong>\u201cAtam\u0131n h\u0259yat\u0131 ke\u015fm\u0259ke\u015fli olub, bir ne\u00e7\u0259 d\u0259f\u0259 \u00f6l\u00fcmd\u0259n qay\u0131d\u0131b. M\u0259nfur d\u00fc\u015fm\u0259nl\u0259rimizin, terroristl\u0259rin g\u00fcll\u0259sin\u0259 tu\u015f g\u0259lib. Bizim rayonu bombalayanda atam a\u011f\u0131r yaralanm\u0131\u015fd\u0131. \u00c7ox qan itirmi\u015fdi. Onu itirm\u0259k t\u0259hl\u00fck\u0259sind\u0259yik. \u015e\u00fck\u00fcr ki, Allah onu ne\u00e7\u0259nci d\u0259f\u0259 biz\u0259 ba\u011f\u0131\u015flad\u0131\u201d.<\/strong><\/p>\n\n\n\n<p>Bu s\u00f6zl\u0259ri \u201cG\u00fcn ortas\u0131\u201d verili\u015find\u0259 \u018fm\u0259kdar artist \u0130lkin \u018fhm\u0259dov deyib. O, u\u015faql\u0131q ill\u0259rind\u0259n ya\u015fad\u0131\u011f\u0131 \u00e7\u0259tinlikl\u0259rd\u0259n dan\u0131\u015f\u0131b:<\/p>\n\n\n\n<p>\u201cAtam\u0131n m\u00fcbarizliyi, \u0259zmkarl\u0131\u011f\u0131 say\u0259sind\u0259 o \u00e7\u0259tin g\u00fcnl\u0259ri ke\u00e7dik. M\u0259nim bir qarda\u015f\u0131m 1990-1995-ci il\u0259 q\u0259d\u0259r orduda xidm\u0259t etdi. Yaraland\u0131, sa\u011fald\u0131, geri qay\u0131td\u0131. D\u0259st\u0259k \u00fc\u00e7\u00fcn o da yoxuydu. O biri qarda\u015f\u0131m\u0131n onda i\u015f f\u0259aliyy\u0259ti yox idi, balaca qarda\u015f\u0131m\u0131n ya\u015f\u0131 az idi. M\u0259n onda qoyun-quzu otar\u0131rd\u0131m, t\u0259s\u0259rr\u00fcfat i\u015fl\u0259ri il\u0259 m\u0259\u015f\u011ful idim. Onda ay\u0131ld\u0131m ki, Az\u0259rbaycan D\u00f6vl\u0259t Konservatoriyas\u0131na q\u0259bul olunmu\u015fam v\u0259 restoranlarda \u00e7al\u0131\u015f\u0131ram. \u00d6z g\u00fcc\u00fcm\u0259, bacar\u0131\u011f\u0131ma ora \u00e7\u0131xd\u0131m. Orta m\u0259kt\u0259bd\u0259 oxuyanda g\u00f6rd\u00fcm ki, atama y\u00fck olma\u011f\u0131 bacarm\u0131ram. Onsuz da \u0259ziyy\u0259t i\u00e7ind\u0259 idi. \u00d6z g\u00fcc\u00fcm\u0259 bir restorana \u00e7\u0131xd\u0131m, ordan ba\u015fqa yer\u0259. H\u0259tta restorandan da qovuldum ki, laz\u0131m deyilsiniz. Halbuki ora g\u0259l\u0259nl\u0259r bizim orada olma\u011f\u0131m\u0131z\u0131 ist\u0259yirdil\u0259r. El\u0259 bil ki, qovulmaq taleyimiz\u0259 yaz\u0131l\u0131b\u201d. (OLAY)<\/p>\n","protected":false},"excerpt":{"rendered":"<p>\u201cAtam\u0131n h\u0259yat\u0131 ke\u015fm\u0259ke\u015fli olub, bir ne\u00e7\u0259 d\u0259f\u0259 \u00f6l\u00fcmd\u0259n qay\u0131d\u0131b. M\u0259nfur d\u00fc\u015fm\u0259nl\u0259rimizin, terroristl\u0259rin g\u00fcll\u0259sin\u0259 tu\u015f g\u0259lib. Bizim rayonu bombalayanda atam a\u011f\u0131r yaralanm\u0131\u015fd\u0131. \u00c7ox qan itirmi\u015fdi. Onu itirm\u0259k t\u0259hl\u00fck\u0259sind\u0259yik. \u015e\u00fck\u00fcr ki, Allah onu ne\u00e7\u0259nci d\u0259f\u0259 biz\u0259 ba\u011f\u0131\u015flad\u0131\u201d. Bu s\u00f6zl\u0259ri \u201cG\u00fcn ortas\u0131\u201d verili\u015find\u0259 \u018fm\u0259kdar artist \u0130lkin \u018fhm\u0259dov deyib. O, u\u015faql\u0131q ill\u0259rind\u0259n ya\u015fad\u0131\u011f\u0131 \u00e7\u0259tinlikl\u0259rd\u0259n dan\u0131\u015f\u0131b: \u201cAtam\u0131n m\u00fcbarizliyi, \u0259zmkarl\u0131\u011f\u0131 say\u0259sind\u0259 &hellip;<\/p>\n","protected":false},"author":1,"featured_media":18179,"comment_status":"open","ping_status":"closed","sticky":false,"template":"","format":"standard","meta":{"footnotes":""},"categories":[6,3],"tags":[],"class_list":["post-18178","post","type-post","status-publish","format-standard","has-post-thumbnail","hentry","category-maqazin","category-olke"],"_links":{"self":[{"href":"https:\/\/millitv.net\/index.php?rest_route=\/wp\/v2\/posts\/18178","targetHints":{"allow":["GET"]}}],"collection":[{"href":"https:\/\/millitv.net\/index.php?rest_route=\/wp\/v2\/posts"}],"about":[{"href":"https:\/\/millitv.net\/index.php?rest_route=\/wp\/v2\/types\/post"}],"author":[{"embeddable":true,"href":"https:\/\/millitv.net\/index.php?rest_route=\/wp\/v2\/users\/1"}],"replies":[{"embeddable":true,"href":"https:\/\/millitv.net\/index.php?rest_route=%2Fwp%2Fv2%2Fcomments&post=18178"}],"version-history":[{"count":1,"href":"https:\/\/millitv.net\/index.php?rest_route=\/wp\/v2\/posts\/18178\/revisions"}],"predecessor-version":[{"id":18180,"href":"https:\/\/millitv.net\/index.php?rest_route=\/wp\/v2\/posts\/18178\/revisions\/18180"}],"wp:featuredmedia":[{"embeddable":true,"href":"https:\/\/millitv.net\/index.php?rest_route=\/wp\/v2\/media\/18179"}],"wp:attachment":[{"href":"https:\/\/millitv.net\/index.php?rest_route=%2Fwp%2Fv2%2Fmedia&parent=18178"}],"wp:term":[{"taxonomy":"category","embeddable":true,"href":"https:\/\/millitv.net\/index.php?rest_route=%2Fwp%2Fv2%2Fcategories&post=18178"},{"taxonomy":"post_tag","embeddable":true,"href":"https:\/\/millitv.net\/index.php?rest_route=%2Fwp%2Fv2%2Ftags&post=18178"}],"curies":[{"name":"wp","href":"https:\/\/api.w.org\/{rel}","templated":true}]}}