{"id":18105,"date":"2025-02-05T07:21:53","date_gmt":"2025-02-05T07:21:53","guid":{"rendered":"https:\/\/millitv.net\/?p=18105"},"modified":"2025-02-05T07:21:54","modified_gmt":"2025-02-05T07:21:54","slug":"s%C9%99m%C9%99d-vurgun-yaltaq-idimi-yazicilar-gorun-n%C9%99l%C9%99r-dedil%C9%99r","status":"publish","type":"post","link":"https:\/\/millitv.net\/?p=18105","title":{"rendered":"S\u0259m\u0259d Vur\u011fun yaltaq idimi? \u2013 Yaz\u0131\u00e7\u0131lar g\u00f6r\u00fcn n\u0259l\u0259r dedil\u0259r\u00a0"},"content":{"rendered":"\n<p><strong>Yaz\u0131\u00e7\u0131, t\u0259rc\u00fcm\u0259\u00e7i, tarix\u00e7i \u018flisa Nicat\u0131n m\u00fcsahib\u0259l\u0259rinin birind\u0259 Xalq \u015fairi S\u0259m\u0259d Vur\u011fun haqda dediyi s\u00f6zl\u0259r g\u00fcnd\u0259m\u0259 d\u00fc\u015f\u00fcb v\u0259 sosial \u015f\u0259b\u0259k\u0259l\u0259rd\u0259 k\u0259skin t\u0259nqid olunub. O bildirib ki, S\u0259m\u0259d Vur\u011fun q\u0259d\u0259r yaltaq \u015fair olmay\u0131b.<\/strong><\/p>\n\n\n\n<p><strong>\u201c1937-1938-ci ill\u0259rd\u0259 S\u0259m\u0259d Vur\u011funu tutmu\u015fdular, s\u00fcrg\u00fcn ed\u0259c\u0259kdil\u0259r. O vaxt ham\u0131ya yalandan \u201cxalq d\u00fc\u015fm\u0259ni\u201d ad\u0131 vururdular. \u00c7\u00fcnki Moskvadan veril\u0259n \u201cplan\u0131\u201d doldurmaq laz\u0131m idi. Yoxsa S\u0259m\u0259d Vur\u011fun \u00e7ox yaltaq \u015fair olub. Onun q\u0259d\u0259r yaltaq \u015fair olmay\u0131b\u201d. \u2013 dey\u0259 o qeyd edib.<\/strong><\/p>\n\n\n\n<p><strong>Medianews.az \u018flisa Nicat\u0131n fikirl\u0259ri il\u0259 ba\u011fl\u0131 yaz\u0131\u00e7\u0131lar\u0131n m\u00fcnasib\u0259tini \u00f6yr\u0259nib.<\/strong><\/p>\n\n\n\n<p><strong>Cavablar\u0131 t\u0259qdim edirik:<\/strong><\/p>\n\n\n\n<figure class=\"wp-block-image\"><img decoding=\"async\" src=\"https:\/\/kulis.az\/storage\/news\/2019\/march\/06\/big\/38e0179445ec36a8a7ca0c5616c4a7b4.jpg\" alt=\"S\u0259f\u0259r Al\u0131\u015farl\u0131: \u201cMirz\u0259 C\u0259lil\u0259 h\u00fccumun s\u0259b\u0259bi ayd\u0131n deyil\u201d\"   yaltaq   span  title=\"\"><\/figure>\n\n\n\n<p><strong>Yaz\u0131\u00e7\u0131 S\u0259f\u0259r Al\u0131\u015farl\u0131:<\/strong><\/p>\n\n\n\n<p>\u201cTarix kimin kim oldu\u011funu yax\u015f\u0131 bilir. Bu m\u0259s\u0259l\u0259 m\u0259nim \u00fc\u00e7\u00fcn maraqs\u0131zd\u0131r. Az\u0259rbaycan\u0131n bu g\u00fcn ictimai tribunalardan m\u00fczakir\u0259 etm\u0259y\u0259 daha vacib v\u0259 ciddi m\u0259s\u0259l\u0259l\u0259ri var. M\u0259s\u0259l\u0259n, u\u015faq do\u011fumunun qar\u015f\u0131s\u0131n\u0131n al\u0131nmas\u0131 \u00fc\u00e7\u00fcn ail\u0259l\u0259rin qanunvericilik yolu il\u0259 da\u011f\u0131d\u0131lmas\u0131. G\u0259ncl\u0259rimizin i\u015fsizlik \u00fcz\u00fcnd\u0259n \u00f6lk\u0259ni k\u00fctl\u0259vi t\u0259rk etm\u0259si\u201d.<\/p>\n\n\n\n<figure class=\"wp-block-image\"><img decoding=\"async\" src=\"https:\/\/yazarlar.az\/wp-content\/uploads\/2024\/09\/IMG_20240905_090449.jpg\" alt=\"Do\u011fum g\u00fcn\u00fcn\u00fcz m\u00fcbar\u0259k! | WWW.YAZARLAR.AZ\"   yaltaq   span  title=\"\"><\/figure>\n\n\n\n<p><strong>Yaz\u0131\u00e7\u0131 F\u0259xri U\u011furlu:<\/strong><\/p>\n\n\n\n<p>\u201cHaqs\u0131z, insafs\u0131z dan\u0131\u015f\u0131b, doxsan ya\u015fl\u0131 yaz\u0131\u00e7\u0131ya bel\u0259 dan\u0131\u015fmaq he\u00e7 bir h\u00f6rm\u0259t g\u0259tirm\u0259z, tam \u0259ksin\u0259, olan h\u00f6rm\u0259tini d\u0259 yuyub aparar. S\u0259m\u0259d Vur\u011funun ya\u015fad\u0131\u011f\u0131 d\u00f6vr\u00fc anlamaq ona h\u0259rt\u0259r\u0259fli, obyektiv bax\u0131\u015f t\u0259l\u0259b el\u0259yir. \u018flisa Nicat m\u0259lumatl\u0131 adam olsa da, d\u0259rin d\u00fc\u015f\u00fcnc\u0259si, obyektiv t\u0259hlil qabiliyy\u0259ti yoxdur. H\u0259tta bir kitab\u0131nda \u015eellinq, Hegel kimi filosoflar haqq\u0131nda \u201ci\u00e7ibo\u015f\u201d ifad\u0259sini i\u015fl\u0259tmi\u015fdi. Bilmirs\u0259n g\u00fcl\u0259s\u0259n, ya a\u011flayasan. Soru\u015fmaq ist\u0259yirs\u0259n ki, a ki\u015fi, b\u0259s s\u0259n \u0259lli ildi oxudu\u011fun kitablardan n\u0259 g\u00f6t\u00fcrm\u00fcs\u0259n? Klassik alman f\u0259ls\u0259f\u0259si tarixin, inc\u0259s\u0259n\u0259tin gedi\u015fat\u0131n\u0131 d\u0259yi\u015fib, bu is\u0259 onun iki parlaq n\u00fcmay\u0259nd\u0259si haqq\u0131nda g\u00f6r\u00fcn hans\u0131 ifad\u0259ni dil\u0259 g\u0259tirir. N\u0259di-n\u0259di, r\u0259smi dair\u0259l\u0259r onlara r\u0259\u011fb\u0259t b\u0259sl\u0259yib. Bu adam o boyda rus \u0259d\u0259biyyat\u0131n\u0131 dan\u0131r. Cavanlara m\u0259sl\u0259h\u0259t g\u00f6r\u0259rdim ki, bel\u0259 s\u00f6zl\u0259r\u0259 k\u00f6n\u00fcl verm\u0259sinl\u0259r. S\u0259m\u0259d Vur\u011funun \u0259d\u0259bi dilimizin inki\u015faf\u0131nda misilsiz rolu var. Dil olmasa, mill\u0259t d\u0259 olmaz, dem\u0259k, o ki\u015fi h\u0259m d\u0259 bu mill\u0259tin ke\u015fiyini \u00e7\u0259kmi\u015f adamlardan biridir. \u018flisa Nicat\u0131n \u0259s\u0259rl\u0259rin\u0259 b\u0259l\u0259d olanlar bilirl\u0259r ki, onun bir yaz\u0131\u00e7\u0131 kimi dil duyumu ortadan da a\u015fa\u011f\u0131d\u0131r. A\u011fsaqqal adamd\u0131r, daha bundan art\u0131q n\u0259s\u0259 dem\u0259k ist\u0259mir\u0259m\u201d.<\/p>\n\n\n\n<figure class=\"wp-block-image\"><img decoding=\"async\" src=\"https:\/\/www.aznews.az\/storage\/photos\/celicavshsh.jpg\" alt=\"Kamal Abdullayla \u015f\u0259xsi tan\u0131\u015fl\u0131qdan sonra \u0259lim i\u015fd\u0259n soyudu\u201d \u2013 C\u0259lil Cavan\u015fir\"   yaltaq   span  title=\"\"><\/figure>\n\n\n\n<p><strong>\u015eair, yaz\u0131\u00e7\u0131 C\u0259lil Cavan\u015fir:<\/strong><\/p>\n\n\n\n<p>\u201cS\u0259m\u0259d Vur\u011fun &nbsp;art\u0131q m\u00fczakir\u0259 olunmal\u0131 m\u00f6vzu deyil. \u018flisa m\u00fc\u0259llim d\u0259 bel\u0259 \u015feyl\u0259r\u0259 vaxt itirm\u0259s\u0259 daha g\u00f6z\u0259l olar\u201d.<\/p>\n\n\n\n<figure class=\"wp-block-image\"><img decoding=\"async\" src=\"https:\/\/kulis.az\/storage\/news\/2022\/july\/07\/big\/62c6e608b8a3e62c6e608b8a3f165720218462c6e608b8a3c62c6e608b8a3d.jpg\" alt=\"Ramil \u018fhm\u0259d: \u201cCiddi \u015fairin kitab\u0131n\u0131n \u00e7ox sat\u0131lmas\u0131 yad\u0131ma g\u0259lmir\u201d \u2013 M\u00fcsahib\u0259\"   yaltaq   span  title=\"\"><\/figure>\n\n\n\n<p><strong>\u015eair, esseist Ramil \u018fhm\u0259d:<\/strong><\/p>\n\n\n\n<p>\u201cS\u0259m\u0259d Vur\u011fun yaltaq idimi? Cavab \u201ch\u0259\u201d olsa n\u0259 d\u0259yi\u015fir, \u201cyox\u201d olsa n\u0259? T\u0259nqid Sovet d\u00f6vr\u00fcn\u00fcn yaratd\u0131\u011f\u0131 v\u0259ziyy\u0259t\u0259dir, amma t\u0259nqid ed\u0259n d\u0259 m\u0259s\u0259l\u0259y\u0259 Sovet m\u0259ntiqi il\u0259 yana\u015f\u0131r: n\u00fcmun\u0259vi s\u0259n\u0259tkar obraz\u0131 yaratmaq, \u015f\u0259xsin m\u0259tnin \u00f6n\u00fcnd\u0259 olmas\u0131, yarad\u0131c\u0131lar\u0131n x\u00fcsusi kateqoriyaya b\u00f6l\u00fcnm\u0259si v\u0259 sair.<\/p>\n\n\n\n<p>\u018fd\u0259bi m\u0259tnin \u201cs\u0259mimi\u201d, \u201cd\u00fcr\u00fcst\u201d, \u201cc\u0259sar\u0259tsiz\u201d v\u0259 sair kimi meyarlar\u0131, \u00f6l\u00e7\u00fcl\u0259ri yoxdur. Bu \u0259d\u0259bi m\u0259tni yaradan \u015f\u0259xs\u0259 aid olan keyfiyy\u0259tl\u0259r ola bil\u0259r. Bu da \u015f\u0259xsi bir m\u0259s\u0259l\u0259dir. D\u00fcnyan\u0131n \u0259n g\u00f6z\u0259l \u0259d\u0259bi m\u0259tnl\u0259rini yaratm\u0131\u015f adamlar \u0259n m\u00fcxt\u0259lif xarakter\u0259, \u0259n m\u00fcxt\u0259lif d\u00fcnyag\u00f6r\u00fc\u015f\u00fcn\u0259, h\u0259yat t\u0259rzin\u0259 sahib olublar.<\/p>\n\n\n\n<p>\u00dcst\u0259lik, 2025-in reall\u0131\u011f\u0131 il\u0259 1937-ni qiym\u0259tl\u0259ndirm\u0259k d\u0259 yanl\u0131\u015f metoddur. S\u0259m\u0259d Vur\u011funun h\u0259tta \u0259n siyasi m\u0259tnl\u0259rind\u0259n olan \u201cKomsomol poemas\u0131\u201d bel\u0259 estetika bax\u0131m\u0131ndan y\u00fcks\u0259k s\u0259viyy\u0259d\u0259dir. Oradak\u0131 fikirl\u0259r, d\u00fc\u015f\u00fcnc\u0259l\u0259r, reall\u0131qlar bug\u00fcnl\u0259 s\u0259sl\u0259\u015fm\u0259y\u0259 bil\u0259r, amma bu o dem\u0259k deyil ki, 30-cu ill\u0259rin bel\u0259 bir reall\u0131\u011f\u0131 yox idi.<\/p>\n\n\n\n<p>M\u0259nc\u0259, problem bel\u0259 bir fikrin olmas\u0131nda yox, \u201cO, yaltaqd\u0131r\u201d dey\u0259nl\u0259 \u201cO, dahidir\u201d dey\u0259n aras\u0131nda mahiyy\u0259tc\u0259, \u00fcslubca ciddi bir f\u0259rqin olmamas\u0131ndad\u0131r.<\/p>\n\n\n\n<p>S\u0259m\u0259d Vur\u011fun yaltaq idimi? Sizc\u0259, cavab \u201ch\u0259\u201d olsa n\u0259 d\u0259yi\u015fir, \u201cyox\u201d olsa n\u0259?\u201d<\/p>\n","protected":false},"excerpt":{"rendered":"<p>Yaz\u0131\u00e7\u0131, t\u0259rc\u00fcm\u0259\u00e7i, tarix\u00e7i \u018flisa Nicat\u0131n m\u00fcsahib\u0259l\u0259rinin birind\u0259 Xalq \u015fairi S\u0259m\u0259d Vur\u011fun haqda dediyi s\u00f6zl\u0259r g\u00fcnd\u0259m\u0259 d\u00fc\u015f\u00fcb v\u0259 sosial \u015f\u0259b\u0259k\u0259l\u0259rd\u0259 k\u0259skin t\u0259nqid olunub. O bildirib ki, S\u0259m\u0259d Vur\u011fun q\u0259d\u0259r yaltaq \u015fair olmay\u0131b. \u201c1937-1938-ci ill\u0259rd\u0259 S\u0259m\u0259d Vur\u011funu tutmu\u015fdular, s\u00fcrg\u00fcn ed\u0259c\u0259kdil\u0259r. O vaxt ham\u0131ya yalandan \u201cxalq d\u00fc\u015fm\u0259ni\u201d ad\u0131 vururdular. \u00c7\u00fcnki Moskvadan veril\u0259n \u201cplan\u0131\u201d doldurmaq laz\u0131m idi. Yoxsa S\u0259m\u0259d &hellip;<\/p>\n","protected":false},"author":1,"featured_media":18106,"comment_status":"open","ping_status":"closed","sticky":false,"template":"","format":"standard","meta":{"footnotes":""},"categories":[1],"tags":[],"class_list":["post-18105","post","type-post","status-publish","format-standard","has-post-thumbnail","hentry","category-idman"],"_links":{"self":[{"href":"https:\/\/millitv.net\/index.php?rest_route=\/wp\/v2\/posts\/18105","targetHints":{"allow":["GET"]}}],"collection":[{"href":"https:\/\/millitv.net\/index.php?rest_route=\/wp\/v2\/posts"}],"about":[{"href":"https:\/\/millitv.net\/index.php?rest_route=\/wp\/v2\/types\/post"}],"author":[{"embeddable":true,"href":"https:\/\/millitv.net\/index.php?rest_route=\/wp\/v2\/users\/1"}],"replies":[{"embeddable":true,"href":"https:\/\/millitv.net\/index.php?rest_route=%2Fwp%2Fv2%2Fcomments&post=18105"}],"version-history":[{"count":1,"href":"https:\/\/millitv.net\/index.php?rest_route=\/wp\/v2\/posts\/18105\/revisions"}],"predecessor-version":[{"id":18107,"href":"https:\/\/millitv.net\/index.php?rest_route=\/wp\/v2\/posts\/18105\/revisions\/18107"}],"wp:featuredmedia":[{"embeddable":true,"href":"https:\/\/millitv.net\/index.php?rest_route=\/wp\/v2\/media\/18106"}],"wp:attachment":[{"href":"https:\/\/millitv.net\/index.php?rest_route=%2Fwp%2Fv2%2Fmedia&parent=18105"}],"wp:term":[{"taxonomy":"category","embeddable":true,"href":"https:\/\/millitv.net\/index.php?rest_route=%2Fwp%2Fv2%2Fcategories&post=18105"},{"taxonomy":"post_tag","embeddable":true,"href":"https:\/\/millitv.net\/index.php?rest_route=%2Fwp%2Fv2%2Ftags&post=18105"}],"curies":[{"name":"wp","href":"https:\/\/api.w.org\/{rel}","templated":true}]}}