{"id":18096,"date":"2025-02-04T15:04:08","date_gmt":"2025-02-04T15:04:08","guid":{"rendered":"https:\/\/millitv.net\/?p=18096"},"modified":"2025-02-04T15:04:09","modified_gmt":"2025-02-04T15:04:09","slug":"efird%C9%99-g%C9%99rginlik-s%C9%99sinizi-yuks%C9%99ltm%C9%99yin-deyib-canli-yayimi-t%C9%99rk-etdi","status":"publish","type":"post","link":"https:\/\/millitv.net\/?p=18096","title":{"rendered":"Efird\u0259 g\u0259rginlik &#8211;  &#8220;S\u0259sinizi y\u00fcks\u0259ltm\u0259yin&#8221; deyib canl\u0131 yay\u0131m\u0131 t\u0259rk etdi"},"content":{"rendered":"\n<p><strong>&#8220;H\u0259min Zaur&#8221; verili\u015finin \u00f6t\u0259n g\u00fcn yay\u0131mlanan burax\u0131l\u0131\u015f\u0131nda qalmaqal ya\u015fan\u0131b.<\/strong><\/p>\n\n\n\n<p><strong>BAKU.WS<\/strong>&nbsp;x\u0259b\u0259r verir ki, buna s\u0259b\u0259b is\u0259 m\u00fc\u011f\u0259nni \u018fmin\u0259 \u015eirinin proqrama gecikm\u0259si olub. Apar\u0131c\u0131 Zaur Kamalla onun aras\u0131nda naraz\u0131l\u0131q yaran\u0131b.<\/p>\n\n\n\n<p>Zaur Kamal m\u00fc\u011f\u0259nniy\u0259 &#8220;Xo\u015f g\u0259lmisiniz, sizi ba\u015fa d\u00fc\u015f\u00fcr\u0259m, xan\u0131ms\u0131n\u0131z. B\u0259s o biril\u0259r niy\u0259 gecikir? Xalq artistl\u0259ri Ayg\u00fcn Kaz\u0131mova, Faiq A\u011fayev, R\u00f6ya Ayxan gecikmirl\u0259r&#8221; s\u00f6zl\u0259rini deyib.<\/p>\n\n\n\n<p>\u018fmin\u0259 \u015eirin is\u0259 ona aqressiv cavab ver\u0259r\u0259k efird\u0259n gedib:<\/p>\n\n\n\n<p>&#8220;Orada birt\u0259h\u0259r salamla\u015fd\u0131n\u0131z, burada da xo\u015f g\u0259ldiniz deyirsiniz. Siz bizim yerimiz\u0259 olsayd\u0131n\u0131z n\u0259 ed\u0259rdiniz? Verili\u015fi apar\u0131rs\u0131n\u0131z v\u0259 gedirsiniz. Bizim klipimiz, efirimiz, salonumuz var. He\u00e7 kim bil\u0259r\u0259kd\u0259n bunu etmir. Naraz\u0131s\u0131n\u0131zsa, ged\u0259 bil\u0259r\u0259m. Xan\u0131m olaraq m\u0259nd\u0259n \u00fczr g\u00f6zl\u0259yirsiniz. \u00c7ox aqressivsiniz. Tama\u015fa\u00e7\u0131lardan \u00fczr ist\u0259yir\u0259m. Qona\u011f\u0131 bel\u0259 qar\u015f\u0131lamazlar&#8221; dey\u0259r\u0259k efiri t\u0259rk edib.<\/p>\n\n\n\n<p>\u018ftrafl\u0131 videoda:<\/p>\n\n\n\n<figure class=\"wp-block-image\"><img decoding=\"async\" src=\"https:\/\/baku.tv\/post-thumbnail\/180839\/default\" alt=\"\" title=\"\"><\/figure>\n","protected":false},"excerpt":{"rendered":"<p>&#8220;H\u0259min Zaur&#8221; verili\u015finin \u00f6t\u0259n g\u00fcn yay\u0131mlanan burax\u0131l\u0131\u015f\u0131nda qalmaqal ya\u015fan\u0131b. BAKU.WS&nbsp;x\u0259b\u0259r verir ki, buna s\u0259b\u0259b is\u0259 m\u00fc\u011f\u0259nni \u018fmin\u0259 \u015eirinin proqrama gecikm\u0259si olub. Apar\u0131c\u0131 Zaur Kamalla onun aras\u0131nda naraz\u0131l\u0131q yaran\u0131b. Zaur Kamal m\u00fc\u011f\u0259nniy\u0259 &#8220;Xo\u015f g\u0259lmisiniz, sizi ba\u015fa d\u00fc\u015f\u00fcr\u0259m, xan\u0131ms\u0131n\u0131z. B\u0259s o biril\u0259r niy\u0259 gecikir? Xalq artistl\u0259ri Ayg\u00fcn Kaz\u0131mova, Faiq A\u011fayev, R\u00f6ya Ayxan gecikmirl\u0259r&#8221; s\u00f6zl\u0259rini deyib. \u018fmin\u0259 \u015eirin &hellip;<\/p>\n","protected":false},"author":1,"featured_media":18097,"comment_status":"open","ping_status":"closed","sticky":false,"template":"","format":"standard","meta":{"footnotes":""},"categories":[1],"tags":[],"class_list":["post-18096","post","type-post","status-publish","format-standard","has-post-thumbnail","hentry","category-idman"],"_links":{"self":[{"href":"https:\/\/millitv.net\/index.php?rest_route=\/wp\/v2\/posts\/18096","targetHints":{"allow":["GET"]}}],"collection":[{"href":"https:\/\/millitv.net\/index.php?rest_route=\/wp\/v2\/posts"}],"about":[{"href":"https:\/\/millitv.net\/index.php?rest_route=\/wp\/v2\/types\/post"}],"author":[{"embeddable":true,"href":"https:\/\/millitv.net\/index.php?rest_route=\/wp\/v2\/users\/1"}],"replies":[{"embeddable":true,"href":"https:\/\/millitv.net\/index.php?rest_route=%2Fwp%2Fv2%2Fcomments&post=18096"}],"version-history":[{"count":1,"href":"https:\/\/millitv.net\/index.php?rest_route=\/wp\/v2\/posts\/18096\/revisions"}],"predecessor-version":[{"id":18098,"href":"https:\/\/millitv.net\/index.php?rest_route=\/wp\/v2\/posts\/18096\/revisions\/18098"}],"wp:featuredmedia":[{"embeddable":true,"href":"https:\/\/millitv.net\/index.php?rest_route=\/wp\/v2\/media\/18097"}],"wp:attachment":[{"href":"https:\/\/millitv.net\/index.php?rest_route=%2Fwp%2Fv2%2Fmedia&parent=18096"}],"wp:term":[{"taxonomy":"category","embeddable":true,"href":"https:\/\/millitv.net\/index.php?rest_route=%2Fwp%2Fv2%2Fcategories&post=18096"},{"taxonomy":"post_tag","embeddable":true,"href":"https:\/\/millitv.net\/index.php?rest_route=%2Fwp%2Fv2%2Ftags&post=18096"}],"curies":[{"name":"wp","href":"https:\/\/api.w.org\/{rel}","templated":true}]}}