{"id":18093,"date":"2025-02-04T15:02:05","date_gmt":"2025-02-04T15:02:05","guid":{"rendered":"https:\/\/millitv.net\/?p=18093"},"modified":"2025-02-04T15:02:06","modified_gmt":"2025-02-04T15:02:06","slug":"kecmis-h%C9%99yat-yoldasindan-danisan-xalq-artisti-muasir-zamandir-ovladimin-atasidir-danisiriq","status":"publish","type":"post","link":"https:\/\/millitv.net\/?p=18093","title":{"rendered":"Ke\u00e7mi\u015f h\u0259yat yolda\u015f\u0131ndan dan\u0131\u015fan Xalq artisti: &#8220;M\u00fcasir zamand\u0131r, \u00f6vlad\u0131m\u0131n atas\u0131d\u0131r dan\u0131\u015f\u0131r\u0131q&#8221;"},"content":{"rendered":"\n<p><strong>Xalq artisti G\u00fclyaz M\u0259mm\u0259dova \u015f\u0259xsi h\u0259yat\u0131 il\u0259 diqq\u0259t \u00e7\u0259kib.<\/strong><\/p>\n\n\n\n<p><strong>BAKU.WS&nbsp;<\/strong>x\u0259b\u0259r verir ki, &#8220;Zaurla G\u00fcnayd\u0131n&#8221; verili\u015fin\u0259 qat\u0131lan ifa\u00e7\u0131 ke\u00e7mi\u015f h\u0259yat yolda\u015f\u0131ndan dan\u0131\u015f\u0131b.<\/p>\n\n\n\n<p>Mu\u011fam ifa\u00e7\u0131s\u0131 qeyd edib ki, o Rusiyada ya\u015fay\u0131r v\u0259 m\u00fch\u0259ndisdir.<\/p>\n\n\n\n<p>S\u0259n\u0259t\u00e7i \u00f6vlad\u0131na g\u00f6r\u0259 onunla \u0259laq\u0259 saxlad\u0131\u011f\u0131n\u0131 qeyd edib.<\/p>\n\n\n\n<p>&#8220;H\u0259r\u015fey ke\u00e7mi\u015fd\u0259 qald\u0131. Uzaqdad\u0131r. Xarici \u00f6lk\u0259d\u0259 ya\u015fay\u0131r. Allah ona can sa\u011fl\u0131\u011f\u0131 versin. M\u00fcasir zamand\u0131r, \u00f6vlad\u0131m\u0131n atas\u0131d\u0131r dan\u0131\u015f\u0131r\u0131q. \u00d6vlad\u0131m\u0131 soru\u015fur. Biz m\u00fcasir adamlar\u0131q&#8221;.<\/p>\n\n\n\n<p>\u018ftrafl\u0131 videoda:<\/p>\n\n\n\n<figure class=\"wp-block-image\"><img decoding=\"async\" src=\"https:\/\/baku.tv\/post-thumbnail\/180863\/default\" alt=\"\" title=\"\"><\/figure>\n","protected":false},"excerpt":{"rendered":"<p>Xalq artisti G\u00fclyaz M\u0259mm\u0259dova \u015f\u0259xsi h\u0259yat\u0131 il\u0259 diqq\u0259t \u00e7\u0259kib. BAKU.WS&nbsp;x\u0259b\u0259r verir ki, &#8220;Zaurla G\u00fcnayd\u0131n&#8221; verili\u015fin\u0259 qat\u0131lan ifa\u00e7\u0131 ke\u00e7mi\u015f h\u0259yat yolda\u015f\u0131ndan dan\u0131\u015f\u0131b. Mu\u011fam ifa\u00e7\u0131s\u0131 qeyd edib ki, o Rusiyada ya\u015fay\u0131r v\u0259 m\u00fch\u0259ndisdir. S\u0259n\u0259t\u00e7i \u00f6vlad\u0131na g\u00f6r\u0259 onunla \u0259laq\u0259 saxlad\u0131\u011f\u0131n\u0131 qeyd edib. &#8220;H\u0259r\u015fey ke\u00e7mi\u015fd\u0259 qald\u0131. Uzaqdad\u0131r. Xarici \u00f6lk\u0259d\u0259 ya\u015fay\u0131r. Allah ona can sa\u011fl\u0131\u011f\u0131 versin. M\u00fcasir zamand\u0131r, \u00f6vlad\u0131m\u0131n atas\u0131d\u0131r &hellip;<\/p>\n","protected":false},"author":1,"featured_media":18094,"comment_status":"open","ping_status":"closed","sticky":false,"template":"","format":"standard","meta":{"footnotes":""},"categories":[1],"tags":[],"class_list":["post-18093","post","type-post","status-publish","format-standard","has-post-thumbnail","hentry","category-idman"],"_links":{"self":[{"href":"https:\/\/millitv.net\/index.php?rest_route=\/wp\/v2\/posts\/18093","targetHints":{"allow":["GET"]}}],"collection":[{"href":"https:\/\/millitv.net\/index.php?rest_route=\/wp\/v2\/posts"}],"about":[{"href":"https:\/\/millitv.net\/index.php?rest_route=\/wp\/v2\/types\/post"}],"author":[{"embeddable":true,"href":"https:\/\/millitv.net\/index.php?rest_route=\/wp\/v2\/users\/1"}],"replies":[{"embeddable":true,"href":"https:\/\/millitv.net\/index.php?rest_route=%2Fwp%2Fv2%2Fcomments&post=18093"}],"version-history":[{"count":1,"href":"https:\/\/millitv.net\/index.php?rest_route=\/wp\/v2\/posts\/18093\/revisions"}],"predecessor-version":[{"id":18095,"href":"https:\/\/millitv.net\/index.php?rest_route=\/wp\/v2\/posts\/18093\/revisions\/18095"}],"wp:featuredmedia":[{"embeddable":true,"href":"https:\/\/millitv.net\/index.php?rest_route=\/wp\/v2\/media\/18094"}],"wp:attachment":[{"href":"https:\/\/millitv.net\/index.php?rest_route=%2Fwp%2Fv2%2Fmedia&parent=18093"}],"wp:term":[{"taxonomy":"category","embeddable":true,"href":"https:\/\/millitv.net\/index.php?rest_route=%2Fwp%2Fv2%2Fcategories&post=18093"},{"taxonomy":"post_tag","embeddable":true,"href":"https:\/\/millitv.net\/index.php?rest_route=%2Fwp%2Fv2%2Ftags&post=18093"}],"curies":[{"name":"wp","href":"https:\/\/api.w.org\/{rel}","templated":true}]}}