{"id":17967,"date":"2025-01-30T09:10:18","date_gmt":"2025-01-30T09:10:18","guid":{"rendered":"https:\/\/millitv.net\/?p=17967"},"modified":"2025-01-30T09:10:19","modified_gmt":"2025-01-30T09:10:19","slug":"de-g%C9%99lsin-geri-qayidir-foto","status":"publish","type":"post","link":"https:\/\/millitv.net\/?p=17967","title":{"rendered":"&#8220;De, g\u0259lsin&#8221; geri qay\u0131d\u0131r &#8211; FOTO"},"content":{"rendered":"\n<p><strong>\u0130ll\u0259r \u0259vv\u0259l f\u0259aliyy\u0259ti dayand\u0131r\u0131lm\u0131\u015f ANS kanal\u0131nda yay\u0131mlanan &#8220;De, g\u0259lsin&#8221; meyxana yar\u0131\u015fmas\u0131 yenid\u0259n ekrana qay\u0131d\u0131r.<\/strong><\/p>\n\n\n\n<p>Bu bar\u0259d\u0259 aktyor Elcan R\u0259sulov sosial \u015f\u0259b\u0259k\u0259d\u0259 bildirib. O, apar\u0131c\u0131 Emin \u018ff\u0259ndi il\u0259 fotosunu izl\u0259yicil\u0259ri b\u00f6l\u00fc\u015f\u0259r\u0259k bunlar\u0131 yaz\u0131b:<\/p>\n\n\n\n<p>&#8220;Tezlikl\u0259 &#8220;De, g\u0259lsin&#8221;&nbsp;olacaq.&nbsp;\u018ffsan\u0259vi proyekt yeni stild\u0259, dizaynda,&nbsp;m\u00fcasir formatda v\u0259 sintezatorsuz meyxana olacaq. Yaln\u0131z s\u00f6z\u0259 \u00fcst\u00fcnl\u00fck veril\u0259c\u0259k. Ona g\u00f6r\u0259 s\u00f6z bil\u0259nl\u0259r haz\u0131r olsun&#8221;.<\/p>\n\n\n\n<p>Qeyd ed\u0259k ki, &#8220;De, g\u0259lsin!&#8221; meyxana yar\u0131\u015fmas\u0131n\u0131n ilk apar\u0131c\u0131s\u0131 Emin \u018ff\u0259ndi olub. (Ax\u015fam.az)<\/p>\n\n\n\n<figure class=\"wp-block-image\"><img decoding=\"async\" src=\"https:\/\/axsam.az\/img\/pics\/large\/2025-01\/289059_5srbp1hx7a.jpg\" alt=\"\" title=\"\"><\/figure>\n","protected":false},"excerpt":{"rendered":"<p>\u0130ll\u0259r \u0259vv\u0259l f\u0259aliyy\u0259ti dayand\u0131r\u0131lm\u0131\u015f ANS kanal\u0131nda yay\u0131mlanan &#8220;De, g\u0259lsin&#8221; meyxana yar\u0131\u015fmas\u0131 yenid\u0259n ekrana qay\u0131d\u0131r. Bu bar\u0259d\u0259 aktyor Elcan R\u0259sulov sosial \u015f\u0259b\u0259k\u0259d\u0259 bildirib. O, apar\u0131c\u0131 Emin \u018ff\u0259ndi il\u0259 fotosunu izl\u0259yicil\u0259ri b\u00f6l\u00fc\u015f\u0259r\u0259k bunlar\u0131 yaz\u0131b: &#8220;Tezlikl\u0259 &#8220;De, g\u0259lsin&#8221;&nbsp;olacaq.&nbsp;\u018ffsan\u0259vi proyekt yeni stild\u0259, dizaynda,&nbsp;m\u00fcasir formatda v\u0259 sintezatorsuz meyxana olacaq. Yaln\u0131z s\u00f6z\u0259 \u00fcst\u00fcnl\u00fck veril\u0259c\u0259k. Ona g\u00f6r\u0259 s\u00f6z bil\u0259nl\u0259r haz\u0131r olsun&#8221;. Qeyd &hellip;<\/p>\n","protected":false},"author":1,"featured_media":17968,"comment_status":"open","ping_status":"closed","sticky":false,"template":"","format":"standard","meta":{"footnotes":""},"categories":[6],"tags":[],"class_list":["post-17967","post","type-post","status-publish","format-standard","has-post-thumbnail","hentry","category-maqazin"],"_links":{"self":[{"href":"https:\/\/millitv.net\/index.php?rest_route=\/wp\/v2\/posts\/17967","targetHints":{"allow":["GET"]}}],"collection":[{"href":"https:\/\/millitv.net\/index.php?rest_route=\/wp\/v2\/posts"}],"about":[{"href":"https:\/\/millitv.net\/index.php?rest_route=\/wp\/v2\/types\/post"}],"author":[{"embeddable":true,"href":"https:\/\/millitv.net\/index.php?rest_route=\/wp\/v2\/users\/1"}],"replies":[{"embeddable":true,"href":"https:\/\/millitv.net\/index.php?rest_route=%2Fwp%2Fv2%2Fcomments&post=17967"}],"version-history":[{"count":1,"href":"https:\/\/millitv.net\/index.php?rest_route=\/wp\/v2\/posts\/17967\/revisions"}],"predecessor-version":[{"id":17969,"href":"https:\/\/millitv.net\/index.php?rest_route=\/wp\/v2\/posts\/17967\/revisions\/17969"}],"wp:featuredmedia":[{"embeddable":true,"href":"https:\/\/millitv.net\/index.php?rest_route=\/wp\/v2\/media\/17968"}],"wp:attachment":[{"href":"https:\/\/millitv.net\/index.php?rest_route=%2Fwp%2Fv2%2Fmedia&parent=17967"}],"wp:term":[{"taxonomy":"category","embeddable":true,"href":"https:\/\/millitv.net\/index.php?rest_route=%2Fwp%2Fv2%2Fcategories&post=17967"},{"taxonomy":"post_tag","embeddable":true,"href":"https:\/\/millitv.net\/index.php?rest_route=%2Fwp%2Fv2%2Ftags&post=17967"}],"curies":[{"name":"wp","href":"https:\/\/api.w.org\/{rel}","templated":true}]}}