{"id":17961,"date":"2025-01-30T09:07:40","date_gmt":"2025-01-30T09:07:40","guid":{"rendered":"https:\/\/millitv.net\/?p=17961"},"modified":"2025-01-30T09:07:41","modified_gmt":"2025-01-30T09:07:41","slug":"77-yasinda-yalan-danismaq-s%C9%99nin-ag-saclarina-yarasmir-qalmaqal-boyuyur","status":"publish","type":"post","link":"https:\/\/millitv.net\/?p=17961","title":{"rendered":"\u201c77 ya\u015f\u0131nda yalan dan\u0131\u015fmaq s\u0259nin a\u011f sa\u00e7lar\u0131na yara\u015fm\u0131r\u201d &#8211; Qalmaqal b\u00f6y\u00fcy\u00fcr"},"content":{"rendered":"\n<p>&#8220;Qaraba\u011f b\u00fclb\u00fcll\u0259ri&#8221; ansambl\u0131n\u0131n b\u0259dii r\u0259hb\u0259ri Murad Rzayev a\u00e7\u0131qlamas\u0131 il\u0259 diqq\u0259t \u00e7\u0259kib. &#8220;AStar&#8221; layih\u0259sin\u0259 dan\u0131\u015fan b\u0259st\u0259kar m\u00fc\u011f\u0259nni Tacir \u015eahmal\u0131o\u011flunun &#8220;Bayat\u0131-\u015eiraz&#8221; mahn\u0131s\u0131n\u0131 \u00f6z\u00fcn\u00fcn b\u0259st\u0259si kimi t\u0259qdim etm\u0259sin\u0259 etiraz\u0131n\u0131 bildirib. O ifa\u00e7\u0131n\u0131n bu h\u0259r\u0259k\u0259tini q\u0131nay\u0131b. Onun s\u00f6zl\u0259rin\u0259 g\u00f6r\u0259, Tacir qat\u0131ld\u0131\u011f\u0131 b\u00fct\u00fcn t\u0259dbirl\u0259rd\u0259 bu ifan\u0131 \u00f6z\u00fcn\u00fcn b\u0259st\u0259l\u0259diyini bildirir.<\/p>\n\n\n\n<p>&#8220;Tacir kimdir ki, Bayat\u0131-\u015eiraz\u0131n improvizasiyas\u0131n\u0131 yazs\u0131n&#8221; &#8211; dey\u0259 Murad Rzayev qeyd edib. Murad Rzayev Tacirin 6-7 ya\u015flar\u0131nda sad\u0259c\u0259 bu mahn\u0131n\u0131 ifa etdiyini, lakin improvizasiya etm\u0259diyini vur\u011fulay\u0131b.<\/p>\n\n\n\n<p>M\u00f6vzu il\u0259 ba\u011fl\u0131&nbsp;<strong>Medianews.az<\/strong>-a a\u00e7\u0131qlama ver\u0259n tan\u0131nm\u0131\u015f m\u00fc\u011f\u0259nni Tacir \u015eahmal\u0131o\u011flu&nbsp;Murad Rzayevin verili\u015fd\u0259 dan\u0131\u015fd\u0131qlar\u0131n\u0131n yalan oldu\u011funu bildirib: &#8220;D\u00f6vl\u0259timiz d\u0259 \u00e7ox g\u00f6z\u0259l g\u00f6r\u00fcr ki, m\u0259n &#8220;Bayat\u0131-\u015eiraz&#8221; ifamda can qoymu\u015fam. O ki, qald\u0131 Murad Rzayevin haqq\u0131mda s\u00f6yl\u0259dikl\u0259rin\u0259, o, ya\u015fla\u015f\u0131b. N\u0259 q\u0259d\u0259r ist\u0259dim ki, bir s\u00f6z dem\u0259yim amma bu \u00e7\u0131x\u0131\u015f\u0131ndan sonra dan\u0131\u015fma\u011fa q\u0259rar verdim. \u00c7\u00fcnki o m\u0259ni h\u0259min verili\u015fd\u0259 t\u0259hqir edib, \u00fcnvan\u0131ma laz\u0131ms\u0131z s\u00f6zl\u0259r deyib. M\u0259n &#8220;Bayat\u0131-\u015eiraz&#8221;-\u0131n m\u00fc\u0259lliflik h\u00fcququnun sertifikat\u0131n\u0131 alm\u0131\u015fam. K\u0259nardan 100 s\u00f6z-s\u00f6hb\u0259t d\u0259 olsa m\u0259n\u0259 t\u0259sir etm\u0259z. Murad Rzayev h\u0259min verili\u015fd\u0259 95 faiz h\u0259r \u015feyi yalan dan\u0131\u015f\u0131r. O deyir ki, Tacir m\u0259nim yan\u0131ma o vaxt \u00f6z\u00fc g\u0259lib. S\u0259nin ba\u015f\u0131na, a\u011f sa\u00e7lar\u0131na yara\u015fm\u0131r ax\u0131 bu! 77 ya\u015f\u0131nda insan yalan dan\u0131\u015far? M\u0259n s\u0259nin yan\u0131na g\u0259l\u0259nd\u0259 he\u00e7 6 ya\u015f\u0131m tamam olmam\u0131\u015fd\u0131. 6 ya\u015f\u0131 tamam olmayan bir u\u015faq d\u0259rn\u0259y\u0259 nec\u0259 g\u0259l\u0259 bil\u0259r? Bu d\u0259r\u0259c\u0259d\u0259 absurd, haqs\u0131z v\u0259 yalan dan\u0131\u015fmaq onun 77 ya\u015f\u0131na yara\u015fm\u0131r. El\u0259 deyir ki, 6 ya\u015f\u0131nda u\u015faq n\u0259 bilir ki, Betxoven kimdir? \u0130mproviz\u0259 n\u0259dir? M\u0259n h\u0259min ifan\u0131 11-12 ya\u015f\u0131mda oxumu\u015fam, 6 ya\u015f\u0131mda yox&#8221;.<\/p>\n\n\n\n<p>T.\u015eahmal\u0131o\u011flu deyib ki, &#8220;Bayat\u0131-\u015eiraz&#8221; 1976-c\u0131 ilin sonlar\u0131nda yaran\u0131b: &#8220;Ona q\u0259d\u0259r biz d\u00fcnyan\u0131 g\u0259zmi\u015fdik. Dirijor Niyazi, Tofiq Quliyev, Zeyn\u0259b Xanlarova, H\u0259bib \u0130smay\u0131lov kimi s\u0259n\u0259tkarlarla bir s\u0259hn\u0259 b\u00f6l\u00fc\u015f\u00fcrd\u00fck, onlardan t\u00f6vsiy\u0259l\u0259r al\u0131rd\u0131q. M\u0259n 7 illik piano m\u0259kt\u0259bini oxumu\u015fam. 11 ya\u015f\u0131mda \u00c7aykovskinin, Betxovenin, Fikr\u0259t \u018fmirovun \u0259s\u0259rl\u0259rini ifa edirdim. 2 aydan bir Heyd\u0259r \u018fliyev Saray\u0131nda konsertl\u0259r verirdik. Y\u00fczl\u0259rl\u0259 ansamb\u0131llar g\u00f6r\u00fcrd\u00fck, ariyalar e\u015fidirdik. H\u0259min verili\u015fd\u0259 bu \u015f\u0259xs \u00e7ox yalanlar dan\u0131\u015f\u0131r. O dan\u0131\u015f\u0131r, amma fikirl\u0259\u015fmir ki, dedikl\u0259rind\u0259 m\u0259ntiq yoxdur. Bu insan\u0131n \u00f6z\u00fc yalan\u00e7\u0131d\u0131r! Onun h\u0259yat\u0131 yalan-dolanla ke\u00e7ib. K\u00f6rp\u0259 vaxtlar\u0131mdan onun yan\u0131nda olmu\u015fam. Cavanl\u0131\u011f\u0131n\u0131 da, orta ya\u015flar\u0131n\u0131 da g\u00f6rm\u00fc\u015f\u0259m, qocal\u0131\u011f\u0131n\u0131 da siz g\u00f6r\u00fcrs\u00fcn\u00fcz! Bu q\u0259d\u0259r d\u0259 yalan olmaz. Onu da efir\u0259 \u00e7\u0131xar\u0131rlar, a\u011fz\u0131na g\u0259l\u0259ni dan\u0131\u015f\u0131r. O vaxt efir m\u0259d\u0259niyy\u0259ti, etikas\u0131 vard\u0131. H\u0259r k\u0259s \u00e7\u0131x\u0131b efir\u0259 a\u011fl\u0131-ba\u015f\u0131na dan\u0131\u015fa bilm\u0259zdi. \u0130ndi bizim efirl\u0259rimiz d\u0259 biab\u0131r\u00e7\u0131 g\u00fcnd\u0259dir. Efirin qaydalar\u0131na riayy\u0259t etm\u0259k laz\u0131md\u0131r&#8221;.<\/p>\n\n\n\n<figure class=\"wp-block-image\"><img decoding=\"async\" src=\"https:\/\/news.milli.az\/media\/2025\/01\/30\/1260561_(2).jpg\" alt=\"\" title=\"\"><\/figure>\n\n\n\n<p>Tacir \u015eahmal\u0131o\u011flu vur\u011fulay\u0131b ki, &#8220;Bayat\u0131-\u015eiraz&#8221;-\u0131 \u00f6z\u00fc yarad\u0131b: &#8220;Bunu ham\u0131 bilir. Bir yalan\u0131 da budur ki, deyir mahn\u0131n\u0131 b\u0259st\u0259l\u0259y\u0259nd\u0259 ba\u015fqalar\u0131na verdim oxusunlar, Tacird\u0259 al\u0131nd\u0131. Bu da yaland\u0131r. Guya Arzu oxuyub, Arzuda al\u0131nmay\u0131b. \u018fg\u0259r bu ifan\u0131 Arzu oxuyubsa, g\u00f6r\u00fcnt\u00fcl\u0259ri g\u00f6st\u0259r, s\u00fcbut et! 1975-ci ild\u0259 Arzu ansamb\u0131la g\u0259ldi, 1976-c\u0131 ild\u0259 s\u0259si batd\u0131\u011f\u0131 \u00fc\u00e7\u00fcn \u00e7\u0131x\u0131b getdi. &#8220;Bayat\u0131-\u015eiraz&#8221; 1976-c\u0131 ild\u0259 yaran\u0131b. Arzu nec\u0259 oxuya bil\u0259rdi? M\u0259n bu improviz\u0259ni Betxovenin \u0259s\u0259rind\u0259n ilhamlan\u0131b etmi\u015f\u0259m. Bu ist\u0259yimi Murad Rzayev\u0259 dey\u0259nd\u0259 m\u00fc\u0259llim kimi m\u0259n\u0259 yol g\u00f6st\u0259rib. D\u00fc\u015f\u00fcnc\u0259 d\u0259, b\u0259st\u0259 d\u0259 m\u0259nimdir. Bu insan\u0131n h\u0259yat\u0131nda bir b\u0259st\u0259si olub. O da N\u00fcsr\u0259t K\u0259s\u0259m\u0259nlinin s\u00f6zl\u0259rini Zeyn\u0259b Xanlarovan\u0131n &#8220;D\u00fcnyan\u0131n xo\u015fb\u0259xti m\u0259n\u0259m d\u00fcnyada&#8221; mahn\u0131s\u0131n\u0131n musiqisi \u00fcst\u00fcnd\u0259 oxuyub. O mahn\u0131 Zeyn\u0259b xan\u0131m\u0131nd\u0131r. 1970-ci ild\u0259n r\u0259hb\u0259ri oldu\u011fu &#8220;Qaraba\u011f b\u00fclb\u00fcll\u0259ri&#8221; ansamb\u0131l\u0131 f\u0259aliyy\u0259t g\u00f6st\u0259rir. Art\u0131q 2025-ci ildir. 2025-ci il\u0259 q\u0259d\u0259r niy\u0259 bir &#8220;Bayat\u0131-\u015eiraz&#8221; yaratmad\u0131n?! Yaradard\u0131n da! Yarada bilm\u0259z ax\u0131! M\u0259nim kimi, m\u0259nd\u0259n d\u0259 g\u00f6z\u0259l s\u0259sli insanlar g\u0259lib-getdi. &#8220;Bayat\u0131-\u015eiraz&#8221; s\u0259nin idis\u0259, niy\u0259 m\u0259nd\u0259n sonra g\u0259l\u0259nl\u0259rin birin\u0259 \u00f6yr\u0259d\u0259 bilm\u0259din?! S\u0259n \u0259n yax\u015f\u0131s\u0131 sus! Haqq\u0131ma girm\u0259!&#8221;<\/p>\n","protected":false},"excerpt":{"rendered":"<p>&#8220;Qaraba\u011f b\u00fclb\u00fcll\u0259ri&#8221; ansambl\u0131n\u0131n b\u0259dii r\u0259hb\u0259ri Murad Rzayev a\u00e7\u0131qlamas\u0131 il\u0259 diqq\u0259t \u00e7\u0259kib. &#8220;AStar&#8221; layih\u0259sin\u0259 dan\u0131\u015fan b\u0259st\u0259kar m\u00fc\u011f\u0259nni Tacir \u015eahmal\u0131o\u011flunun &#8220;Bayat\u0131-\u015eiraz&#8221; mahn\u0131s\u0131n\u0131 \u00f6z\u00fcn\u00fcn b\u0259st\u0259si kimi t\u0259qdim etm\u0259sin\u0259 etiraz\u0131n\u0131 bildirib. O ifa\u00e7\u0131n\u0131n bu h\u0259r\u0259k\u0259tini q\u0131nay\u0131b. Onun s\u00f6zl\u0259rin\u0259 g\u00f6r\u0259, Tacir qat\u0131ld\u0131\u011f\u0131 b\u00fct\u00fcn t\u0259dbirl\u0259rd\u0259 bu ifan\u0131 \u00f6z\u00fcn\u00fcn b\u0259st\u0259l\u0259diyini bildirir. &#8220;Tacir kimdir ki, Bayat\u0131-\u015eiraz\u0131n improvizasiyas\u0131n\u0131 yazs\u0131n&#8221; &#8211; dey\u0259 Murad Rzayev qeyd &hellip;<\/p>\n","protected":false},"author":1,"featured_media":17962,"comment_status":"open","ping_status":"closed","sticky":false,"template":"","format":"standard","meta":{"footnotes":""},"categories":[3,6],"tags":[],"class_list":["post-17961","post","type-post","status-publish","format-standard","has-post-thumbnail","hentry","category-olke","category-maqazin"],"_links":{"self":[{"href":"https:\/\/millitv.net\/index.php?rest_route=\/wp\/v2\/posts\/17961","targetHints":{"allow":["GET"]}}],"collection":[{"href":"https:\/\/millitv.net\/index.php?rest_route=\/wp\/v2\/posts"}],"about":[{"href":"https:\/\/millitv.net\/index.php?rest_route=\/wp\/v2\/types\/post"}],"author":[{"embeddable":true,"href":"https:\/\/millitv.net\/index.php?rest_route=\/wp\/v2\/users\/1"}],"replies":[{"embeddable":true,"href":"https:\/\/millitv.net\/index.php?rest_route=%2Fwp%2Fv2%2Fcomments&post=17961"}],"version-history":[{"count":1,"href":"https:\/\/millitv.net\/index.php?rest_route=\/wp\/v2\/posts\/17961\/revisions"}],"predecessor-version":[{"id":17963,"href":"https:\/\/millitv.net\/index.php?rest_route=\/wp\/v2\/posts\/17961\/revisions\/17963"}],"wp:featuredmedia":[{"embeddable":true,"href":"https:\/\/millitv.net\/index.php?rest_route=\/wp\/v2\/media\/17962"}],"wp:attachment":[{"href":"https:\/\/millitv.net\/index.php?rest_route=%2Fwp%2Fv2%2Fmedia&parent=17961"}],"wp:term":[{"taxonomy":"category","embeddable":true,"href":"https:\/\/millitv.net\/index.php?rest_route=%2Fwp%2Fv2%2Fcategories&post=17961"},{"taxonomy":"post_tag","embeddable":true,"href":"https:\/\/millitv.net\/index.php?rest_route=%2Fwp%2Fv2%2Ftags&post=17961"}],"curies":[{"name":"wp","href":"https:\/\/api.w.org\/{rel}","templated":true}]}}