{"id":1790,"date":"2023-10-14T19:00:29","date_gmt":"2023-10-14T19:00:29","guid":{"rendered":"https:\/\/millinews.az\/xeber\/turkiy%C9%99li-nazir-z%C9%99ng%C9%99zur-d%C9%99hlizi-layih%C9%99sinin-reallasmasi-orta-d%C9%99hliz-olk%C9%99l%C9%99ri-ucun-muhum-addim-olacaq\/"},"modified":"2023-10-14T19:00:29","modified_gmt":"2023-10-14T19:00:29","slug":"turkiy%C9%99li-nazir-z%C9%99ng%C9%99zur-d%C9%99hlizi-layih%C9%99sinin-reallasmasi-orta-d%C9%99hliz-olk%C9%99l%C9%99ri-ucun-muhum-addim-olacaq","status":"publish","type":"post","link":"https:\/\/millitv.net\/?p=1790","title":{"rendered":"T\u00fcrkiy\u0259li nazir: \u201cZ\u0259ng\u0259zur d\u0259hlizi layih\u0259sinin realla\u015fmas\u0131 Orta D\u0259hliz \u00f6lk\u0259l\u0259ri \u00fc\u00e7\u00fcn m\u00fch\u00fcm add\u0131m olacaq\u201d"},"content":{"rendered":"<p><img decoding=\"async\" src=\"https:\/\/cdn.oxu.az\/uploads\/W1siZiIsIjIwMjMvMTAvMTQvMjIvMzkvNDkvNjNkZTNlMzgtNzFlMy00ZmQ2LTk3MDYtOGVmNjZjNzc1YWIwL2lsay01LWF5ZGEtMjQzLWJpbi1raXNpLWtydXZheml5ZXItZ2VtaWxlcmxlLXR1cmtpeWUteWkteml5YXJldC1ldHRpLmpwZyJdLFsicCIsImVuY29kZSIsImpwZyIsIi1xdWFsaXR5IDgwIl0sWyJwIiwidGh1bWIiLCI2MjB4NDY1XHUwMDNlIl1d?sha=0df893756d23669f\" alt=\"\" title=\"\"><\/p>\n<div><a class=\"subs-in-social subs-whatsapp\" href=\"https:\/\/whatsapp.com\/channel\/0029VaAakbx89ingOoeiTp40\" target=\"_blank\" rel=\"noopener\"><\/p>\n<p>Bizim WhatsApp kanal\u0131m\u0131za buradan abun\u0259 ola bil\u0259rsiniz<\/p>\n<p><\/a><\/p>\n<p>\u201cT\u00fcrkiy\u0259 il\u0259 Az\u0259rbaycan aras\u0131nda birba\u015fa d\u0259mir yolu v\u0259 avtomobil n\u0259qliyyat\u0131n\u0131 t\u0259min ed\u0259c\u0259k Z\u0259ng\u0259zur d\u0259hlizi layih\u0259sinin h\u0259yata ke\u00e7irilm\u0259sinin b\u00fct\u00fcn Orta D\u0259hliz \u00f6lk\u0259l\u0259ri \u00fc\u00e7\u00fcn m\u00fch\u00fcm add\u0131m olaca\u011f\u0131na inan\u0131ram\u201d.<\/p>\n<p>Bunu T\u00fcrkiy\u0259nin n\u0259qliyyat v\u0259 infrastruktur naziri Abdulkadir Uralo\u011flu deyib.<\/p>\n<p>\u201cBu \u00e7\u0259r\u00e7iv\u0259d\u0259 h\u0259yata ke\u00e7iril\u0259c\u0259k Qars-Nax\u00e7\u0131van d\u0259mir yolu layih\u0259si b\u00fct\u00fcn Avropan\u0131 Nax\u00e7\u0131van \u00fcz\u0259rind\u0259n \u0130ran, Az\u0259rbaycan, T\u00fcrkm\u0259nistan v\u0259 Pakistanla birl\u0259\u015fdir\u0259c\u0259k\u201d, &#8211; nazir vur\u011fulay\u0131b.<\/p>\n<p>Abdulkadir Uralo\u011flu deyib ki, Bak\u0131-Tbilisi-Qars x\u0259tti il\u0259 T\u00fcrkiy\u0259d\u0259n Avropan\u0131n bir \u00e7ox n\u00f6qt\u0259sin\u0259, o c\u00fcml\u0259d\u0259n q\u0259rbd\u0259 Bolqar\u0131stan, Macar\u0131stan, Almaniya, Avstriya, Pol\u015fa, Rum\u0131niya, \u00c7exiya, Slovakiya, Serbiya v\u0259 Fransaya, \u015e\u0259rqd\u0259 \u0130ran, \u018ffqan\u0131stan v\u0259 Pakistana, \u015fimalda Rusiyaya, Asiyada G\u00fcrc\u00fcstan, Az\u0259rbaycan, \u00d6zb\u0259kistan, Tacikistan, Q\u0131r\u011f\u0131z\u0131stan, T\u00fcrkm\u0259nistan, Qazax\u0131stan v\u0259 \u00c7in\u0259 y\u00fck qatarlar\u0131 g\u00f6nd\u0259rilir:<\/p>\n<p>\u201c\u0130ndi biz Z\u0259ng\u0259zur D\u0259hlizi v\u0259 \u201c\u0130nki\u015faf yolu\u201d layih\u0259l\u0259ri il\u0259 iki yeni beyn\u0259lxalq x\u0259tti h\u0259yata ke\u00e7irm\u0259yi qar\u015f\u0131m\u0131za m\u0259qs\u0259d qoymu\u015fuq\u201d.<\/p>\n<p>Nazir qeyd edib ki, T\u00fcrkiy\u0259d\u0259 Prezident R\u0259c\u0259b Tayyib \u018frdo\u011fan\u0131n r\u0259hb\u0259rliyi il\u0259 d\u0259miryolu sah\u0259sind\u0259 yeni d\u00f6vr ba\u015flay\u0131b. O, d\u0259mir yolu \u015f\u0259b\u0259k\u0259sinin 14 min kilometr\u0259 \u00e7atd\u0131\u011f\u0131n\u0131 s\u00f6yl\u0259yib. Onun s\u00f6zl\u0259rin\u0259 g\u00f6r\u0259, d\u0259miryolu s\u00fcr\u0259tli v\u0259 rahat s\u0259yah\u0259t ist\u0259y\u0259nl\u0259rin ilk \u00fcnvan\u0131d\u0131r.<\/p>\n<p>M\u0259nb\u0259: sondakika.com<\/p>\n<\/div>\n","protected":false},"excerpt":{"rendered":"<p>Bizim WhatsApp kanal\u0131m\u0131za buradan abun\u0259 ola bil\u0259rsiniz \u201cT\u00fcrkiy\u0259 il\u0259 Az\u0259rbaycan aras\u0131nda birba\u015fa d\u0259mir yolu v\u0259 avtomobil n\u0259qliyyat\u0131n\u0131 t\u0259min ed\u0259c\u0259k Z\u0259ng\u0259zur d\u0259hlizi layih\u0259sinin h\u0259yata ke\u00e7irilm\u0259sinin b\u00fct\u00fcn Orta D\u0259hliz \u00f6lk\u0259l\u0259ri \u00fc\u00e7\u00fcn m\u00fch\u00fcm add\u0131m olaca\u011f\u0131na inan\u0131ram\u201d. Bunu T\u00fcrkiy\u0259nin n\u0259qliyyat v\u0259 infrastruktur naziri Abdulkadir Uralo\u011flu deyib. \u201cBu \u00e7\u0259r\u00e7iv\u0259d\u0259 h\u0259yata ke\u00e7iril\u0259c\u0259k Qars-Nax\u00e7\u0131van d\u0259mir yolu layih\u0259si b\u00fct\u00fcn Avropan\u0131 Nax\u00e7\u0131van \u00fcz\u0259rind\u0259n \u0130ran, &hellip;<\/p>\n","protected":false},"author":1,"featured_media":1791,"comment_status":"open","ping_status":"closed","sticky":false,"template":"","format":"standard","meta":{"footnotes":""},"categories":[9],"tags":[],"class_list":["post-1790","post","type-post","status-publish","format-standard","has-post-thumbnail","hentry","category-xeber"],"_links":{"self":[{"href":"https:\/\/millitv.net\/index.php?rest_route=\/wp\/v2\/posts\/1790","targetHints":{"allow":["GET"]}}],"collection":[{"href":"https:\/\/millitv.net\/index.php?rest_route=\/wp\/v2\/posts"}],"about":[{"href":"https:\/\/millitv.net\/index.php?rest_route=\/wp\/v2\/types\/post"}],"author":[{"embeddable":true,"href":"https:\/\/millitv.net\/index.php?rest_route=\/wp\/v2\/users\/1"}],"replies":[{"embeddable":true,"href":"https:\/\/millitv.net\/index.php?rest_route=%2Fwp%2Fv2%2Fcomments&post=1790"}],"version-history":[{"count":0,"href":"https:\/\/millitv.net\/index.php?rest_route=\/wp\/v2\/posts\/1790\/revisions"}],"wp:featuredmedia":[{"embeddable":true,"href":"https:\/\/millitv.net\/index.php?rest_route=\/wp\/v2\/media\/1791"}],"wp:attachment":[{"href":"https:\/\/millitv.net\/index.php?rest_route=%2Fwp%2Fv2%2Fmedia&parent=1790"}],"wp:term":[{"taxonomy":"category","embeddable":true,"href":"https:\/\/millitv.net\/index.php?rest_route=%2Fwp%2Fv2%2Fcategories&post=1790"},{"taxonomy":"post_tag","embeddable":true,"href":"https:\/\/millitv.net\/index.php?rest_route=%2Fwp%2Fv2%2Ftags&post=1790"}],"curies":[{"name":"wp","href":"https:\/\/api.w.org\/{rel}","templated":true}]}}