{"id":17772,"date":"2025-01-22T15:47:19","date_gmt":"2025-01-22T15:47:19","guid":{"rendered":"https:\/\/millitv.net\/?p=17772"},"modified":"2025-01-22T15:47:20","modified_gmt":"2025-01-22T15:47:20","slug":"az%C9%99rbaycanda-h%C9%99yat-30-yasda-bitir","status":"publish","type":"post","link":"https:\/\/millitv.net\/?p=17772","title":{"rendered":"&#8220;Az\u0259rbaycanda h\u0259yat 30 ya\u015fda bitir&#8221;"},"content":{"rendered":"\n<p><strong>Tan\u0131nm\u0131\u015f reper Orxan Zeynall\u0131 (A\u0130D) a\u00e7\u0131qlamas\u0131 il\u0259 diqq\u0259t \u00e7\u0259kib.<\/strong><\/p>\n\n\n\n<p>&#8220;Efird\u0259n k\u0259nar&#8221; verili\u015fin\u0259 qonaq olan rep\u00e7i Amerikadak\u0131 v\u0259 Az\u0259rbaycandak\u0131 h\u0259yat\u0131n f\u0259rqind\u0259n dan\u0131\u015f\u0131b.<\/p>\n\n\n\n<p>Orxan bildirib ki, burada 25, 30 ya\u015fa \u00e7atan g\u0259ncl\u0259rin qar\u015f\u0131s\u0131na m\u00fc\u0259yy\u0259n t\u0259l\u0259bl\u0259r qoyulur v\u0259 ona \u00e7atmad\u0131qda &#8220;Art\u0131q ya\u015f\u0131n ke\u00e7di, gecdi&#8221; deyilir.<\/p>\n\n\n\n<p>Lakin Amerikada bel\u0259 deyil. Orada h\u0259r ya\u015fda n\u0259yis\u0259 yenid\u0259n ba\u015flamaq he\u00e7 vaxt gec hesab olunmur:<\/p>\n\n\n\n<p>&#8220;G\u0259ncl\u0259rin qar\u015f\u0131s\u0131na t\u0259l\u0259b qoyulur. 20-25-30 ya\u015fa q\u0259d\u0259r bunlar olmal\u0131d\u0131r&#8230; Art\u0131q s\u0259n o ya\u015fa g\u0259l\u0259nd\u0259 he\u00e7n\u0259 ed\u0259 bilm\u0259mis\u0259ns\u0259 s\u0259n\u0259 qar\u015f\u0131 t\u0259zyiq olunur, depressiyaya d\u00fc\u015f\u00fcrs\u0259n. Bel\u0259likl\u0259, Az\u0259rbaycanda h\u0259yat 30 ya\u015fda bitir. Lakin Amerikada 47 ya\u015f\u0131n bel\u0259 olsa, q\u0259rar ver\u0259 bil\u0259rs\u0259n ki, m\u0259n dizayner olmaq ist\u0259yir\u0259m. Gedirs\u0259n kursa v\u0259 haz\u0131rla\u015f\u0131rsan&#8221;.\/BAKU.WS<\/p>\n\n\n\n<p><a href=\"https:\/\/baku.tv\/embed\/178731\" target=\"_blank\" rel=\"noopener\">https:\/\/baku.tv\/embed\/178731<\/a><\/p>\n","protected":false},"excerpt":{"rendered":"<p>Tan\u0131nm\u0131\u015f reper Orxan Zeynall\u0131 (A\u0130D) a\u00e7\u0131qlamas\u0131 il\u0259 diqq\u0259t \u00e7\u0259kib. &#8220;Efird\u0259n k\u0259nar&#8221; verili\u015fin\u0259 qonaq olan rep\u00e7i Amerikadak\u0131 v\u0259 Az\u0259rbaycandak\u0131 h\u0259yat\u0131n f\u0259rqind\u0259n dan\u0131\u015f\u0131b. Orxan bildirib ki, burada 25, 30 ya\u015fa \u00e7atan g\u0259ncl\u0259rin qar\u015f\u0131s\u0131na m\u00fc\u0259yy\u0259n t\u0259l\u0259bl\u0259r qoyulur v\u0259 ona \u00e7atmad\u0131qda &#8220;Art\u0131q ya\u015f\u0131n ke\u00e7di, gecdi&#8221; deyilir. Lakin Amerikada bel\u0259 deyil. Orada h\u0259r ya\u015fda n\u0259yis\u0259 yenid\u0259n ba\u015flamaq he\u00e7 vaxt gec &hellip;<\/p>\n","protected":false},"author":1,"featured_media":17773,"comment_status":"open","ping_status":"closed","sticky":false,"template":"","format":"standard","meta":{"footnotes":""},"categories":[6,3],"tags":[],"class_list":["post-17772","post","type-post","status-publish","format-standard","has-post-thumbnail","hentry","category-maqazin","category-olke"],"_links":{"self":[{"href":"https:\/\/millitv.net\/index.php?rest_route=\/wp\/v2\/posts\/17772","targetHints":{"allow":["GET"]}}],"collection":[{"href":"https:\/\/millitv.net\/index.php?rest_route=\/wp\/v2\/posts"}],"about":[{"href":"https:\/\/millitv.net\/index.php?rest_route=\/wp\/v2\/types\/post"}],"author":[{"embeddable":true,"href":"https:\/\/millitv.net\/index.php?rest_route=\/wp\/v2\/users\/1"}],"replies":[{"embeddable":true,"href":"https:\/\/millitv.net\/index.php?rest_route=%2Fwp%2Fv2%2Fcomments&post=17772"}],"version-history":[{"count":1,"href":"https:\/\/millitv.net\/index.php?rest_route=\/wp\/v2\/posts\/17772\/revisions"}],"predecessor-version":[{"id":17774,"href":"https:\/\/millitv.net\/index.php?rest_route=\/wp\/v2\/posts\/17772\/revisions\/17774"}],"wp:featuredmedia":[{"embeddable":true,"href":"https:\/\/millitv.net\/index.php?rest_route=\/wp\/v2\/media\/17773"}],"wp:attachment":[{"href":"https:\/\/millitv.net\/index.php?rest_route=%2Fwp%2Fv2%2Fmedia&parent=17772"}],"wp:term":[{"taxonomy":"category","embeddable":true,"href":"https:\/\/millitv.net\/index.php?rest_route=%2Fwp%2Fv2%2Fcategories&post=17772"},{"taxonomy":"post_tag","embeddable":true,"href":"https:\/\/millitv.net\/index.php?rest_route=%2Fwp%2Fv2%2Ftags&post=17772"}],"curies":[{"name":"wp","href":"https:\/\/api.w.org\/{rel}","templated":true}]}}