{"id":17674,"date":"2025-01-16T06:23:28","date_gmt":"2025-01-16T06:23:28","guid":{"rendered":"https:\/\/millitv.net\/?p=17674"},"modified":"2025-01-16T06:23:29","modified_gmt":"2025-01-16T06:23:29","slug":"analar-ovladsiz-yasaya-bilm%C9%99z-milli-q%C9%99hr%C9%99manimizin-anasindan-tesirli-paylasim","status":"publish","type":"post","link":"https:\/\/millitv.net\/?p=17674","title":{"rendered":"&#8220;Analar \u00f6vlads\u0131z ya\u015faya bilm\u0259z&#8230;&#8221; &#8211;\u00a0Milli Q\u0259hr\u0259man\u0131m\u0131z\u0131n anas\u0131ndan T\u018fS\u0130RL\u0130 PAYLA\u015eIM"},"content":{"rendered":"\n<p>K\u0259nar m\u00fcdaxil\u0259 n\u0259tic\u0259sind\u0259 Aktau yax\u0131nl\u0131\u011f\u0131nda q\u0259zaya u\u011frayan Az\u0259rbaycan t\u0259yyar\u0259sinin h\u0259lak olan pilot Aleksandr Kalyaninovun anas\u0131 Yelena Kalyaninova o\u011flu il\u0259 ba\u011fl\u0131 payla\u015f\u0131m edib.<\/p>\n\n\n\n<p><strong>Modern.az<\/strong>-\u0131n m\u0259lumat\u0131na g\u00f6r\u0259, o, payla\u015f\u0131m\u0131 feysbuk hesab\u0131nda edib.<\/p>\n\n\n\n<p>Yelena Kalyaninova o\u011fluna \u015feir h\u0259sr edib. O, \u015feird\u0259&nbsp;tez-tez Aleksandrla ba\u011fl\u0131 xatir\u0259l\u0259r\u0259 q\u0259rq oldu\u011funu bildirib.<\/p>\n\n\n\n<p>&#8220;Ax\u0131 analar \u00f6vlads\u0131z ya\u015faya bilm\u0259z, onlar ancaq bu d\u00fcnyada m\u00f6vcuddurlar&#8221;, &#8211;&nbsp;Kalyaninovun anas\u0131 yaz\u0131b.<\/p>\n\n\n\n<p>Xat\u0131rladaq ki, Aleksandr Kalyaninov \u00f6l\u00fcm\u00fcnd\u0259n sonra Az\u0259rbaycan\u0131n Milli Q\u0259hr\u0259man\u0131 ad\u0131na layiq g\u00f6r\u00fcl\u00fcb.<\/p>\n\n\n\n<p>Xat\u0131rladaq ki, 2024-c\u00fc il dekabr\u0131n 25-d\u0259 Bak\u0131\u2013Qrozn\u0131 reysini yerin\u0259 yetir\u0259n \u201cAz\u0259rbaycan Hava Yollar\u0131\u201dna m\u0259xsus \u201cEmbraer 190\u201d tipli s\u0259rni\u015fin t\u0259yyar\u0259si Rusiya Federasiyas\u0131n\u0131n hava m\u0259kan\u0131nda k\u0259nar fiziki v\u0259 texniki m\u00fcdaxil\u0259y\u0259 m\u0259ruz qalaraq idar\u0259etm\u0259ni itirmi\u015f v\u0259ziyy\u0259td\u0259 Qazax\u0131stan Aktau \u015f\u0259h\u0259ri istiqam\u0259tin\u0259 y\u00f6nl\u0259ndirilib. \u0130nsan t\u0259l\u0259fat\u0131 v\u0259 x\u0259sar\u0259t alanlar olmas\u0131na baxmayaraq, pilotlar\u0131n, b\u0259l\u0259d\u00e7il\u0259rin y\u00fcks\u0259k pe\u015f\u0259karl\u0131\u011f\u0131, \u015f\u00fcca\u0259ti v\u0259 c\u0259surlu\u011fu say\u0259sind\u0259 t\u0259yyar\u0259 q\u0259za eni\u015fi h\u0259yata ke\u00e7irib.&nbsp;T\u0259yyar\u0259d\u0259 olan 67 n\u0259f\u0259rd\u0259n 38-i h\u0259lak olub, 29-u sa\u011f qal\u0131b.<\/p>\n\n\n\n<p>\u0130lkin ara\u015fd\u0131rmalar n\u0259tic\u0259sind\u0259 m\u0259lum olub ki, Az\u0259rbaycan t\u0259yyar\u0259si \u00c7e\u00e7enistan\u0131n hava m\u0259kan\u0131nda olan zaman Rusiyan\u0131n hava h\u00fccumundan m\u00fcdafi\u0259 vasit\u0259l\u0259ri t\u0259r\u0259find\u0259n vurulub, hava g\u0259misi idar\u0259etm\u0259ni itirib. T\u0259yyar\u0259nin f\u00fczelyaj\u0131nda zenit raket kompleksind\u0259n at\u0131lan raketin q\u0259lp\u0259l\u0259rinin izl\u0259ri qeyd\u0259 al\u0131n\u0131b.<\/p>\n","protected":false},"excerpt":{"rendered":"<p>K\u0259nar m\u00fcdaxil\u0259 n\u0259tic\u0259sind\u0259 Aktau yax\u0131nl\u0131\u011f\u0131nda q\u0259zaya u\u011frayan Az\u0259rbaycan t\u0259yyar\u0259sinin h\u0259lak olan pilot Aleksandr Kalyaninovun anas\u0131 Yelena Kalyaninova o\u011flu il\u0259 ba\u011fl\u0131 payla\u015f\u0131m edib. Modern.az-\u0131n m\u0259lumat\u0131na g\u00f6r\u0259, o, payla\u015f\u0131m\u0131 feysbuk hesab\u0131nda edib. Yelena Kalyaninova o\u011fluna \u015feir h\u0259sr edib. O, \u015feird\u0259&nbsp;tez-tez Aleksandrla ba\u011fl\u0131 xatir\u0259l\u0259r\u0259 q\u0259rq oldu\u011funu bildirib. &#8220;Ax\u0131 analar \u00f6vlads\u0131z ya\u015faya bilm\u0259z, onlar ancaq bu d\u00fcnyada m\u00f6vcuddurlar&#8221;, &#8211;&nbsp;Kalyaninovun &hellip;<\/p>\n","protected":false},"author":1,"featured_media":17675,"comment_status":"open","ping_status":"closed","sticky":false,"template":"","format":"standard","meta":{"footnotes":""},"categories":[3],"tags":[],"class_list":["post-17674","post","type-post","status-publish","format-standard","has-post-thumbnail","hentry","category-olke"],"_links":{"self":[{"href":"https:\/\/millitv.net\/index.php?rest_route=\/wp\/v2\/posts\/17674","targetHints":{"allow":["GET"]}}],"collection":[{"href":"https:\/\/millitv.net\/index.php?rest_route=\/wp\/v2\/posts"}],"about":[{"href":"https:\/\/millitv.net\/index.php?rest_route=\/wp\/v2\/types\/post"}],"author":[{"embeddable":true,"href":"https:\/\/millitv.net\/index.php?rest_route=\/wp\/v2\/users\/1"}],"replies":[{"embeddable":true,"href":"https:\/\/millitv.net\/index.php?rest_route=%2Fwp%2Fv2%2Fcomments&post=17674"}],"version-history":[{"count":1,"href":"https:\/\/millitv.net\/index.php?rest_route=\/wp\/v2\/posts\/17674\/revisions"}],"predecessor-version":[{"id":17676,"href":"https:\/\/millitv.net\/index.php?rest_route=\/wp\/v2\/posts\/17674\/revisions\/17676"}],"wp:featuredmedia":[{"embeddable":true,"href":"https:\/\/millitv.net\/index.php?rest_route=\/wp\/v2\/media\/17675"}],"wp:attachment":[{"href":"https:\/\/millitv.net\/index.php?rest_route=%2Fwp%2Fv2%2Fmedia&parent=17674"}],"wp:term":[{"taxonomy":"category","embeddable":true,"href":"https:\/\/millitv.net\/index.php?rest_route=%2Fwp%2Fv2%2Fcategories&post=17674"},{"taxonomy":"post_tag","embeddable":true,"href":"https:\/\/millitv.net\/index.php?rest_route=%2Fwp%2Fv2%2Ftags&post=17674"}],"curies":[{"name":"wp","href":"https:\/\/api.w.org\/{rel}","templated":true}]}}