{"id":17665,"date":"2025-01-15T15:03:26","date_gmt":"2025-01-15T15:03:26","guid":{"rendered":"https:\/\/millitv.net\/?p=17665"},"modified":"2025-01-15T15:03:27","modified_gmt":"2025-01-15T15:03:27","slug":"prezident-ayt%C9%99n-s%C9%99f%C9%99rovani-t%C9%99ltif-etdi","status":"publish","type":"post","link":"https:\/\/millitv.net\/?p=17665","title":{"rendered":"Prezident Ayt\u0259n S\u0259f\u0259rovan\u0131 t\u0259ltif etdi"},"content":{"rendered":"\n<p><strong>Prezident \u0130lham \u018fliyev apar\u0131c\u0131 Ayt\u0259n S\u0259f\u0259rovan\u0131 t\u0259ltif edib.&nbsp;<\/strong><\/p>\n\n\n\n<p>OLAY yaz\u0131r ki, bu bar\u0259d\u0259 Ayt\u0259n sosial \u015f\u0259b\u0259k\u0259d\u0259 payla\u015f\u0131m edib:<\/p>\n\n\n\n<p><em>\u201c2024-c\u00fc ilin \u0259n m\u00f6t\u0259b\u0259r taley\u00fckl\u00fc qlobal t\u0259dbiri &#8211; COP29-da f\u0259al i\u015ftiraka g\u00f6r\u0259 Prezident \u0130lham \u018fliyevin \u201cT\u0259\u015f\u0259kk\u00fcrnam\u0259\u201dsini almaq q\u00fcrurverici, izaholunmaz sevinc b\u0259x\u015f ed\u0259n bir hissdir. T\u0259\u015f\u0259kk\u00fcrl\u0259r, \u0259ziz Prezident, bel\u0259 m\u00f6ht\u0259\u015f\u0259m sammitin Bak\u0131da y\u00fcks\u0259k s\u0259viyy\u0259d\u0259 ke\u00e7irilm\u0259sin\u0259, bu sammitin bizim \u00fc\u00e7\u00fcn yaratd\u0131\u011f\u0131 f\u00fcrs\u0259t\u0259, g\u0259l\u0259c\u0259k n\u0259sill\u0259rimiz \u00fc\u00e7\u00fcn verdiyi t\u00f6hf\u0259y\u0259, el\u0259c\u0259 d\u0259 sizin \u0259m\u0259yimiz\u0259 verdiyiniz d\u0259y\u0259r\u0259 g\u00f6r\u0259. Bir jurnalist, media m\u0259nsubu olaraq d\u00f6vl\u0259timiz\u0259, xalq\u0131m\u0131za xidm\u0259t g\u00f6st\u0259rm\u0259kd\u0259n X\u0259z\u0259r TV \u0259m\u0259kda\u015f\u0131 olaraq q\u00fcrur hissi duyuram! Biz\u0259 verdiyi motivasiya, d\u0259st\u0259y\u0259 g\u00f6r\u0259 Murad Dada\u015fova ayr\u0131ca minn\u0259tdaram\u201d.<\/em><\/p>\n\n\n\n<figure class=\"wp-block-image\"><img decoding=\"async\" src=\"https:\/\/olay.az\/uploads\/posts\/2025-01\/img_7885.webp\" alt=\"\" title=\"\"><\/figure>\n\n\n\n<figure class=\"wp-block-image\"><img decoding=\"async\" src=\"https:\/\/olay.az\/uploads\/posts\/2025-01\/img_7883.webp\" alt=\"\" title=\"\"><\/figure>\n\n\n\n<figure class=\"wp-block-image\"><img decoding=\"async\" src=\"https:\/\/olay.az\/uploads\/posts\/2025-01\/img_7884.webp\" alt=\"\" title=\"\"><\/figure>\n\n\n\n<figure class=\"wp-block-image\"><img decoding=\"async\" src=\"https:\/\/olay.az\/uploads\/posts\/2025-01\/img_7882.webp\" alt=\"\" title=\"\"><\/figure>\n","protected":false},"excerpt":{"rendered":"<p>Prezident \u0130lham \u018fliyev apar\u0131c\u0131 Ayt\u0259n S\u0259f\u0259rovan\u0131 t\u0259ltif edib.&nbsp; OLAY yaz\u0131r ki, bu bar\u0259d\u0259 Ayt\u0259n sosial \u015f\u0259b\u0259k\u0259d\u0259 payla\u015f\u0131m edib: \u201c2024-c\u00fc ilin \u0259n m\u00f6t\u0259b\u0259r taley\u00fckl\u00fc qlobal t\u0259dbiri &#8211; COP29-da f\u0259al i\u015ftiraka g\u00f6r\u0259 Prezident \u0130lham \u018fliyevin \u201cT\u0259\u015f\u0259kk\u00fcrnam\u0259\u201dsini almaq q\u00fcrurverici, izaholunmaz sevinc b\u0259x\u015f ed\u0259n bir hissdir. T\u0259\u015f\u0259kk\u00fcrl\u0259r, \u0259ziz Prezident, bel\u0259 m\u00f6ht\u0259\u015f\u0259m sammitin Bak\u0131da y\u00fcks\u0259k s\u0259viyy\u0259d\u0259 ke\u00e7irilm\u0259sin\u0259, bu sammitin bizim &hellip;<\/p>\n","protected":false},"author":1,"featured_media":17666,"comment_status":"open","ping_status":"closed","sticky":false,"template":"","format":"standard","meta":{"footnotes":""},"categories":[3],"tags":[],"class_list":["post-17665","post","type-post","status-publish","format-standard","has-post-thumbnail","hentry","category-olke"],"_links":{"self":[{"href":"https:\/\/millitv.net\/index.php?rest_route=\/wp\/v2\/posts\/17665","targetHints":{"allow":["GET"]}}],"collection":[{"href":"https:\/\/millitv.net\/index.php?rest_route=\/wp\/v2\/posts"}],"about":[{"href":"https:\/\/millitv.net\/index.php?rest_route=\/wp\/v2\/types\/post"}],"author":[{"embeddable":true,"href":"https:\/\/millitv.net\/index.php?rest_route=\/wp\/v2\/users\/1"}],"replies":[{"embeddable":true,"href":"https:\/\/millitv.net\/index.php?rest_route=%2Fwp%2Fv2%2Fcomments&post=17665"}],"version-history":[{"count":1,"href":"https:\/\/millitv.net\/index.php?rest_route=\/wp\/v2\/posts\/17665\/revisions"}],"predecessor-version":[{"id":17667,"href":"https:\/\/millitv.net\/index.php?rest_route=\/wp\/v2\/posts\/17665\/revisions\/17667"}],"wp:featuredmedia":[{"embeddable":true,"href":"https:\/\/millitv.net\/index.php?rest_route=\/wp\/v2\/media\/17666"}],"wp:attachment":[{"href":"https:\/\/millitv.net\/index.php?rest_route=%2Fwp%2Fv2%2Fmedia&parent=17665"}],"wp:term":[{"taxonomy":"category","embeddable":true,"href":"https:\/\/millitv.net\/index.php?rest_route=%2Fwp%2Fv2%2Fcategories&post=17665"},{"taxonomy":"post_tag","embeddable":true,"href":"https:\/\/millitv.net\/index.php?rest_route=%2Fwp%2Fv2%2Ftags&post=17665"}],"curies":[{"name":"wp","href":"https:\/\/api.w.org\/{rel}","templated":true}]}}