{"id":17626,"date":"2025-01-14T07:25:42","date_gmt":"2025-01-14T07:25:42","guid":{"rendered":"https:\/\/millitv.net\/?p=17626"},"modified":"2025-01-14T07:25:43","modified_gmt":"2025-01-14T07:25:43","slug":"milli-q%C9%99hr%C9%99man-hokum%C9%99-eliyeva-haqqinda-film-c%C9%99kilir","status":"publish","type":"post","link":"https:\/\/millitv.net\/?p=17626","title":{"rendered":"Milli Q\u0259hr\u0259man H\u00f6kum\u0259 \u018fliyeva haqq\u0131nda film \u00e7\u0259kilir"},"content":{"rendered":"\n<p><strong>Aktau \u015f\u0259h\u0259rind\u0259 q\u0259zaya u\u011frayan Bak\u0131-Qrozn\u0131 reysini yerin\u0259 yetir\u0259n \u201cEmbraer 190\u201d t\u0259yyar\u0259sinin st\u00fcardessas\u0131 H\u00f6kum\u0259 \u018fliyevan\u0131n h\u0259yat\u0131 bar\u0259d\u0259 film \u00e7\u0259kilir.<\/strong><\/p>\n\n\n\n<p>Bu bar\u0259d\u0259 Az\u0259rbaycan Kinematoqraf\u00e7\u0131lar \u0130ttifaq\u0131ndan m\u0259lumat verilib. Filmin rejissoru Az\u0259rbaycan Kinematoqraf\u00e7\u0131lar \u0130ttifaq\u0131n\u0131n katibi, \u018fm\u0259kdar inc\u0259s\u0259n\u0259t xadimi, rejissor, ssenarist Ziya \u015e\u0131xlinskidir. Bildirilib ki, q\u0131sametrajl\u0131 s\u0259n\u0259dli filmin \u00e7\u0259kili\u015fl\u0259rinin yax\u0131n zamanlarda ba\u015f tutmas\u0131 planla\u015fd\u0131r\u0131l\u0131b.<\/p>\n\n\n\n<p>Qeyd ed\u0259k ki, Prezident \u0130lham \u018fliyevin 29 dekabr 2024-c\u00fc il tarixli S\u0259r\u0259ncam\u0131 il\u0259 H\u00f6k\u00fcm\u0259 C\u0259lil q\u0131z\u0131 \u018fliyeva &#8220;Az\u0259rbaycan\u0131n Milli Q\u0259hr\u0259man\u0131&#8221; ad\u0131na v\u0259 &#8220;Q\u0131z\u0131l Ulduz&#8221; medal\u0131na layiq g\u00f6r\u00fcl\u00fcb.<\/p>\n","protected":false},"excerpt":{"rendered":"<p>Aktau \u015f\u0259h\u0259rind\u0259 q\u0259zaya u\u011frayan Bak\u0131-Qrozn\u0131 reysini yerin\u0259 yetir\u0259n \u201cEmbraer 190\u201d t\u0259yyar\u0259sinin st\u00fcardessas\u0131 H\u00f6kum\u0259 \u018fliyevan\u0131n h\u0259yat\u0131 bar\u0259d\u0259 film \u00e7\u0259kilir. Bu bar\u0259d\u0259 Az\u0259rbaycan Kinematoqraf\u00e7\u0131lar \u0130ttifaq\u0131ndan m\u0259lumat verilib. Filmin rejissoru Az\u0259rbaycan Kinematoqraf\u00e7\u0131lar \u0130ttifaq\u0131n\u0131n katibi, \u018fm\u0259kdar inc\u0259s\u0259n\u0259t xadimi, rejissor, ssenarist Ziya \u015e\u0131xlinskidir. Bildirilib ki, q\u0131sametrajl\u0131 s\u0259n\u0259dli filmin \u00e7\u0259kili\u015fl\u0259rinin yax\u0131n zamanlarda ba\u015f tutmas\u0131 planla\u015fd\u0131r\u0131l\u0131b. Qeyd ed\u0259k ki, Prezident \u0130lham \u018fliyevin &hellip;<\/p>\n","protected":false},"author":1,"featured_media":17627,"comment_status":"open","ping_status":"closed","sticky":false,"template":"","format":"standard","meta":{"footnotes":""},"categories":[3],"tags":[],"class_list":["post-17626","post","type-post","status-publish","format-standard","has-post-thumbnail","hentry","category-olke"],"_links":{"self":[{"href":"https:\/\/millitv.net\/index.php?rest_route=\/wp\/v2\/posts\/17626","targetHints":{"allow":["GET"]}}],"collection":[{"href":"https:\/\/millitv.net\/index.php?rest_route=\/wp\/v2\/posts"}],"about":[{"href":"https:\/\/millitv.net\/index.php?rest_route=\/wp\/v2\/types\/post"}],"author":[{"embeddable":true,"href":"https:\/\/millitv.net\/index.php?rest_route=\/wp\/v2\/users\/1"}],"replies":[{"embeddable":true,"href":"https:\/\/millitv.net\/index.php?rest_route=%2Fwp%2Fv2%2Fcomments&post=17626"}],"version-history":[{"count":1,"href":"https:\/\/millitv.net\/index.php?rest_route=\/wp\/v2\/posts\/17626\/revisions"}],"predecessor-version":[{"id":17628,"href":"https:\/\/millitv.net\/index.php?rest_route=\/wp\/v2\/posts\/17626\/revisions\/17628"}],"wp:featuredmedia":[{"embeddable":true,"href":"https:\/\/millitv.net\/index.php?rest_route=\/wp\/v2\/media\/17627"}],"wp:attachment":[{"href":"https:\/\/millitv.net\/index.php?rest_route=%2Fwp%2Fv2%2Fmedia&parent=17626"}],"wp:term":[{"taxonomy":"category","embeddable":true,"href":"https:\/\/millitv.net\/index.php?rest_route=%2Fwp%2Fv2%2Fcategories&post=17626"},{"taxonomy":"post_tag","embeddable":true,"href":"https:\/\/millitv.net\/index.php?rest_route=%2Fwp%2Fv2%2Ftags&post=17626"}],"curies":[{"name":"wp","href":"https:\/\/api.w.org\/{rel}","templated":true}]}}