{"id":17566,"date":"2025-01-13T13:14:34","date_gmt":"2025-01-13T13:14:34","guid":{"rendered":"https:\/\/millitv.net\/?p=17566"},"modified":"2025-01-13T13:14:35","modified_gmt":"2025-01-13T13:14:35","slug":"ekoaddimlar-karbon-ayaq-izl%C9%99rimiz-layih%C9%99sinin-baglanis-t%C9%99dbiri-bas-tutdu-foto","status":"publish","type":"post","link":"https:\/\/millitv.net\/?p=17566","title":{"rendered":"&#8220;Ekoadd\u0131mlar: Karbon ayaq izl\u0259rimiz\u201d layih\u0259sinin ba\u011flan\u0131\u015f t\u0259dbiri ba\u015f tutdu &#8211;\u00a0FOTO"},"content":{"rendered":"\n<p>Yanvar\u0131n 11-d\u0259 \u201cG\u0259ncl\u0259rin Elmi Ara\u015fd\u0131rmalar\u0131na D\u0259st\u0259k\u201d (GEAD) \u0130ctimai Birliyinin, Az\u0259rbaycan Respublikas\u0131n\u0131n G\u0259ncl\u0259r Fondunun maliyy\u0259 d\u0259st\u0259yi il\u0259 h\u0259yata ke\u00e7irdiyi \u201cEkoadd\u0131mlar: Karbon ayaq izl\u0259rimiz\u201d layih\u0259sinin ba\u011flan\u0131\u015f t\u0259dbiri ba\u015f tutub.<\/p>\n\n\n\n<p>Millitv.net x\u0259b\u0259r verir ki, t\u0259dbir\u0259 giri\u015f nitqi il\u0259 ba\u015flayan layih\u0259 r\u0259hb\u0259ri R\u0259\u015fid C\u0259bray\u0131lov, layih\u0259nin m\u0259qs\u0259di v\u0259 \u0259h\u0259miyy\u0259ti bar\u0259d\u0259 m\u0259lumat verib.<\/p>\n\n\n\n<p>O qeyd edib ki, \u201cEkoadd\u0131mlar: Karbon Ayaq \u0130zl\u0259rimiz\u201d layih\u0259si d\u00f6vl\u0259tin iqlim siyas\u0259tin\u0259 v\u0259 iqlim d\u0259yi\u015fikliyi il\u0259 m\u00fcbariz\u0259 s\u0259yl\u0259rin\u0259 d\u0259st\u0259k verm\u0259k m\u0259qs\u0259di da\u015f\u0131y\u0131r: &#8220;Bu t\u0259\u015f\u0259bb\u00fcs, insanlarda karbon emissiyalar\u0131na dair m\u0259lumatl\u0131l\u0131\u011f\u0131 art\u0131raraq iqlim d\u0259yi\u015fikliyin\u0259 qar\u015f\u0131 m\u00fcbariz\u0259y\u0259 d\u0259y\u0259rli t\u00f6hf\u0259 verir&#8221;.<\/p>\n\n\n\n<p>Daha sonra s\u00f6z, GEAD \u0130ctimai Birliyinin s\u0259dri Elvin H\u00fcseynova verilib. Elvin H\u00fcseynov t\u0259\u015fkilat\u0131n f\u0259aliyy\u0259ti, m\u0259qs\u0259dl\u0259ri, v\u0259zif\u0259l\u0259ri v\u0259 indiy\u0259 q\u0259d\u0259r h\u0259yata ke\u00e7irilmi\u015f layih\u0259l\u0259r haqq\u0131nda geni\u015f m\u0259lumat verib . O, \u201cEkoadd\u0131mlar: Karbon Ayaq \u0130zl\u0259rimiz\u201d layih\u0259sinin karbon emissiyalar\u0131 v\u0259 iqlim d\u0259yi\u015fikliyi il\u0259 m\u00fcbariz\u0259d\u0259ki \u0259h\u0259miyy\u0259tini vur\u011fulay\u0131b.<\/p>\n\n\n\n<p>Layih\u0259nin t\u0259lim\u00e7isi, Az\u0259rbaycan Yer\u00fcst\u00fc N\u0259qliyyat Agentliyinin (AYNA) ba\u015f m\u00fct\u0259x\u0259ssisi v\u0259 ekoloq K\u0259nan H\u00fcseynov n\u0259qliyyat sektorunun karbon emissiyalar\u0131, bu sah\u0259d\u0259 yaranan \u00e7irkl\u0259nm\u0259 probleml\u0259ri v\u0259 onlar\u0131n h\u0259lli istiqam\u0259tind\u0259 d\u00f6vl\u0259tin atd\u0131\u011f\u0131 add\u0131mlar bar\u0259d\u0259 \u0259trafl\u0131 t\u0259qdimatla \u00e7\u0131x\u0131\u015f edib.<\/p>\n\n\n\n<p>T\u0259dbirin \u0259sas hiss\u0259sind\u0259 layih\u0259 r\u0259hb\u0259ri R\u0259\u015fid C\u0259bray\u0131lov i\u015ftirak\u00e7\u0131lara carbonfootprint.az portal\u0131n\u0131 t\u0259qdim edib. O bildirib ki, bu veb platforma f\u0259rdl\u0259rin karbon ayaq izini hesablamaq \u00fc\u00e7\u00fcn yarad\u0131lm\u0131\u015fd\u0131r. Portal\u0131n m\u0259qs\u0259di, h\u0259r bir insan\u0131n \u0259traf m\u00fchit\u0259 t\u0259sirini d\u0259y\u0259rl\u0259ndirm\u0259sin\u0259 imkan yaratmaq, iqlim d\u0259yi\u015fikliyin\u0259 olan t\u0259sirini daha yax\u015f\u0131 ba\u015fa d\u00fc\u015fm\u0259sini t\u0259min etm\u0259k v\u0259 karbon emissiyalar\u0131n\u0131 azaltmaq \u00fc\u00e7\u00fcn d\u00fc\u015f\u00fcn\u00fclm\u00fc\u015f q\u0259rarlar q\u0259bul etm\u0259sin\u0259 d\u0259st\u0259k olmaqd\u0131r.<\/p>\n\n\n\n<p>T\u0259dbirin sonunda layih\u0259nin icras\u0131nda f\u0259al i\u015ftirak ed\u0259n v\u0259 \u0259v\u0259zsiz t\u00f6hf\u0259l\u0259r ver\u0259n k\u00f6n\u00fcll\u00fcl\u0259r\u0259 sertifikatlar t\u0259qdim olunub.<\/p>\n\n\n\n<figure class=\"wp-block-image\"><img decoding=\"async\" src=\"https:\/\/img.demedia.az\/gallery\/2025\/01\/29944_6784e72f11815.jpeg\" alt=\"1\" title=\"\"><\/figure>\n\n\n\n<figure class=\"wp-block-image\"><img decoding=\"async\" src=\"https:\/\/img.demedia.az\/gallery\/2025\/01\/29944_6784e72f1372c.jpeg\" alt=\"1\" title=\"\"><\/figure>\n\n\n\n<figure class=\"wp-block-image\"><img decoding=\"async\" src=\"https:\/\/img.demedia.az\/gallery\/2025\/01\/29944_6784e72f137a0.jpeg\" alt=\"1\" title=\"\"><\/figure>\n\n\n\n<figure class=\"wp-block-image\"><img decoding=\"async\" src=\"https:\/\/img.demedia.az\/gallery\/2025\/01\/29944_6784e72f137d4.jpeg\" alt=\"1\" title=\"\"><\/figure>\n\n\n\n<figure class=\"wp-block-image\"><img decoding=\"async\" src=\"https:\/\/img.demedia.az\/gallery\/2025\/01\/29944_6784eea26ae77.jpg\" alt=\"1\" title=\"\"><\/figure>\n\n\n\n<figure class=\"wp-block-image\"><img decoding=\"async\" src=\"https:\/\/img.demedia.az\/gallery\/2025\/01\/29944_6784eea26af17.jpg\" alt=\"1\" title=\"\"><\/figure>\n\n\n\n<figure class=\"wp-block-image\"><img decoding=\"async\" src=\"https:\/\/img.demedia.az\/gallery\/2025\/01\/29944_6784eea26af5a.jpg\" alt=\"1\" title=\"\"><\/figure>\n","protected":false},"excerpt":{"rendered":"<p>Yanvar\u0131n 11-d\u0259 \u201cG\u0259ncl\u0259rin Elmi Ara\u015fd\u0131rmalar\u0131na D\u0259st\u0259k\u201d (GEAD) \u0130ctimai Birliyinin, Az\u0259rbaycan Respublikas\u0131n\u0131n G\u0259ncl\u0259r Fondunun maliyy\u0259 d\u0259st\u0259yi il\u0259 h\u0259yata ke\u00e7irdiyi \u201cEkoadd\u0131mlar: Karbon ayaq izl\u0259rimiz\u201d layih\u0259sinin ba\u011flan\u0131\u015f t\u0259dbiri ba\u015f tutub. Millitv.net x\u0259b\u0259r verir ki, t\u0259dbir\u0259 giri\u015f nitqi il\u0259 ba\u015flayan layih\u0259 r\u0259hb\u0259ri R\u0259\u015fid C\u0259bray\u0131lov, layih\u0259nin m\u0259qs\u0259di v\u0259 \u0259h\u0259miyy\u0259ti bar\u0259d\u0259 m\u0259lumat verib. O qeyd edib ki, \u201cEkoadd\u0131mlar: Karbon Ayaq \u0130zl\u0259rimiz\u201d &hellip;<\/p>\n","protected":false},"author":1,"featured_media":17567,"comment_status":"open","ping_status":"closed","sticky":false,"template":"","format":"standard","meta":{"footnotes":""},"categories":[3],"tags":[],"class_list":["post-17566","post","type-post","status-publish","format-standard","has-post-thumbnail","hentry","category-olke"],"_links":{"self":[{"href":"https:\/\/millitv.net\/index.php?rest_route=\/wp\/v2\/posts\/17566","targetHints":{"allow":["GET"]}}],"collection":[{"href":"https:\/\/millitv.net\/index.php?rest_route=\/wp\/v2\/posts"}],"about":[{"href":"https:\/\/millitv.net\/index.php?rest_route=\/wp\/v2\/types\/post"}],"author":[{"embeddable":true,"href":"https:\/\/millitv.net\/index.php?rest_route=\/wp\/v2\/users\/1"}],"replies":[{"embeddable":true,"href":"https:\/\/millitv.net\/index.php?rest_route=%2Fwp%2Fv2%2Fcomments&post=17566"}],"version-history":[{"count":1,"href":"https:\/\/millitv.net\/index.php?rest_route=\/wp\/v2\/posts\/17566\/revisions"}],"predecessor-version":[{"id":17568,"href":"https:\/\/millitv.net\/index.php?rest_route=\/wp\/v2\/posts\/17566\/revisions\/17568"}],"wp:featuredmedia":[{"embeddable":true,"href":"https:\/\/millitv.net\/index.php?rest_route=\/wp\/v2\/media\/17567"}],"wp:attachment":[{"href":"https:\/\/millitv.net\/index.php?rest_route=%2Fwp%2Fv2%2Fmedia&parent=17566"}],"wp:term":[{"taxonomy":"category","embeddable":true,"href":"https:\/\/millitv.net\/index.php?rest_route=%2Fwp%2Fv2%2Fcategories&post=17566"},{"taxonomy":"post_tag","embeddable":true,"href":"https:\/\/millitv.net\/index.php?rest_route=%2Fwp%2Fv2%2Ftags&post=17566"}],"curies":[{"name":"wp","href":"https:\/\/api.w.org\/{rel}","templated":true}]}}