{"id":17504,"date":"2025-01-09T15:19:59","date_gmt":"2025-01-09T15:19:59","guid":{"rendered":"https:\/\/millitv.net\/?p=17504"},"modified":"2025-01-09T15:20:01","modified_gmt":"2025-01-09T15:20:01","slug":"xalq-artisti-evind%C9%99-fala-baxirmis-video","status":"publish","type":"post","link":"https:\/\/millitv.net\/?p=17504","title":{"rendered":"Xalq artisti evind\u0259 fala bax\u0131rm\u0131\u015f&#8230; &#8211;\u00a0V\u0130DEO"},"content":{"rendered":"\n<p><strong>Xalq artisti Ayg\u00fcn Kaz\u0131mova m\u00fc\u011f\u0259nniliy\u0259 ba\u015flamazdan \u0259vv\u0259l ill\u0259r \u00f6nc\u0259 \u00f6z\u00fcn\u00fc fal\u00e7\u0131 kimi s\u0131nad\u0131\u011f\u0131n\u0131 deyib.<\/strong><\/p>\n\n\n\n<p>O, bu bar\u0259d\u0259 &#8220;Zaurla G\u00fcnayd\u0131n&#8221;verili\u015find\u0259 dan\u0131\u015f\u0131b.<\/p>\n\n\n\n<p>A.Kaz\u0131mova h\u0259min d\u00f6vrd\u0259 ya\u015fad\u0131\u011f\u0131 evd\u0259 onu tan\u0131yan qad\u0131nlar\u0131n fal\u0131na baxaraq, onlar\u0131n etimad\u0131n\u0131, inam\u0131n\u0131 qazand\u0131\u011f\u0131n\u0131 v\u0259 qap\u0131s\u0131nda onun q\u0259buluna d\u00fc\u015fm\u0259k \u00fc\u00e7\u00fcn uzun n\u00f6vb\u0259l\u0259r yarand\u0131\u011f\u0131n\u0131 etiraf edib.<\/p>\n\n\n\n<p>Daha \u0259trafl\u0131 videoda:<\/p>\n\n\n\n<figure class=\"wp-block-embed is-type-video is-provider-youtube wp-block-embed-youtube wp-embed-aspect-16-9 wp-has-aspect-ratio\"><div class=\"wp-block-embed__wrapper\">\n<iframe loading=\"lazy\" title=\"Zaurla G\u00fcnayd\u0131n - Ayg\u00fcn Kaz\u0131mova \/ 05.01.2025\" width=\"500\" height=\"281\" src=\"https:\/\/www.youtube.com\/embed\/RKCkRg1eKjU?start=1173&#038;feature=oembed\" frameborder=\"0\" allow=\"accelerometer; autoplay; clipboard-write; encrypted-media; gyroscope; picture-in-picture; web-share\" referrerpolicy=\"strict-origin-when-cross-origin\" allowfullscreen><\/iframe>\n<\/div><\/figure>\n","protected":false},"excerpt":{"rendered":"<p>Xalq artisti Ayg\u00fcn Kaz\u0131mova m\u00fc\u011f\u0259nniliy\u0259 ba\u015flamazdan \u0259vv\u0259l ill\u0259r \u00f6nc\u0259 \u00f6z\u00fcn\u00fc fal\u00e7\u0131 kimi s\u0131nad\u0131\u011f\u0131n\u0131 deyib. O, bu bar\u0259d\u0259 &#8220;Zaurla G\u00fcnayd\u0131n&#8221;verili\u015find\u0259 dan\u0131\u015f\u0131b. A.Kaz\u0131mova h\u0259min d\u00f6vrd\u0259 ya\u015fad\u0131\u011f\u0131 evd\u0259 onu tan\u0131yan qad\u0131nlar\u0131n fal\u0131na baxaraq, onlar\u0131n etimad\u0131n\u0131, inam\u0131n\u0131 qazand\u0131\u011f\u0131n\u0131 v\u0259 qap\u0131s\u0131nda onun q\u0259buluna d\u00fc\u015fm\u0259k \u00fc\u00e7\u00fcn uzun n\u00f6vb\u0259l\u0259r yarand\u0131\u011f\u0131n\u0131 etiraf edib. Daha \u0259trafl\u0131 videoda:<\/p>\n","protected":false},"author":1,"featured_media":17505,"comment_status":"open","ping_status":"closed","sticky":false,"template":"","format":"standard","meta":{"footnotes":""},"categories":[3,6],"tags":[],"class_list":["post-17504","post","type-post","status-publish","format-standard","has-post-thumbnail","hentry","category-olke","category-maqazin"],"_links":{"self":[{"href":"https:\/\/millitv.net\/index.php?rest_route=\/wp\/v2\/posts\/17504","targetHints":{"allow":["GET"]}}],"collection":[{"href":"https:\/\/millitv.net\/index.php?rest_route=\/wp\/v2\/posts"}],"about":[{"href":"https:\/\/millitv.net\/index.php?rest_route=\/wp\/v2\/types\/post"}],"author":[{"embeddable":true,"href":"https:\/\/millitv.net\/index.php?rest_route=\/wp\/v2\/users\/1"}],"replies":[{"embeddable":true,"href":"https:\/\/millitv.net\/index.php?rest_route=%2Fwp%2Fv2%2Fcomments&post=17504"}],"version-history":[{"count":1,"href":"https:\/\/millitv.net\/index.php?rest_route=\/wp\/v2\/posts\/17504\/revisions"}],"predecessor-version":[{"id":17507,"href":"https:\/\/millitv.net\/index.php?rest_route=\/wp\/v2\/posts\/17504\/revisions\/17507"}],"wp:featuredmedia":[{"embeddable":true,"href":"https:\/\/millitv.net\/index.php?rest_route=\/wp\/v2\/media\/17505"}],"wp:attachment":[{"href":"https:\/\/millitv.net\/index.php?rest_route=%2Fwp%2Fv2%2Fmedia&parent=17504"}],"wp:term":[{"taxonomy":"category","embeddable":true,"href":"https:\/\/millitv.net\/index.php?rest_route=%2Fwp%2Fv2%2Fcategories&post=17504"},{"taxonomy":"post_tag","embeddable":true,"href":"https:\/\/millitv.net\/index.php?rest_route=%2Fwp%2Fv2%2Ftags&post=17504"}],"curies":[{"name":"wp","href":"https:\/\/api.w.org\/{rel}","templated":true}]}}