{"id":17471,"date":"2025-01-08T14:48:04","date_gmt":"2025-01-08T14:48:04","guid":{"rendered":"https:\/\/millitv.net\/?p=17471"},"modified":"2025-01-08T14:48:06","modified_gmt":"2025-01-08T14:48:06","slug":"h%C9%99lak-olmus-milli-q%C9%99hr%C9%99manlara-ayrilan-t%C9%99qaud-onu-kiml%C9%99r-almalidir","status":"publish","type":"post","link":"https:\/\/millitv.net\/?p=17471","title":{"rendered":"H\u0259lak olmu\u015f Milli Q\u0259hr\u0259manlara ayr\u0131lan t\u0259qa\u00fcd: onu kiml\u0259r almal\u0131d\u0131r?"},"content":{"rendered":"\n<p>Prezident \u0130lham \u018fliyev bir ne\u00e7\u0259 g\u00fcn \u00f6nc\u0259 \u201cAz\u0259rbaycan Hava Yollar\u0131\u201d avia\u015firk\u0259tin\u0259 m\u0259xsus \u201cEmbraer 190\u201d tipli s\u0259rni\u015fin t\u0259yyar\u0259sinin Bak\u0131-Qrozn\u0131 reysini yerin\u0259 yetir\u0259rk\u0259n h\u0259lak olmu\u015f ekipaj \u00fczvl\u0259rin\u0259&nbsp;\u201cAz\u0259rbaycan\u0131n Milli Q\u0259hr\u0259man\u0131\u201d ad\u0131n\u0131n verilm\u0259si il\u0259 ba\u011fl\u0131 s\u0259r\u0259ncam imzalay\u0131b.<\/p>\n\n\n\n<p>S\u0259r\u0259ncama \u0259sas\u0259n, Bak\u0131-Qrozn\u0131 reysil\u0259 u\u00e7an t\u0259yyar\u0259 Aktau \u015f\u0259h\u0259rind\u0259 q\u0259zaya u\u011frayark\u0259n xidm\u0259ti v\u0259zif\u0259l\u0259rini layiqinc\u0259 yerin\u0259 yetir\u0259n, s\u0259rni\u015finl\u0259rin h\u0259yat\u0131n\u0131n xilas edilm\u0259sind\u0259 y\u00fcks\u0259k pe\u015f\u0259karl\u0131q, \u015f\u00fcca\u0259t v\u0259 f\u0259dakarl\u0131q g\u00f6st\u0259r\u0259n ekipaj \u00fczvl\u0259ri \u2013&nbsp;<strong>kapitan \u0130qor \u0130vanovi\u00e7 K\u015fnyakin, pilot Aleksandr Georgiyevi\u00e7 Kalyaninov, b\u0259l\u0259d\u00e7i H\u00f6kum\u0259 C\u0259lil q\u0131z\u0131 \u018fliyeva&nbsp;<\/strong>\u00f6l\u00fcml\u0259rind\u0259n sonra bu f\u0259xri ada layiq g\u00f6r\u00fcl\u00fcb.<br><br>D\u00f6vl\u0259t ba\u015f\u00e7\u0131s\u0131n\u0131n bu s\u0259r\u0259ncam\u0131ndan sonra Az\u0259rbaycan\u0131n Milli Q\u0259hr\u0259manlar\u0131n\u0131n say\u0131&nbsp;<strong>222 n\u0259f\u0259r\u0259<\/strong>&nbsp;\u00e7at\u0131b.&nbsp;<br>&nbsp;<br>Haz\u0131rda Az\u0259rbaycan\u0131n 222 Milli Q\u0259hr\u0259man\u0131ndan&nbsp;<strong>15 n\u0259f\u0259ri&nbsp;<\/strong>sa\u011fd\u0131r.<br><br>Qeyd ed\u0259k ki, &#8220;Az\u0259rbaycan\u0131n Milli Q\u0259hr\u0259man\u0131&#8221; ad\u0131 verilmi\u015f h\u0259r bir \u015f\u0259xs \u00fc\u00e7\u00fcn ayda&nbsp;<strong>1800 manat&nbsp;<\/strong>m\u0259bl\u0259\u011find\u0259 Prezident&nbsp;t\u0259qa\u00fcd\u00fc t\u0259sis olunub. Qanuna g\u00f6r\u0259, h\u0259min t\u0259qa\u00fcd h\u0259yatda olan Milli Q\u0259hr\u0259manlar\u0131n \u00f6zl\u0259rin\u0259, h\u0259lak olublarsa ail\u0259 \u00fczvl\u0259rin\u0259 verilir.<br><br>B\u0259s&nbsp;h\u0259lak olmu\u015f Milli Q\u0259hr\u0259manlar\u0131n t\u0259qa\u00fcd\u00fc onlar\u0131n ail\u0259 \u00fczvl\u0259ri aras\u0131nda nec\u0259 b\u00f6l\u00fc\u015fd\u00fcr\u00fcl\u00fcr?&nbsp;M\u0259s\u0259l\u0259n, t\u0259qa\u00fcd Milli Q\u0259hr\u0259man\u0131n\u0131n xan\u0131m\u0131 v\u0259 ya \u0259rin\u0259, \u00f6vladlar\u0131 varsa onlara&nbsp;verilm\u0259lidir, yoxsa&nbsp;valideynl\u0259rin\u0259?<br><br>\u00c7\u00fcnki ara\u015fd\u0131rmalar g\u00f6st\u0259rir ki, bir s\u0131ra hallarda h\u0259min v\u0259saiti alan t\u0259r\u0259fd\u0259 m\u00fcxt\u0259lif s\u00f6z-s\u00f6hb\u0259tl\u0259r, m\u00fcbahis\u0259l\u0259r ya\u015fan\u0131r.&nbsp;<\/p>\n\n\n\n<p><strong>Modern.az<\/strong>&nbsp;sayt\u0131 bu suallara ayd\u0131nl\u0131q g\u0259tirilm\u0259si \u00fc\u00e7\u00fcn \u018fm\u0259k v\u0259 \u018fhalinin Sosial M\u00fcdafi\u0259 Nazirliyi yan\u0131nda D\u00f6vl\u0259t Sosial M\u00fcdafi\u0259 Fonduna m\u00fcraci\u0259t edib.&nbsp;<br><br>Qurumdan bildirilib ki, d\u00f6vl\u0259t ba\u015f\u00e7\u0131n\u0131n imzalad\u0131\u011f\u0131 m\u00fcvafiq f\u0259rmanla&nbsp;Milli Q\u0259hr\u0259manlar \u00fc\u00e7\u00fcn t\u0259sis edilmi\u015f Prezident t\u0259qa\u00fcd\u00fc bu f\u0259xri ada layiq g\u00f6r\u00fclm\u00fc\u015f \u015f\u0259xsin \u00f6z\u00fcn\u0259 t\u0259yin olunur.<br><br>&#8220;Az\u0259rbaycan\u0131n Milli Q\u0259hr\u0259man\u0131&#8221; ad\u0131 \u015f\u0259xs\u0259 \u00f6l\u00fcm\u00fcnd\u0259n sonra verildikd\u0259 v\u0259 ya h\u0259min ad verilmi\u015f \u015f\u0259xs sonradan v\u0259fat etdikd\u0259&nbsp;Prezident&nbsp;t\u0259qa\u00fcd\u00fc h\u0259min \u015f\u0259xsl\u0259rin ail\u0259 \u00fczvl\u0259rin\u0259 (t\u0259qa\u00fcd m\u0259bl\u0259\u011fi onlar\u0131n say\u0131na b\u0259rab\u0259r m\u0259bl\u0259\u011fd\u0259 b\u00f6l\u00fcnm\u0259kl\u0259) \u00f6d\u0259nilir.<\/p>\n\n\n\n<p>Milli Q\u0259hr\u0259man\u0131n ail\u0259 \u00fczvl\u0259ri dedikd\u0259 a\u015fa\u011f\u0131dak\u0131 \u015f\u0259xsl\u0259r n\u0259z\u0259rd\u0259 tutulur:<br><br>&#8211; Milli Q\u0259hr\u0259man\u0131n dul arvad\u0131 (\u0259ri);<br>&#8211; Valideynl\u0259ri;<br>&#8211;&nbsp;\u206018 ya\u015f\u0131na \u00e7atmam\u0131\u015f (pe\u015f\u0259 t\u0259hsili, orta ixtisas t\u0259hsili, ali t\u0259hsil m\u00fc\u0259ssis\u0259l\u0259rind\u0259&nbsp;t\u0259hsil alanlara is\u0259 h\u0259min t\u0259hsil m\u00fc\u0259ssis\u0259l\u0259rini&nbsp;bitir\u0259n\u0259d\u0259k, lakin \u0259n \u00e7oxu 23 ya\u015f\u0131na \u00e7atanad\u0259k) \u00f6vladlar\u0131, yaxud 18 ya\u015f\u0131nad\u0259k \u0259lilliyi m\u00fc\u0259yy\u0259n edilmi\u015f 18 ya\u015f\u0131ndan yuxar\u0131 \u0259lilliyi olan \u00f6vladlar\u0131;<br>&#8211; U\u015faq evl\u0259rind\u0259 t\u0259rbiy\u0259 olunan qarda\u015f v\u0259 bac\u0131lar\u0131;<br>&#8211; Birinci n\u00f6vb\u0259d\u0259n dig\u0259r qohumlar\u0131 olmayan baba v\u0259 n\u0259n\u0259l\u0259ri.<br><br>&#8220;Az\u0259rbaycan\u0131n Milli Q\u0259hr\u0259man\u0131&#8221; ad\u0131 verilmi\u015f h\u0259r bir \u015f\u0259xs\u0259 Prezident&nbsp;t\u0259qa\u00fcd\u00fc Az\u0259rbaycan Respublikas\u0131n\u0131n d\u00f6vl\u0259t b\u00fcdc\u0259sinin v\u0259saiti hesab\u0131na verilir.<\/p>\n","protected":false},"excerpt":{"rendered":"<p>Prezident \u0130lham \u018fliyev bir ne\u00e7\u0259 g\u00fcn \u00f6nc\u0259 \u201cAz\u0259rbaycan Hava Yollar\u0131\u201d avia\u015firk\u0259tin\u0259 m\u0259xsus \u201cEmbraer 190\u201d tipli s\u0259rni\u015fin t\u0259yyar\u0259sinin Bak\u0131-Qrozn\u0131 reysini yerin\u0259 yetir\u0259rk\u0259n h\u0259lak olmu\u015f ekipaj \u00fczvl\u0259rin\u0259&nbsp;\u201cAz\u0259rbaycan\u0131n Milli Q\u0259hr\u0259man\u0131\u201d ad\u0131n\u0131n verilm\u0259si il\u0259 ba\u011fl\u0131 s\u0259r\u0259ncam imzalay\u0131b. S\u0259r\u0259ncama \u0259sas\u0259n, Bak\u0131-Qrozn\u0131 reysil\u0259 u\u00e7an t\u0259yyar\u0259 Aktau \u015f\u0259h\u0259rind\u0259 q\u0259zaya u\u011frayark\u0259n xidm\u0259ti v\u0259zif\u0259l\u0259rini layiqinc\u0259 yerin\u0259 yetir\u0259n, s\u0259rni\u015finl\u0259rin h\u0259yat\u0131n\u0131n xilas edilm\u0259sind\u0259 y\u00fcks\u0259k pe\u015f\u0259karl\u0131q, \u015f\u00fcca\u0259t &hellip;<\/p>\n","protected":false},"author":1,"featured_media":17342,"comment_status":"open","ping_status":"closed","sticky":false,"template":"","format":"standard","meta":{"footnotes":""},"categories":[1],"tags":[],"class_list":["post-17471","post","type-post","status-publish","format-standard","has-post-thumbnail","hentry","category-idman"],"_links":{"self":[{"href":"https:\/\/millitv.net\/index.php?rest_route=\/wp\/v2\/posts\/17471","targetHints":{"allow":["GET"]}}],"collection":[{"href":"https:\/\/millitv.net\/index.php?rest_route=\/wp\/v2\/posts"}],"about":[{"href":"https:\/\/millitv.net\/index.php?rest_route=\/wp\/v2\/types\/post"}],"author":[{"embeddable":true,"href":"https:\/\/millitv.net\/index.php?rest_route=\/wp\/v2\/users\/1"}],"replies":[{"embeddable":true,"href":"https:\/\/millitv.net\/index.php?rest_route=%2Fwp%2Fv2%2Fcomments&post=17471"}],"version-history":[{"count":1,"href":"https:\/\/millitv.net\/index.php?rest_route=\/wp\/v2\/posts\/17471\/revisions"}],"predecessor-version":[{"id":17472,"href":"https:\/\/millitv.net\/index.php?rest_route=\/wp\/v2\/posts\/17471\/revisions\/17472"}],"wp:featuredmedia":[{"embeddable":true,"href":"https:\/\/millitv.net\/index.php?rest_route=\/wp\/v2\/media\/17342"}],"wp:attachment":[{"href":"https:\/\/millitv.net\/index.php?rest_route=%2Fwp%2Fv2%2Fmedia&parent=17471"}],"wp:term":[{"taxonomy":"category","embeddable":true,"href":"https:\/\/millitv.net\/index.php?rest_route=%2Fwp%2Fv2%2Fcategories&post=17471"},{"taxonomy":"post_tag","embeddable":true,"href":"https:\/\/millitv.net\/index.php?rest_route=%2Fwp%2Fv2%2Ftags&post=17471"}],"curies":[{"name":"wp","href":"https:\/\/api.w.org\/{rel}","templated":true}]}}