{"id":1745,"date":"2023-10-14T15:46:37","date_gmt":"2023-10-14T15:46:37","guid":{"rendered":"https:\/\/millinews.az\/xeber\/m%C9%99shur-meyxanacinin-son-durumu-el%C9%99-bir-x%C9%99st%C9%99likdir-ki\/"},"modified":"2023-10-14T15:46:37","modified_gmt":"2023-10-14T15:46:37","slug":"m%C9%99shur-meyxanacinin-son-durumu-el%C9%99-bir-x%C9%99st%C9%99likdir-ki","status":"publish","type":"post","link":"https:\/\/millitv.net\/?p=1745","title":{"rendered":"M\u0259\u015fhur meyxana\u00e7\u0131n\u0131n son durumu: &#8220;El\u0259 bir x\u0259st\u0259likdir ki&#8230;&#8221;"},"content":{"rendered":"<div id=\"maincontent\">&#13;<br \/>\n        &#13;<\/p>\n<p><strong>Meyxana\u00e7\u0131 A\u011fak\u0259rim (K\u0259rim Novruzov) uzun m\u00fcdd\u0259tdir yataq x\u0259st\u0259sidir.<\/strong><\/p>\n<p><a href=\"https:\/\/Millinews.az\" target=\"_blank\" class=\"kw-link\" rel=\"noopener\">Millinews.az<\/a> x\u0259b\u0259r verir ki, ifa\u00e7\u0131n\u0131n o\u011flu Kamil K\u0259rimo\u011flu Ax\u015fam.az-a a\u00e7\u0131qlamas\u0131nda atas\u0131n\u0131n s\u0259hh\u0259tind\u0259n dan\u0131\u015f\u0131b. O bildirib ki, m\u00fcalic\u0259 evd\u0259 davam edir: &#13;\n<\/p>\n<p>&#8220;V\u0259ziyy\u0259ti stabildir. He\u00e7 bir ir\u0259lil\u0259yi\u015f yoxdur. H\u0259kiml\u0259r g\u0259lib evd\u0259 m\u00fcayin\u0259 edir, laz\u0131m olan d\u0259rman\u0131 yaz\u0131rlar. N\u0259 yax\u015f\u0131d\u0131r, n\u0259 d\u0259 pis. El\u0259 bir x\u0259st\u0259likdir ki, \u0259vv\u0259lind\u0259 sa\u011falma ehtimal\u0131 bir az var idis\u0259, indi he\u00e7 \u00fcmid yoxdur.<\/p>\n<p>\u00d6z\u00fcn\u0259 qapan\u0131b, sual ver\u0259nd\u0259 cavabland\u0131r\u0131r. Az dan\u0131\u015f\u0131r. Deyirik, nec\u0259s\u0259n? Cavab verir ki, yax\u015f\u0131yam, acam, ya da n\u0259s\u0259 ist\u0259yir. Ail\u0259mizd\u0259 ham\u0131n\u0131 tan\u0131y\u0131r, amma kims\u0259 ziyar\u0259t\u0259 g\u0259l\u0259nd\u0259 tan\u0131m\u0131r. \u0130zah edirik ki, filank\u0259sdi, onda yad\u0131na d\u00fc\u015f\u00fcr&#8221;.K\u0259rim meyxana\u00e7\u0131lar\u0131n tez-tez z\u0259ng vurub atas\u0131n\u0131n durumu il\u0259 maraqland\u0131\u011f\u0131n\u0131 da bildirib.<\/p>\n<p>Qeyd ed\u0259k ki, meyxana\u00e7\u0131 A\u011fak\u0259rimin 2017-ci ilin mart\u0131nda beynin\u0259 qan s\u0131z\u0131b. H\u0259min g\u00fcnd\u0259n ifa\u00e7\u0131n\u0131n s\u0259hh\u0259tind\u0259 ciddi probleml\u0259r yaran\u0131b.&#13;<br \/>\n        &#13;<br \/>\n&#13;<br \/>\n        &#13;<br \/>\n&#13;\n        <\/p>\n<p><noscript><\/p>\n<p>You must enable Javascript on your browser for the site to work optimally and display sections completely.<\/p>\n<p><\/noscript>\t\t&#13;<br \/>\n\t\t&#13;\n    <\/div>\n<p><script type=\"text\/javascript\">jQuery(document).ready(function () {\n(function(d, s, id) {\n    var js, fjs = d.getElementsByTagName(s)[0];\n    if (d.getElementById(id))\n        return;\n    js = d.createElement(s);\n    js.id = id;\n    js.src = \"\/\/connect.facebook.net\/az_AZ\/all.js#xfbml=1&appId=1002485763137712\";\n    fjs.parentNode.insertBefore(js, fjs);\n}(document, 'script', 'facebook-jssdk'));                \n});<\/script><\/p>\n","protected":false},"excerpt":{"rendered":"<p>&#13; &#13; Meyxana\u00e7\u0131 A\u011fak\u0259rim (K\u0259rim Novruzov) uzun m\u00fcdd\u0259tdir yataq x\u0259st\u0259sidir. Millinews.az x\u0259b\u0259r verir ki, ifa\u00e7\u0131n\u0131n o\u011flu Kamil K\u0259rimo\u011flu Ax\u015fam.az-a a\u00e7\u0131qlamas\u0131nda atas\u0131n\u0131n s\u0259hh\u0259tind\u0259n dan\u0131\u015f\u0131b. O bildirib ki, m\u00fcalic\u0259 evd\u0259 davam edir: &#13; &#8220;V\u0259ziyy\u0259ti stabildir. He\u00e7 bir ir\u0259lil\u0259yi\u015f yoxdur. H\u0259kiml\u0259r g\u0259lib evd\u0259 m\u00fcayin\u0259 edir, laz\u0131m olan d\u0259rman\u0131 yaz\u0131rlar. N\u0259 yax\u015f\u0131d\u0131r, n\u0259 d\u0259 pis. El\u0259 bir x\u0259st\u0259likdir ki, &hellip;<\/p>\n","protected":false},"author":1,"featured_media":1746,"comment_status":"open","ping_status":"closed","sticky":false,"template":"","format":"standard","meta":{"footnotes":""},"categories":[9],"tags":[],"class_list":["post-1745","post","type-post","status-publish","format-standard","has-post-thumbnail","hentry","category-xeber"],"_links":{"self":[{"href":"https:\/\/millitv.net\/index.php?rest_route=\/wp\/v2\/posts\/1745","targetHints":{"allow":["GET"]}}],"collection":[{"href":"https:\/\/millitv.net\/index.php?rest_route=\/wp\/v2\/posts"}],"about":[{"href":"https:\/\/millitv.net\/index.php?rest_route=\/wp\/v2\/types\/post"}],"author":[{"embeddable":true,"href":"https:\/\/millitv.net\/index.php?rest_route=\/wp\/v2\/users\/1"}],"replies":[{"embeddable":true,"href":"https:\/\/millitv.net\/index.php?rest_route=%2Fwp%2Fv2%2Fcomments&post=1745"}],"version-history":[{"count":0,"href":"https:\/\/millitv.net\/index.php?rest_route=\/wp\/v2\/posts\/1745\/revisions"}],"wp:featuredmedia":[{"embeddable":true,"href":"https:\/\/millitv.net\/index.php?rest_route=\/wp\/v2\/media\/1746"}],"wp:attachment":[{"href":"https:\/\/millitv.net\/index.php?rest_route=%2Fwp%2Fv2%2Fmedia&parent=1745"}],"wp:term":[{"taxonomy":"category","embeddable":true,"href":"https:\/\/millitv.net\/index.php?rest_route=%2Fwp%2Fv2%2Fcategories&post=1745"},{"taxonomy":"post_tag","embeddable":true,"href":"https:\/\/millitv.net\/index.php?rest_route=%2Fwp%2Fv2%2Ftags&post=1745"}],"curies":[{"name":"wp","href":"https:\/\/api.w.org\/{rel}","templated":true}]}}