{"id":17384,"date":"2025-01-06T15:18:11","date_gmt":"2025-01-06T15:18:11","guid":{"rendered":"https:\/\/millitv.net\/?p=17384"},"modified":"2025-01-06T15:18:12","modified_gmt":"2025-01-06T15:18:12","slug":"normal-qadin-efird%C9%99-ozun%C9%99-%C9%99r-axtarmaz","status":"publish","type":"post","link":"https:\/\/millitv.net\/?p=17384","title":{"rendered":"\u201cNormal qad\u0131n efird\u0259 \u00f6z\u00fcn\u0259 \u0259r axtarmaz\u201d"},"content":{"rendered":"\n<p><strong>\u201cNormal qad\u0131n efird\u0259 \u00f6z\u00fcn\u0259 \u0259r axtarmaz. Bu, ki\u015fiy\u0259 d\u0259 aiddir. Normal ki\u015fi efird\u0259 v\u0259 sosial \u015f\u0259b\u0259k\u0259l\u0259rd\u0259 \u00f6z\u00fcn\u0259 qad\u0131n axtarmaz\u201d.<\/strong><ins><\/ins><\/p>\n\n\n\n<p>Bunu evlilik proqramlar\u0131 il\u0259 ba\u011fl\u0131 fikirl\u0259rini b\u00f6l\u00fc\u015f\u0259rk\u0259n tan\u0131nm\u0131\u015f m\u00fc\u011f\u0259nni Sevinc Musayeva Yenicag.az-a a\u00e7\u0131qlamas\u0131nda deyib.<\/p>\n\n\n\n<p>S\u0259n\u0259t\u00e7i son vaxtlar insanlar\u0131n efird\u0259 v\u0259 sosial \u015f\u0259b\u0259k\u0259l\u0259rd\u0259 h\u0259yat yolda\u015f\u0131 axtarmas\u0131na qar\u015f\u0131 da \u00e7\u0131x\u0131b.<\/p>\n\n\n\n<p>Daha \u0259trafl\u0131 videonu t\u0259qdim edirik:<\/p>\n\n\n\n<figure class=\"wp-block-embed is-type-video is-provider-youtube wp-block-embed-youtube wp-embed-aspect-16-9 wp-has-aspect-ratio\"><div class=\"wp-block-embed__wrapper\">\n<iframe loading=\"lazy\" title=\"Sevinc Musayeva: \u201cNormal qad\u0131n efird\u0259 \u00f6z\u00fcn\u0259 \u0259r axtarmaz\u201d\" width=\"500\" height=\"281\" src=\"https:\/\/www.youtube.com\/embed\/-aeakIRNEcE?feature=oembed\" frameborder=\"0\" allow=\"accelerometer; autoplay; clipboard-write; encrypted-media; gyroscope; picture-in-picture; web-share\" referrerpolicy=\"strict-origin-when-cross-origin\" allowfullscreen><\/iframe>\n<\/div><\/figure>\n","protected":false},"excerpt":{"rendered":"<p>\u201cNormal qad\u0131n efird\u0259 \u00f6z\u00fcn\u0259 \u0259r axtarmaz. Bu, ki\u015fiy\u0259 d\u0259 aiddir. Normal ki\u015fi efird\u0259 v\u0259 sosial \u015f\u0259b\u0259k\u0259l\u0259rd\u0259 \u00f6z\u00fcn\u0259 qad\u0131n axtarmaz\u201d. Bunu evlilik proqramlar\u0131 il\u0259 ba\u011fl\u0131 fikirl\u0259rini b\u00f6l\u00fc\u015f\u0259rk\u0259n tan\u0131nm\u0131\u015f m\u00fc\u011f\u0259nni Sevinc Musayeva Yenicag.az-a a\u00e7\u0131qlamas\u0131nda deyib. S\u0259n\u0259t\u00e7i son vaxtlar insanlar\u0131n efird\u0259 v\u0259 sosial \u015f\u0259b\u0259k\u0259l\u0259rd\u0259 h\u0259yat yolda\u015f\u0131 axtarmas\u0131na qar\u015f\u0131 da \u00e7\u0131x\u0131b. Daha \u0259trafl\u0131 videonu t\u0259qdim edirik:<\/p>\n","protected":false},"author":1,"featured_media":17386,"comment_status":"open","ping_status":"closed","sticky":false,"template":"","format":"standard","meta":{"footnotes":""},"categories":[1],"tags":[],"class_list":["post-17384","post","type-post","status-publish","format-standard","has-post-thumbnail","hentry","category-idman"],"_links":{"self":[{"href":"https:\/\/millitv.net\/index.php?rest_route=\/wp\/v2\/posts\/17384","targetHints":{"allow":["GET"]}}],"collection":[{"href":"https:\/\/millitv.net\/index.php?rest_route=\/wp\/v2\/posts"}],"about":[{"href":"https:\/\/millitv.net\/index.php?rest_route=\/wp\/v2\/types\/post"}],"author":[{"embeddable":true,"href":"https:\/\/millitv.net\/index.php?rest_route=\/wp\/v2\/users\/1"}],"replies":[{"embeddable":true,"href":"https:\/\/millitv.net\/index.php?rest_route=%2Fwp%2Fv2%2Fcomments&post=17384"}],"version-history":[{"count":1,"href":"https:\/\/millitv.net\/index.php?rest_route=\/wp\/v2\/posts\/17384\/revisions"}],"predecessor-version":[{"id":17387,"href":"https:\/\/millitv.net\/index.php?rest_route=\/wp\/v2\/posts\/17384\/revisions\/17387"}],"wp:featuredmedia":[{"embeddable":true,"href":"https:\/\/millitv.net\/index.php?rest_route=\/wp\/v2\/media\/17386"}],"wp:attachment":[{"href":"https:\/\/millitv.net\/index.php?rest_route=%2Fwp%2Fv2%2Fmedia&parent=17384"}],"wp:term":[{"taxonomy":"category","embeddable":true,"href":"https:\/\/millitv.net\/index.php?rest_route=%2Fwp%2Fv2%2Fcategories&post=17384"},{"taxonomy":"post_tag","embeddable":true,"href":"https:\/\/millitv.net\/index.php?rest_route=%2Fwp%2Fv2%2Ftags&post=17384"}],"curies":[{"name":"wp","href":"https:\/\/api.w.org\/{rel}","templated":true}]}}