{"id":17327,"date":"2025-01-04T20:31:32","date_gmt":"2025-01-04T20:31:32","guid":{"rendered":"https:\/\/millitv.net\/?p=17327"},"modified":"2025-01-04T20:31:33","modified_gmt":"2025-01-04T20:31:33","slug":"yubileyini-qeyd-etm%C9%99li-idil%C9%99r-soz-vers%C9%99l%C9%99r-d%C9%99-etm%C9%99dil%C9%99r-xalq-artistinin-qizi","status":"publish","type":"post","link":"https:\/\/millitv.net\/?p=17327","title":{"rendered":"Yubileyini qeyd etm\u0259li idil\u0259r, s\u00f6z vers\u0259l\u0259r d\u0259, etm\u0259dil\u0259r&#8230; &#8211; Xalq artistinin q\u0131z\u0131"},"content":{"rendered":"\n<p>&#8220;H\u0259r \u015fey atamla g\u00f6z\u0259l idi. Ondan sonra n\u0259 ad g\u00fcn\u00fc ke\u00e7irir\u0259m, n\u0259 d\u0259 \u00fcr\u0259kd\u0259n sevin\u0259 bilir\u0259m. Atam\u0131n do\u011fum g\u00fcnl\u0259ri h\u0259mi\u015f\u0259 g\u00f6z\u0259l ke\u00e7irdi. H\u0259r il yanvar\u0131n d\u00f6rd\u00fcn\u00fc s\u0259birsizlikl\u0259 g\u00f6zl\u0259yirdik. O, diqq\u0259ti sev\u0259n bir insan idi. Kimis\u0259 m\u0259cbur etm\u0259zdi ki, ad g\u00fcn\u00fcm\u0259 g\u0259l, m\u0259n\u0259 h\u0259diyy\u0259 g\u0259tir. Bil\u0259n bilirdi, z\u0259ng edib t\u0259brik edirdil\u0259r. Atam\u0131n do\u011fum g\u00fcnl\u0259ri h\u0259mi\u015f\u0259 m\u00f6ht\u0259\u015f\u0259m ke\u00e7ib. Teatrda kollektivl\u0259 d\u0259 y\u0131\u011f\u0131\u015fard\u0131, qeyd ed\u0259rdil\u0259r. Biz onun yan\u0131nda olanda xo\u015fb\u0259xt idik. \u0130nsan\u0131n g\u00fcn\u00fc-g\u00fcz\u0259ran\u0131 yax\u015f\u0131 olanda, \u00e7evr\u0259sind\u0259 h\u0259r k\u0259s xo\u015fb\u0259xt olduqda bu onun \u00fc\u00e7\u00fcn do\u011fum g\u00fcn\u00fc say\u0131l\u0131r. M\u0259n o anla xo\u015fb\u0259xt\u0259ms\u0259, el\u0259 ad g\u00fcn\u00fcmd\u00fcr d\u0259. Atam da bel\u0259 bir insan idi. Ki\u00e7ik \u015feyl\u0259rl\u0259 xo\u015fb\u0259xt olurdu&#8221;.<\/p>\n\n\n\n<p>Millitv.net Moderator.az-a istinad\u0259n x\u0259b\u0259r verir ki, bunu Xalq artisti Rafael Dada\u015fovun q\u0131z\u0131, tan\u0131nm\u0131\u015f m\u00fc\u011f\u0259nni S\u0259id\u0259 Dada\u015fova deyib.<\/p>\n\n\n\n<p>&#8220;M\u0259n vaxt\u0131nda atamdan h\u0259r \u015fey\u0259 g\u00f6r\u0259 halall\u0131q ald\u0131m. H\u0259tta \u00f6vlad\u0131m d\u00fcnyaya g\u0259lm\u0259mi\u015fdi. Dedim ki, ay papa, bir \u015feyin halall\u0131\u011f\u0131n\u0131 s\u0259nd\u0259n almaq ist\u0259yir\u0259m. Dedi ki, h\u0259r \u015feyim, b\u00fct\u00fcn d\u00fcnyam s\u0259n\u0259 halal olsun. Dedim ki, ist\u0259yir\u0259m, \u00f6vlad\u0131m s\u0259nin ad\u0131n\u0131 da\u015f\u0131s\u0131n. Dedi ki, m\u0259nim \u00fc\u00e7\u00fcn f\u0259xrdir, aln\u0131mdan \u00f6pd\u00fc. N\u0259slimizd\u0259 atamdan sonra Rafael Dada\u015fov h\u0259m ad, h\u0259m d\u0259 soyad\u0131n\u0131 he\u00e7 kim da\u015f\u0131m\u0131r. Balaca Rafael Dada\u015fov b\u00f6y\u00fcy\u00fcr. Yax\u015f\u0131 ki, bel\u0259 d\u0259 oldu! \u00c7al\u0131\u015f\u0131ram ki, atam\u0131n ad\u0131n\u0131 da\u015f\u0131yan \u00f6vlad\u0131m\u0131 onun, \u00f6z ad\u0131ma layiq b\u00f6y\u00fcd\u00fcm&#8221;, &#8211; dey\u0259 S\u0259id\u0259 Dada\u015fova bildirib.<\/p>\n\n\n\n<p>S\u0259id\u0259 Dada\u015fova \u0259lav\u0259 edib ki, atas\u0131 son ill\u0259r laqeyd m\u00fcnasib\u0259td\u0259n incimi\u015fdi:<\/p>\n\n\n\n<p>&#8220;Son vaxtlar \u00f6z\u00fc d\u0259 incimi\u015fdi, yubileyini qeyd etm\u0259li idil\u0259r, s\u00f6z vers\u0259l\u0259r d\u0259, etm\u0259dil\u0259r. S\u0259n\u0259t adam\u0131 \u00e7ox h\u0259ssas olur. Sevir ki, onu yad etsinl\u0259r. M\u00fc\u0259yy\u0259n ya\u015fdan sonra yad etm\u0259k s\u00f6zd\u0259 idi, \u0259m\u0259ld\u0259 yox. S\u0259n\u0259tkara vaxt\u0131nda qiym\u0259t verm\u0259k laz\u0131m idi. Xalq, tama\u015fa\u00e7\u0131lar onu, onsuz da, \u00e7ox sevirdil\u0259r. Nax\u00e7\u0131vanda yubileyini qeyd etdil\u0259r, amma Bak\u0131da yox. M\u0259n \u00e7ox ist\u0259rdim ki, atama yarad\u0131c\u0131l\u0131q gec\u0259si ke\u00e7irim. Bir \u00e7ox insanlar s\u00f6z verir, \u0259m\u0259l etmirl\u0259r. Ona g\u00f6r\u0259 d\u0259 susub k\u0259narda oturmu\u015fam. S\u00f6z verib etm\u0259m\u0259l\u0259ri, h\u0259qiq\u0259t\u0259n, insana t\u0259sir edir. Tap\u015f\u0131r\u0131q olur, amma \u0259m\u0259l olunmur. Kim\u0259 deyir\u0259m, &#8220;in\u015fallah&#8221;, &#8220;m\u00fctl\u0259q&#8221; deyir, amma ortal\u0131qda he\u00e7 n\u0259 yoxdur&#8221;.<\/p>\n\n\n\n<p><\/p>\n","protected":false},"excerpt":{"rendered":"<p>&#8220;H\u0259r \u015fey atamla g\u00f6z\u0259l idi. Ondan sonra n\u0259 ad g\u00fcn\u00fc ke\u00e7irir\u0259m, n\u0259 d\u0259 \u00fcr\u0259kd\u0259n sevin\u0259 bilir\u0259m. Atam\u0131n do\u011fum g\u00fcnl\u0259ri h\u0259mi\u015f\u0259 g\u00f6z\u0259l ke\u00e7irdi. H\u0259r il yanvar\u0131n d\u00f6rd\u00fcn\u00fc s\u0259birsizlikl\u0259 g\u00f6zl\u0259yirdik. O, diqq\u0259ti sev\u0259n bir insan idi. Kimis\u0259 m\u0259cbur etm\u0259zdi ki, ad g\u00fcn\u00fcm\u0259 g\u0259l, m\u0259n\u0259 h\u0259diyy\u0259 g\u0259tir. Bil\u0259n bilirdi, z\u0259ng edib t\u0259brik edirdil\u0259r. Atam\u0131n do\u011fum g\u00fcnl\u0259ri h\u0259mi\u015f\u0259 m\u00f6ht\u0259\u015f\u0259m &hellip;<\/p>\n","protected":false},"author":1,"featured_media":17328,"comment_status":"open","ping_status":"closed","sticky":false,"template":"","format":"standard","meta":{"footnotes":""},"categories":[3,6],"tags":[],"class_list":["post-17327","post","type-post","status-publish","format-standard","has-post-thumbnail","hentry","category-olke","category-maqazin"],"_links":{"self":[{"href":"https:\/\/millitv.net\/index.php?rest_route=\/wp\/v2\/posts\/17327","targetHints":{"allow":["GET"]}}],"collection":[{"href":"https:\/\/millitv.net\/index.php?rest_route=\/wp\/v2\/posts"}],"about":[{"href":"https:\/\/millitv.net\/index.php?rest_route=\/wp\/v2\/types\/post"}],"author":[{"embeddable":true,"href":"https:\/\/millitv.net\/index.php?rest_route=\/wp\/v2\/users\/1"}],"replies":[{"embeddable":true,"href":"https:\/\/millitv.net\/index.php?rest_route=%2Fwp%2Fv2%2Fcomments&post=17327"}],"version-history":[{"count":1,"href":"https:\/\/millitv.net\/index.php?rest_route=\/wp\/v2\/posts\/17327\/revisions"}],"predecessor-version":[{"id":17329,"href":"https:\/\/millitv.net\/index.php?rest_route=\/wp\/v2\/posts\/17327\/revisions\/17329"}],"wp:featuredmedia":[{"embeddable":true,"href":"https:\/\/millitv.net\/index.php?rest_route=\/wp\/v2\/media\/17328"}],"wp:attachment":[{"href":"https:\/\/millitv.net\/index.php?rest_route=%2Fwp%2Fv2%2Fmedia&parent=17327"}],"wp:term":[{"taxonomy":"category","embeddable":true,"href":"https:\/\/millitv.net\/index.php?rest_route=%2Fwp%2Fv2%2Fcategories&post=17327"},{"taxonomy":"post_tag","embeddable":true,"href":"https:\/\/millitv.net\/index.php?rest_route=%2Fwp%2Fv2%2Ftags&post=17327"}],"curies":[{"name":"wp","href":"https:\/\/api.w.org\/{rel}","templated":true}]}}