{"id":17318,"date":"2025-01-04T20:18:24","date_gmt":"2025-01-04T20:18:24","guid":{"rendered":"https:\/\/millitv.net\/?p=17318"},"modified":"2025-01-04T20:18:25","modified_gmt":"2025-01-04T20:18:25","slug":"xatir%C9%99-basqa-olk%C9%99y%C9%99-getdi-%C9%99ri-d%C9%99-gizlin-arxasinca-yollandi","status":"publish","type":"post","link":"https:\/\/millitv.net\/?p=17318","title":{"rendered":"Xatir\u0259 ba\u015fqa \u00f6lk\u0259y\u0259 getdi: \u0259ri d\u0259 gizlin arxas\u0131nca yolland\u0131"},"content":{"rendered":"\n<p><strong>Xatir\u0259 \u0130slam ki\u015fi h\u0259mkar\u0131 R\u00fcf\u0259t Axundovla 31 dekabrda konsert verm\u0259k \u00fc\u00e7\u00fcn d\u0259v\u0259t ald\u0131qlar\u0131 Almaniyaya yollan\u0131blar.<\/strong><\/p>\n\n\n\n<p><strong><a target=\"_blank\" href=\"http:\/\/MilliTv.NET\/\" rel=\"noreferrer noopener\">MilliTv.NET<\/a><\/strong>&nbsp;x\u0259b\u0259r ki, m\u00fc\u011f\u0259nninin h\u0259yat yolda\u015f\u0131 F\u0259xr\u0259ddin o\u011flu Emil il\u0259 Xatir\u0259d\u0259n gizlin, s\u00fcrpriz etm\u0259k \u00fc\u00e7\u00fcn onlar\u0131n ard\u0131nca Almaniyaya yollan\u0131blar ki, Yeni ili orada birg\u0259 qar\u015f\u0131layalar.<\/p>\n\n\n\n<p>Lakin onlar\u0131n s\u00fcrpriz planlar\u0131 ba\u015f tutsa da, Xatir\u0259nin temperaturunun qalxmas\u0131 onun h\u0259min g\u00fcn\u00fc yataqda ke\u00e7irm\u0259sin\u0259 s\u0259b\u0259b olub. M\u00fc\u011f\u0259nni h\u0259min g\u00f6r\u00fcnt\u00fcl\u0259ri sosial media hesab\u0131nda payla\u015f\u0131b.<\/p>\n\n\n\n<p>S\u00f6z\u00fcged\u0259n videonu t\u0259qdim edirik:<br>\u200b\u200bhttps:\/\/newstube.az\/embed\/176898<\/p>\n","protected":false},"excerpt":{"rendered":"<p>Xatir\u0259 \u0130slam ki\u015fi h\u0259mkar\u0131 R\u00fcf\u0259t Axundovla 31 dekabrda konsert verm\u0259k \u00fc\u00e7\u00fcn d\u0259v\u0259t ald\u0131qlar\u0131 Almaniyaya yollan\u0131blar. MilliTv.NET&nbsp;x\u0259b\u0259r ki, m\u00fc\u011f\u0259nninin h\u0259yat yolda\u015f\u0131 F\u0259xr\u0259ddin o\u011flu Emil il\u0259 Xatir\u0259d\u0259n gizlin, s\u00fcrpriz etm\u0259k \u00fc\u00e7\u00fcn onlar\u0131n ard\u0131nca Almaniyaya yollan\u0131blar ki, Yeni ili orada birg\u0259 qar\u015f\u0131layalar. Lakin onlar\u0131n s\u00fcrpriz planlar\u0131 ba\u015f tutsa da, Xatir\u0259nin temperaturunun qalxmas\u0131 onun h\u0259min g\u00fcn\u00fc yataqda ke\u00e7irm\u0259sin\u0259 s\u0259b\u0259b &hellip;<\/p>\n","protected":false},"author":1,"featured_media":17319,"comment_status":"open","ping_status":"closed","sticky":false,"template":"","format":"standard","meta":{"footnotes":""},"categories":[3,6],"tags":[],"class_list":["post-17318","post","type-post","status-publish","format-standard","has-post-thumbnail","hentry","category-olke","category-maqazin"],"_links":{"self":[{"href":"https:\/\/millitv.net\/index.php?rest_route=\/wp\/v2\/posts\/17318","targetHints":{"allow":["GET"]}}],"collection":[{"href":"https:\/\/millitv.net\/index.php?rest_route=\/wp\/v2\/posts"}],"about":[{"href":"https:\/\/millitv.net\/index.php?rest_route=\/wp\/v2\/types\/post"}],"author":[{"embeddable":true,"href":"https:\/\/millitv.net\/index.php?rest_route=\/wp\/v2\/users\/1"}],"replies":[{"embeddable":true,"href":"https:\/\/millitv.net\/index.php?rest_route=%2Fwp%2Fv2%2Fcomments&post=17318"}],"version-history":[{"count":1,"href":"https:\/\/millitv.net\/index.php?rest_route=\/wp\/v2\/posts\/17318\/revisions"}],"predecessor-version":[{"id":17320,"href":"https:\/\/millitv.net\/index.php?rest_route=\/wp\/v2\/posts\/17318\/revisions\/17320"}],"wp:featuredmedia":[{"embeddable":true,"href":"https:\/\/millitv.net\/index.php?rest_route=\/wp\/v2\/media\/17319"}],"wp:attachment":[{"href":"https:\/\/millitv.net\/index.php?rest_route=%2Fwp%2Fv2%2Fmedia&parent=17318"}],"wp:term":[{"taxonomy":"category","embeddable":true,"href":"https:\/\/millitv.net\/index.php?rest_route=%2Fwp%2Fv2%2Fcategories&post=17318"},{"taxonomy":"post_tag","embeddable":true,"href":"https:\/\/millitv.net\/index.php?rest_route=%2Fwp%2Fv2%2Ftags&post=17318"}],"curies":[{"name":"wp","href":"https:\/\/api.w.org\/{rel}","templated":true}]}}