{"id":17281,"date":"2025-01-03T20:34:20","date_gmt":"2025-01-03T20:34:20","guid":{"rendered":"https:\/\/millitv.net\/?p=17281"},"modified":"2025-01-03T20:34:21","modified_gmt":"2025-01-03T20:34:21","slug":"milli-q%C9%99hr%C9%99man-natiqin-sevdiyi-qizin-sonraki-taleyi-er%C9%99-getm%C9%99yib-gozl%C9%99yibmis","status":"publish","type":"post","link":"https:\/\/millitv.net\/?p=17281","title":{"rendered":"Milli Q\u0259hr\u0259man Natiqin sevdiyi q\u0131z\u0131n sonrak\u0131 taleyi &#8211; \u018fr\u0259 getm\u0259yib g\u00f6zl\u0259yibmi\u015f"},"content":{"rendered":"\n<p>Az\u0259rbaycan Prezidenti, Ali Ba\u015f Komandan \u0130lham \u018fliyevin s\u0259r\u0259ncam\u0131 il\u0259 Natiq Qas\u0131mova Milli Q\u0259hr\u0259man ad\u0131 verilib.<\/p>\n\n\n\n<p>Natiq Qas\u0131mov 1971-ci il yanvar\u0131n 2-d\u0259 G\u0259d\u0259b\u0259y rayonunun Ki\u00e7ik Qaramurad k\u0259ndind\u0259 anadan olub. 1975-ci ild\u0259 ail\u0259si Ming\u0259\u00e7evir\u0259 k\u00f6\u00e7\u00fcb v\u0259 o, orta m\u0259kt\u0259bi burada tamamlay\u0131b.<\/p>\n\n\n\n<p>Rusiyan\u0131n Krasnoyarsk vilay\u0259tind\u0259 Daxili Qo\u015fun hiss\u0259l\u0259rind\u0259 xidm\u0259tini ba\u015fa vurduqdan sonra Natiq 1991-ci ild\u0259 V\u0259t\u0259n\u0259 qay\u0131d\u0131b, el\u0259 h\u0259min il d\u0259 k\u00f6n\u00fcll\u00fc olaraq c\u0259bh\u0259y\u0259 yollan\u0131b.<\/p>\n\n\n\n<p>A\u011fdamda Yaqub Rzayevin (Qat\u0131r M\u0259mm\u0259d) ba\u015f\u00e7\u0131l\u0131\u011f\u0131 alt\u0131nda &#8220;Qaraba\u011f \u015fahinl\u0259ri&#8221; d\u0259st\u0259sind\u0259 erm\u0259nil\u0259r\u0259 qar\u015f\u0131 d\u00f6y\u00fc\u015f\u00fcb.<\/p>\n\n\n\n<p>Onun x\u00fcsusi q\u0259hr\u0259manl\u0131\u011f\u0131 il\u0259 ba\u011fl\u0131 tarix\u00e7\u0259 is\u0259 bel\u0259dir:<\/p>\n\n\n\n<p>1992-ci ild\u0259 Xocal\u0131n\u0131n Pirl\u0259r k\u0259ndi yax\u0131nl\u0131\u011f\u0131nda yeddi \u0259sg\u0259rimiz Alban kils\u0259sinin yerl\u0259\u015fdiyi y\u00fcks\u0259klik u\u011frunda \u00f6l\u00fcm-dirim sava\u015f\u0131na qalx\u0131rlar. D\u00f6y\u00fc\u015fd\u0259 alt\u0131 yolda\u015f\u0131 h\u0259lak olan Natiq son d\u0259r\u0259c\u0259 \u0259lveri\u015fli m\u00f6vqed\u0259 yerl\u0259\u015f\u0259n Alban m\u0259b\u0259dind\u0259 m\u00fcbariz\u0259ni davam etdirir. T\u0259kba\u015f\u0131na 5 g\u00fcn gec\u0259-g\u00fcnd\u00fcz vuru\u015faraq d\u00fc\u015fm\u0259nl\u0259ri bu posta yax\u0131n buraxm\u0131r. Onun t\u0259slim olmayaca\u011f\u0131n\u0131 anlayan erm\u0259nil\u0259r Natiqi az\u0259rbaycanl\u0131 \u0259sirl\u0259rl\u0259 \u015fantaj etm\u0259y\u0259 ba\u015flay\u0131rlar. 22 n\u0259f\u0259r Xocal\u0131 sakininin g\u00fcll\u0259l\u0259nm\u0259sin\u0259 raz\u0131 olmayan Natiq kils\u0259nin \u00fcz\u0259rind\u0259ki Az\u0259rbaycan bayra\u011f\u0131n\u0131 \u00f6z\u00fc il\u0259 g\u00f6t\u00fcr\u0259r\u0259k t\u0259slim olmaq \u00fc\u00e7\u00fcn erm\u0259nil\u0259r\u0259 t\u0259r\u0259f gedir. H\u0259min vaxtdan sonra Natiq Qas\u0131mov bar\u0259sind\u0259 he\u00e7 bir m\u0259lumat verilm\u0259yib.<\/p>\n\n\n\n<p>Dinc soyda\u015flar\u0131m\u0131z\u0131 \u00f6l\u00fcmd\u0259n xilas etm\u0259k \u00fc\u00e7\u00fcn t\u0259slim olub \u0259sir g\u00f6t\u00fcr\u00fcl\u0259n Natiq Qas\u0131mov&#8230;<\/p>\n\n\n\n<p>H\u0259r k\u0259s onu \u0259lind\u0259 Az\u0259rbaycan bayra\u011f\u0131, \u0259hat\u0259sind\u0259 d\u00fc\u015fm\u0259n quldurlar\u0131 olan \u015f\u0259kli il\u0259 tan\u0131y\u0131r. Bu q\u0259hr\u0259man\u0131n hekay\u0259si d\u0259f\u0259l\u0259rl\u0259 dan\u0131\u015f\u0131l\u0131b, yerli v\u0259 xarici rejissorlar onun haqq\u0131nda filml\u0259r \u00e7\u0259kib, d\u0259rslikl\u0259rd\u0259 onun q\u0259hr\u0259manl\u0131\u011f\u0131ndan b\u0259hs olunub. Lakin Natiq Qas\u0131mov kimi igid haqq\u0131nda h\u0259l\u0259 d\u0259 kifay\u0259t q\u0259d\u0259r bilinm\u0259y\u0259n, maraql\u0131 m\u0259qamlar var.Natiqin h\u0259yat\u0131na, ke\u00e7diyi d\u00f6y\u00fc\u015f yoluna i\u015f\u0131q salmaq \u00fc\u00e7\u00fcn \u015f\u0259hidin ail\u0259sini ziyar\u0259t etdik.&nbsp;Natiq Qas\u0131movun qarda\u015f\u0131 \u015f\u0259hidl\u0259 ba\u011fl\u0131 bu g\u00fcn\u0259d\u0259k qaranl\u0131q qalan bir s\u0131ra m\u0259lumatlar\u0131&nbsp;Bizim.Media&nbsp;il\u0259 b\u00f6l\u00fc\u015f\u00fcb.S\u00f6z\u00fcged\u0259n videom\u00fcsahib\u0259ni t\u0259qdim edirik:&nbsp;<\/p>\n\n\n\n<figure class=\"wp-block-embed is-type-video is-provider-youtube wp-block-embed-youtube wp-embed-aspect-16-9 wp-has-aspect-ratio\"><div class=\"wp-block-embed__wrapper\">\n<iframe loading=\"lazy\" title=\"Natiq Qas\u0131movun sevdiyi q\u0131z\u0131n sonrak\u0131 TALEY\u0130 - \u015e\u0259hidin qarda\u015f\u0131 il\u0259 EKSKL\u00dcZ\u0130V M\u00dcSAH\u0130B\u018f\" width=\"500\" height=\"281\" src=\"https:\/\/www.youtube.com\/embed\/idLrCx6K-m8?feature=oembed\" frameborder=\"0\" allow=\"accelerometer; autoplay; clipboard-write; encrypted-media; gyroscope; picture-in-picture; web-share\" referrerpolicy=\"strict-origin-when-cross-origin\" allowfullscreen><\/iframe>\n<\/div><\/figure>\n","protected":false},"excerpt":{"rendered":"<p>Az\u0259rbaycan Prezidenti, Ali Ba\u015f Komandan \u0130lham \u018fliyevin s\u0259r\u0259ncam\u0131 il\u0259 Natiq Qas\u0131mova Milli Q\u0259hr\u0259man ad\u0131 verilib. Natiq Qas\u0131mov 1971-ci il yanvar\u0131n 2-d\u0259 G\u0259d\u0259b\u0259y rayonunun Ki\u00e7ik Qaramurad k\u0259ndind\u0259 anadan olub. 1975-ci ild\u0259 ail\u0259si Ming\u0259\u00e7evir\u0259 k\u00f6\u00e7\u00fcb v\u0259 o, orta m\u0259kt\u0259bi burada tamamlay\u0131b. Rusiyan\u0131n Krasnoyarsk vilay\u0259tind\u0259 Daxili Qo\u015fun hiss\u0259l\u0259rind\u0259 xidm\u0259tini ba\u015fa vurduqdan sonra Natiq 1991-ci ild\u0259 V\u0259t\u0259n\u0259 qay\u0131d\u0131b, el\u0259 &hellip;<\/p>\n","protected":false},"author":1,"featured_media":17283,"comment_status":"open","ping_status":"closed","sticky":false,"template":"","format":"standard","meta":{"footnotes":""},"categories":[3],"tags":[],"class_list":["post-17281","post","type-post","status-publish","format-standard","has-post-thumbnail","hentry","category-olke"],"_links":{"self":[{"href":"https:\/\/millitv.net\/index.php?rest_route=\/wp\/v2\/posts\/17281","targetHints":{"allow":["GET"]}}],"collection":[{"href":"https:\/\/millitv.net\/index.php?rest_route=\/wp\/v2\/posts"}],"about":[{"href":"https:\/\/millitv.net\/index.php?rest_route=\/wp\/v2\/types\/post"}],"author":[{"embeddable":true,"href":"https:\/\/millitv.net\/index.php?rest_route=\/wp\/v2\/users\/1"}],"replies":[{"embeddable":true,"href":"https:\/\/millitv.net\/index.php?rest_route=%2Fwp%2Fv2%2Fcomments&post=17281"}],"version-history":[{"count":1,"href":"https:\/\/millitv.net\/index.php?rest_route=\/wp\/v2\/posts\/17281\/revisions"}],"predecessor-version":[{"id":17284,"href":"https:\/\/millitv.net\/index.php?rest_route=\/wp\/v2\/posts\/17281\/revisions\/17284"}],"wp:featuredmedia":[{"embeddable":true,"href":"https:\/\/millitv.net\/index.php?rest_route=\/wp\/v2\/media\/17283"}],"wp:attachment":[{"href":"https:\/\/millitv.net\/index.php?rest_route=%2Fwp%2Fv2%2Fmedia&parent=17281"}],"wp:term":[{"taxonomy":"category","embeddable":true,"href":"https:\/\/millitv.net\/index.php?rest_route=%2Fwp%2Fv2%2Fcategories&post=17281"},{"taxonomy":"post_tag","embeddable":true,"href":"https:\/\/millitv.net\/index.php?rest_route=%2Fwp%2Fv2%2Ftags&post=17281"}],"curies":[{"name":"wp","href":"https:\/\/api.w.org\/{rel}","templated":true}]}}