{"id":17278,"date":"2025-01-03T20:29:30","date_gmt":"2025-01-03T20:29:30","guid":{"rendered":"https:\/\/millitv.net\/?p=17278"},"modified":"2025-01-03T20:29:31","modified_gmt":"2025-01-03T20:29:31","slug":"5-gun-t%C9%99kbasina-doyus%C9%99n-postu-qoruyan-%C9%99sirl%C9%99r%C9%99-gor%C9%99-t%C9%99slim-olan-natiqin-dogum-gunudur-milli-q%C9%99hr%C9%99man-bar%C9%99d%C9%99-t%C9%99sirli-faktlar","status":"publish","type":"post","link":"https:\/\/millitv.net\/?p=17278","title":{"rendered":"5 g\u00fcn t\u0259kba\u015f\u0131na d\u00f6y\u00fc\u015f\u0259n, postu qoruyan, \u0259sirl\u0259r\u0259 g\u00f6r\u0259 t\u0259slim olan Natiqin do\u011fum g\u00fcn\u00fcd\u00fcr &#8211; Milli Q\u0259hr\u0259man bar\u0259d\u0259 t\u0259sirli faktlar"},"content":{"rendered":"\n<p>Az\u0259rbaycan Prezidenti, Ali Ba\u015f Komandan \u0130lham \u018fliyevin s\u0259r\u0259ncam\u0131 il\u0259 Natiq Qas\u0131mova Milli Q\u0259hr\u0259man ad\u0131 verilib.<\/p>\n\n\n\n<p>Natiq Qas\u0131mov 1971-ci il yanvar\u0131n 2-d\u0259 G\u0259d\u0259b\u0259y rayonunun Ki\u00e7ik Qaramurad k\u0259ndind\u0259 anadan olub. 1975-ci ild\u0259 ail\u0259si Ming\u0259\u00e7evir\u0259 k\u00f6\u00e7\u00fcb v\u0259 o, orta m\u0259kt\u0259bi burada tamamlay\u0131b.<\/p>\n\n\n\n<p>Rusiyan\u0131n Krasnoyarsk vilay\u0259tind\u0259 Daxili Qo\u015fun hiss\u0259l\u0259rind\u0259 xidm\u0259tini ba\u015fa vurduqdan sonra Natiq 1991-ci ild\u0259 V\u0259t\u0259n\u0259 qay\u0131d\u0131b, el\u0259 h\u0259min il d\u0259 k\u00f6n\u00fcll\u00fc olaraq c\u0259bh\u0259y\u0259 yollan\u0131b.<\/p>\n\n\n\n<p>A\u011fdamda Yaqub Rzayevin (Qat\u0131r M\u0259mm\u0259d) ba\u015f\u00e7\u0131l\u0131\u011f\u0131 alt\u0131nda &#8220;Qaraba\u011f \u015fahinl\u0259ri&#8221; d\u0259st\u0259sind\u0259 erm\u0259nil\u0259r\u0259 qar\u015f\u0131 d\u00f6y\u00fc\u015f\u00fcb.<\/p>\n\n\n\n<p>Onun x\u00fcsusi q\u0259hr\u0259manl\u0131\u011f\u0131 il\u0259 ba\u011fl\u0131 tarix\u00e7\u0259 is\u0259 bel\u0259dir:<\/p>\n\n\n\n<p>1992-ci ild\u0259 Xocal\u0131n\u0131n Pirl\u0259r k\u0259ndi yax\u0131nl\u0131\u011f\u0131nda yeddi \u0259sg\u0259rimiz Alban kils\u0259sinin yerl\u0259\u015fdiyi y\u00fcks\u0259klik u\u011frunda \u00f6l\u00fcm-dirim sava\u015f\u0131na qalx\u0131rlar. D\u00f6y\u00fc\u015fd\u0259 alt\u0131 yolda\u015f\u0131 h\u0259lak olan Natiq son d\u0259r\u0259c\u0259 \u0259lveri\u015fli m\u00f6vqed\u0259 yerl\u0259\u015f\u0259n Alban m\u0259b\u0259dind\u0259 m\u00fcbariz\u0259ni davam etdirir. T\u0259kba\u015f\u0131na 5 g\u00fcn gec\u0259-g\u00fcnd\u00fcz vuru\u015faraq d\u00fc\u015fm\u0259nl\u0259ri bu posta yax\u0131n buraxm\u0131r. Onun t\u0259slim olmayaca\u011f\u0131n\u0131 anlayan erm\u0259nil\u0259r Natiqi az\u0259rbaycanl\u0131 \u0259sirl\u0259rl\u0259 \u015fantaj etm\u0259y\u0259 ba\u015flay\u0131rlar. 22 n\u0259f\u0259r Xocal\u0131 sakininin g\u00fcll\u0259l\u0259nm\u0259sin\u0259 raz\u0131 olmayan Natiq kils\u0259nin \u00fcz\u0259rind\u0259ki Az\u0259rbaycan bayra\u011f\u0131n\u0131 \u00f6z\u00fc il\u0259 g\u00f6t\u00fcr\u0259r\u0259k t\u0259slim olmaq \u00fc\u00e7\u00fcn erm\u0259nil\u0259r\u0259 t\u0259r\u0259f gedir. H\u0259min vaxtdan sonra Natiq Qas\u0131mov bar\u0259sind\u0259 he\u00e7 bir m\u0259lumat verilm\u0259yib.<\/p>\n\n\n\n<p>Natiq Qas\u0131movun haz\u0131rda yay\u0131lan fotosu \u0259sir d\u00fc\u015f\u0259rk\u0259n \u00e7\u0259kilib v\u0259 \u201cOqonyok\u201d jurnal\u0131nda o vaxt d\u0259rc edilib.<\/p>\n\n\n\n<p>\u018fsir v\u0259 itkin d\u00fc\u015fm\u00fc\u015f, girov g\u00f6t\u00fcr\u00fclm\u00fc\u015f v\u0259t\u0259nda\u015flarla \u0259laq\u0259dar D\u00f6vl\u0259t Komissiyas\u0131n\u0131n m\u0259lumat\u0131na \u0259sas\u0259n, erm\u0259nil\u0259r t\u0259r\u0259find\u0259n \u0259sir v\u0259 girov g\u00f6t\u00fcr\u00fclm\u0259 fakt\u0131 dan\u0131lan \u015f\u0259xsl\u0259rin siyah\u0131s\u0131nda Natiq Qas\u0131movun da ad\u0131 vard\u0131r. D\u00f6vl\u0259t Komissiyas\u0131n\u0131n d\u0259f\u0259l\u0259rl\u0259 etdiyi m\u00fcraci\u0259tl\u0259r\u0259 baxmayaraq, erm\u0259ni t\u0259r\u0259fi indiy\u0259d\u0259k Natiqin sonrak\u0131 taleyini Az\u0259rbaycandan v\u0259 beyn\u0259lxalq t\u0259\u015fkilatlardan gizl\u0259dir.<\/p>\n\n\n\n<p>Natiq haqda \u00e7\u0259kil\u0259n filmd\u0259 is\u0259 onun Vitali Balasanyan\u0131n i\u015ftirak\u0131 il\u0259 dindirilm\u0259sind\u0259n sonra \u201cdo\u011fran\u0131ld\u0131\u011f\u0131\u201d \u2013 y\u0259ni i\u015fg\u0259nc\u0259 il\u0259 \u00f6ld\u00fcr\u00fcld\u00fcy\u00fc haqda \u015fahid ifad\u0259si var. Bu \u015fahidl\u0259r erm\u0259nil\u0259rdir v\u0259 onlar bunu h\u0259l\u0259 ill\u0259r \u00f6nc\u0259 filmd\u0259 etiraf etmi\u015fdil\u0259r.<\/p>\n\n\n\n<p>Etibarl\u0131 m\u0259nb\u0259l\u0259rd\u0259n \u0259ld\u0259 edilmi\u015f m\u0259lumata \u0259sas\u0259n, bu qorxmaz Az\u0259rbaycan \u0259sg\u0259rinin q\u0259hr\u0259manl\u0131\u011f\u0131 v\u0259 \u015f\u00fcca\u0259ti d\u00fc\u015fm\u0259n h\u0259rb\u00e7il\u0259ri aras\u0131nda vahim\u0259 v\u0259 psixoloji g\u0259rginlik yaratd\u0131\u011f\u0131 \u00fc\u00e7\u00fcn s\u0259hra komandiri Vitali Balasanyan Natiq Qas\u0131mova erm\u0259ni \u0259sg\u0259rl\u0259rin qar\u015f\u0131s\u0131nda m\u00fcharib\u0259 qanunlar\u0131na zidd olaraq d\u0259f\u0259l\u0259rl\u0259 a\u011f\u0131r v\u0259 d\u0259h\u015f\u0259tli i\u015fg\u0259nc\u0259l\u0259r ver\u0259r\u0259k onu q\u0259tl\u0259 yetirib. \/&nbsp;Kult.az<\/p>\n\n\n\n<p><\/p>\n","protected":false},"excerpt":{"rendered":"<p>Az\u0259rbaycan Prezidenti, Ali Ba\u015f Komandan \u0130lham \u018fliyevin s\u0259r\u0259ncam\u0131 il\u0259 Natiq Qas\u0131mova Milli Q\u0259hr\u0259man ad\u0131 verilib. Natiq Qas\u0131mov 1971-ci il yanvar\u0131n 2-d\u0259 G\u0259d\u0259b\u0259y rayonunun Ki\u00e7ik Qaramurad k\u0259ndind\u0259 anadan olub. 1975-ci ild\u0259 ail\u0259si Ming\u0259\u00e7evir\u0259 k\u00f6\u00e7\u00fcb v\u0259 o, orta m\u0259kt\u0259bi burada tamamlay\u0131b. Rusiyan\u0131n Krasnoyarsk vilay\u0259tind\u0259 Daxili Qo\u015fun hiss\u0259l\u0259rind\u0259 xidm\u0259tini ba\u015fa vurduqdan sonra Natiq 1991-ci ild\u0259 V\u0259t\u0259n\u0259 qay\u0131d\u0131b, el\u0259 &hellip;<\/p>\n","protected":false},"author":1,"featured_media":17279,"comment_status":"open","ping_status":"closed","sticky":false,"template":"","format":"standard","meta":{"footnotes":""},"categories":[3],"tags":[],"class_list":["post-17278","post","type-post","status-publish","format-standard","has-post-thumbnail","hentry","category-olke"],"_links":{"self":[{"href":"https:\/\/millitv.net\/index.php?rest_route=\/wp\/v2\/posts\/17278","targetHints":{"allow":["GET"]}}],"collection":[{"href":"https:\/\/millitv.net\/index.php?rest_route=\/wp\/v2\/posts"}],"about":[{"href":"https:\/\/millitv.net\/index.php?rest_route=\/wp\/v2\/types\/post"}],"author":[{"embeddable":true,"href":"https:\/\/millitv.net\/index.php?rest_route=\/wp\/v2\/users\/1"}],"replies":[{"embeddable":true,"href":"https:\/\/millitv.net\/index.php?rest_route=%2Fwp%2Fv2%2Fcomments&post=17278"}],"version-history":[{"count":1,"href":"https:\/\/millitv.net\/index.php?rest_route=\/wp\/v2\/posts\/17278\/revisions"}],"predecessor-version":[{"id":17280,"href":"https:\/\/millitv.net\/index.php?rest_route=\/wp\/v2\/posts\/17278\/revisions\/17280"}],"wp:featuredmedia":[{"embeddable":true,"href":"https:\/\/millitv.net\/index.php?rest_route=\/wp\/v2\/media\/17279"}],"wp:attachment":[{"href":"https:\/\/millitv.net\/index.php?rest_route=%2Fwp%2Fv2%2Fmedia&parent=17278"}],"wp:term":[{"taxonomy":"category","embeddable":true,"href":"https:\/\/millitv.net\/index.php?rest_route=%2Fwp%2Fv2%2Fcategories&post=17278"},{"taxonomy":"post_tag","embeddable":true,"href":"https:\/\/millitv.net\/index.php?rest_route=%2Fwp%2Fv2%2Ftags&post=17278"}],"curies":[{"name":"wp","href":"https:\/\/api.w.org\/{rel}","templated":true}]}}