{"id":17251,"date":"2025-01-02T19:04:46","date_gmt":"2025-01-02T19:04:46","guid":{"rendered":"https:\/\/millitv.net\/?p=17251"},"modified":"2025-01-02T19:04:47","modified_gmt":"2025-01-02T19:04:47","slug":"polad-h%C9%99simovun-anasi-hokum%C9%99nin-h%C9%99yat-yoldasi-il%C9%99-gorusdu-video","status":"publish","type":"post","link":"https:\/\/millitv.net\/?p=17251","title":{"rendered":"Polad H\u0259\u015fimovun anas\u0131 H\u00f6k\u00fcm\u0259nin h\u0259yat yolda\u015f\u0131 il\u0259 g\u00f6r\u00fc\u015fd\u00fc &#8211;\u00a0V\u0130DEO"},"content":{"rendered":"\n<p>Milli Q\u0259hr\u0259man, \u015f\u0259hid general-mayor Polad H\u0259\u015fimovun anas\u0131 S\u0259may\u0259 H\u0259\u015fimova t\u0259yyar\u0259 q\u0259zas\u0131nda h\u0259lak olan Az\u0259rbaycan\u0131n Milli Q\u0259hr\u0259man\u0131 H\u00f6k\u00fcm\u0259 \u018fliyevan\u0131n h\u0259yat yolda\u015f\u0131 il\u0259 g\u00f6r\u00fc\u015f\u00fcb.<\/p>\n\n\n\n<p><strong>Modern.az&nbsp;<\/strong>x\u0259b\u0259r verir ki, g\u00f6r\u00fc\u015f II F\u0259xri xiyabanda ba\u015f tutub.<\/p>\n\n\n\n<p>General\u0131n anas\u0131 H.\u018fliyevan\u0131n h\u0259lak olmas\u0131 il\u0259 ba\u011fl\u0131 onun h\u0259yat yolda\u015f\u0131na ba\u015fsa\u011fl\u0131\u011f\u0131 verib.<\/p>\n\n\n\n<p>H\u0259min g\u00f6r\u00fcnt\u00fcl\u0259ri t\u0259qdim edirik:<\/p>\n\n\n\n<p><a href=\"https:\/\/t.me\/modern_azz\/48056?embed=1\">https:\/\/t.me\/modern_azz\/48056?embed=1<\/a><\/p>\n","protected":false},"excerpt":{"rendered":"<p>Milli Q\u0259hr\u0259man, \u015f\u0259hid general-mayor Polad H\u0259\u015fimovun anas\u0131 S\u0259may\u0259 H\u0259\u015fimova t\u0259yyar\u0259 q\u0259zas\u0131nda h\u0259lak olan Az\u0259rbaycan\u0131n Milli Q\u0259hr\u0259man\u0131 H\u00f6k\u00fcm\u0259 \u018fliyevan\u0131n h\u0259yat yolda\u015f\u0131 il\u0259 g\u00f6r\u00fc\u015f\u00fcb. Modern.az&nbsp;x\u0259b\u0259r verir ki, g\u00f6r\u00fc\u015f II F\u0259xri xiyabanda ba\u015f tutub. General\u0131n anas\u0131 H.\u018fliyevan\u0131n h\u0259lak olmas\u0131 il\u0259 ba\u011fl\u0131 onun h\u0259yat yolda\u015f\u0131na ba\u015fsa\u011fl\u0131\u011f\u0131 verib. H\u0259min g\u00f6r\u00fcnt\u00fcl\u0259ri t\u0259qdim edirik: https:\/\/t.me\/modern_azz\/48056?embed=1<\/p>\n","protected":false},"author":1,"featured_media":17252,"comment_status":"open","ping_status":"closed","sticky":false,"template":"","format":"standard","meta":{"footnotes":""},"categories":[3],"tags":[],"class_list":["post-17251","post","type-post","status-publish","format-standard","has-post-thumbnail","hentry","category-olke"],"_links":{"self":[{"href":"https:\/\/millitv.net\/index.php?rest_route=\/wp\/v2\/posts\/17251","targetHints":{"allow":["GET"]}}],"collection":[{"href":"https:\/\/millitv.net\/index.php?rest_route=\/wp\/v2\/posts"}],"about":[{"href":"https:\/\/millitv.net\/index.php?rest_route=\/wp\/v2\/types\/post"}],"author":[{"embeddable":true,"href":"https:\/\/millitv.net\/index.php?rest_route=\/wp\/v2\/users\/1"}],"replies":[{"embeddable":true,"href":"https:\/\/millitv.net\/index.php?rest_route=%2Fwp%2Fv2%2Fcomments&post=17251"}],"version-history":[{"count":1,"href":"https:\/\/millitv.net\/index.php?rest_route=\/wp\/v2\/posts\/17251\/revisions"}],"predecessor-version":[{"id":17253,"href":"https:\/\/millitv.net\/index.php?rest_route=\/wp\/v2\/posts\/17251\/revisions\/17253"}],"wp:featuredmedia":[{"embeddable":true,"href":"https:\/\/millitv.net\/index.php?rest_route=\/wp\/v2\/media\/17252"}],"wp:attachment":[{"href":"https:\/\/millitv.net\/index.php?rest_route=%2Fwp%2Fv2%2Fmedia&parent=17251"}],"wp:term":[{"taxonomy":"category","embeddable":true,"href":"https:\/\/millitv.net\/index.php?rest_route=%2Fwp%2Fv2%2Fcategories&post=17251"},{"taxonomy":"post_tag","embeddable":true,"href":"https:\/\/millitv.net\/index.php?rest_route=%2Fwp%2Fv2%2Ftags&post=17251"}],"curies":[{"name":"wp","href":"https:\/\/api.w.org\/{rel}","templated":true}]}}