{"id":1718,"date":"2023-10-14T13:33:16","date_gmt":"2023-10-14T13:33:16","guid":{"rendered":"https:\/\/millinews.az\/xeber\/fuzuli-sakinl%C9%99ri-ucun-xos-gun\/"},"modified":"2023-10-14T13:33:16","modified_gmt":"2023-10-14T13:33:16","slug":"fuzuli-sakinl%C9%99ri-ucun-xos-gun","status":"publish","type":"post","link":"https:\/\/millitv.net\/?p=1718","title":{"rendered":"F\u00fczuli sakinl\u0259ri \u00fc\u00e7\u00fcn xo\u015f g\u00fcn"},"content":{"rendered":"<div id=\"maincontent\">&#13;<br \/>\n        &#13;<\/p>\n<p><strong>Az\u0259rbaycan Respublikas\u0131n\u0131n Prezidenti \u0130lham \u018fliyevin tap\u015f\u0131r\u0131\u011f\u0131na uy\u011fun olaraq, yenid\u0259n qurulan F\u00fczuli \u015f\u0259h\u0259rin\u0259 ke\u00e7mi\u015f m\u0259cburi k\u00f6\u00e7k\u00fcnl\u0259rin qay\u0131d\u0131\u015f\u0131 davam edir. N\u00f6vb\u0259ti k\u00f6\u00e7 karvan\u0131 il\u0259 F\u00fczuliy\u0259 \u00e7atan ail\u0259l\u0259r\u0259 m\u0259nzill\u0259rin a\u00e7arlar\u0131 t\u0259qdim olunub.<\/strong><\/p>\n<p><a href=\"https:\/\/Millinews.az\" target=\"_blank\" class=\"kw-link\" rel=\"noopener\">Millinews.az<\/a> x\u0259b\u0259r verir ki, bu g\u00fcn 28 ail\u0259 olmaqla, 117 n\u0259f\u0259r F\u00fczuli sakini do\u011fma yurduna qovu\u015fub. F\u00fczuli \u015f\u0259h\u0259rin\u0259 \u00e7atan ail\u0259l\u0259r Qa\u00e7q\u0131nlar\u0131n v\u0259 M\u0259cburi K\u00f6\u00e7k\u00fcnl\u0259rin \u0130\u015fl\u0259ri \u00fczr\u0259 D\u00f6vl\u0259t Komit\u0259sinin, Qaraba\u011f iqtisadi rayonuna daxil olan i\u015f\u011faldan azad edilmi\u015f \u0259razil\u0259rd\u0259 (\u015eu\u015fa rayonu istisna olmaqla) Az\u0259rbaycan Respublikas\u0131 Prezidentinin x\u00fcsusi n\u00fcmay\u0259nd\u0259liyinin \u0259m\u0259kda\u015flar\u0131 t\u0259r\u0259find\u0259n b\u00f6y\u00fck co\u015fqu il\u0259 qar\u015f\u0131lan\u0131b. Onlar daha \u00f6nc\u0259d\u0259n F\u00fczulid\u0259 m\u0259skunla\u015fan h\u0259myerlil\u0259ri il\u0259 g\u00f6r\u00fc\u015f\u0259r\u0259k sevinc hissl\u0259rini payla\u015f\u0131blar. &#13;\n<\/p>\n<p>F\u00fczuli sakinl\u0259ri h\u0259rt\u0259r\u0259fli d\u00f6vl\u0259t qay\u011f\u0131s\u0131 il\u0259 \u0259hat\u0259 olunduqlar\u0131na g\u00f6r\u0259 Prezident, M\u00fcz\u0259ff\u0259r Ali Ba\u015f Komandan \u0130lham \u018fliyev\u0259, Birinci vitse-prezident Mehriban xan\u0131m \u018fliyevaya, torpaqlar\u0131m\u0131z\u0131 i\u015f\u011faldan qurtaran r\u0259\u015fad\u0259tli Az\u0259rbaycan Ordusuna, q\u0259hr\u0259man \u0259sg\u0259r v\u0259 zabitl\u0259rimiz\u0259 minn\u0259tdarl\u0131qlar\u0131n\u0131 ifad\u0259 edibl\u0259r.<\/p>\n<p>Qaraba\u011f iqtisadi rayonuna daxil olan i\u015f\u011faldan azad edilmi\u015f \u0259razil\u0259rd\u0259 (\u015eu\u015fa rayonu istisna olmaqla) Az\u0259rbaycan Respublikas\u0131 Prezidentinin x\u00fcsusi n\u00fcmay\u0259nd\u0259liyinin \u0259m\u0259kda\u015f\u0131 Eldar Seyidov m\u0259nzill\u0259rin a\u00e7arlar\u0131n\u0131 ail\u0259l\u0259r\u0259 t\u0259qdim edib.<\/p>\n<p>Bununla da F\u00fczuli \u015f\u0259h\u0259rind\u0259 258 ail\u0259 olmaqla, 928 n\u0259f\u0259rin daimi m\u0259skunla\u015fmas\u0131 t\u0259min edilib. Qar\u015f\u0131dak\u0131 g\u00fcnl\u0259rd\u0259 F\u00fczuli \u015f\u0259h\u0259rin\u0259 ail\u0259l\u0259rin k\u00f6\u00e7\u00fcr\u00fclm\u0259si davam ed\u0259c\u0259k.&#13;<br \/>\n        &#13;<br \/>\n&#13;<br \/>\n        &#13;<br \/>\n&#13;\n        <\/p>\n<p><noscript><\/p>\n<p>You must enable Javascript on your browser for the site to work optimally and display sections completely.<\/p>\n<p><\/noscript>\t\t&#13;<br \/>\n\t\t&#13;\n    <\/div>\n<p><script type=\"text\/javascript\">jQuery(document).ready(function () {\n(function(d, s, id) {\n    var js, fjs = d.getElementsByTagName(s)[0];\n    if (d.getElementById(id))\n        return;\n    js = d.createElement(s);\n    js.id = id;\n    js.src = \"\/\/connect.facebook.net\/az_AZ\/all.js#xfbml=1&appId=1002485763137712\";\n    fjs.parentNode.insertBefore(js, fjs);\n}(document, 'script', 'facebook-jssdk'));                \n$('.fancybox').fancybox();\n});<\/script><\/p>\n","protected":false},"excerpt":{"rendered":"<p>&#13; &#13; Az\u0259rbaycan Respublikas\u0131n\u0131n Prezidenti \u0130lham \u018fliyevin tap\u015f\u0131r\u0131\u011f\u0131na uy\u011fun olaraq, yenid\u0259n qurulan F\u00fczuli \u015f\u0259h\u0259rin\u0259 ke\u00e7mi\u015f m\u0259cburi k\u00f6\u00e7k\u00fcnl\u0259rin qay\u0131d\u0131\u015f\u0131 davam edir. N\u00f6vb\u0259ti k\u00f6\u00e7 karvan\u0131 il\u0259 F\u00fczuliy\u0259 \u00e7atan ail\u0259l\u0259r\u0259 m\u0259nzill\u0259rin a\u00e7arlar\u0131 t\u0259qdim olunub. Millinews.az x\u0259b\u0259r verir ki, bu g\u00fcn 28 ail\u0259 olmaqla, 117 n\u0259f\u0259r F\u00fczuli sakini do\u011fma yurduna qovu\u015fub. F\u00fczuli \u015f\u0259h\u0259rin\u0259 \u00e7atan ail\u0259l\u0259r Qa\u00e7q\u0131nlar\u0131n v\u0259 M\u0259cburi K\u00f6\u00e7k\u00fcnl\u0259rin &hellip;<\/p>\n","protected":false},"author":1,"featured_media":1719,"comment_status":"open","ping_status":"closed","sticky":false,"template":"","format":"standard","meta":{"footnotes":""},"categories":[9],"tags":[],"class_list":["post-1718","post","type-post","status-publish","format-standard","has-post-thumbnail","hentry","category-xeber"],"_links":{"self":[{"href":"https:\/\/millitv.net\/index.php?rest_route=\/wp\/v2\/posts\/1718","targetHints":{"allow":["GET"]}}],"collection":[{"href":"https:\/\/millitv.net\/index.php?rest_route=\/wp\/v2\/posts"}],"about":[{"href":"https:\/\/millitv.net\/index.php?rest_route=\/wp\/v2\/types\/post"}],"author":[{"embeddable":true,"href":"https:\/\/millitv.net\/index.php?rest_route=\/wp\/v2\/users\/1"}],"replies":[{"embeddable":true,"href":"https:\/\/millitv.net\/index.php?rest_route=%2Fwp%2Fv2%2Fcomments&post=1718"}],"version-history":[{"count":0,"href":"https:\/\/millitv.net\/index.php?rest_route=\/wp\/v2\/posts\/1718\/revisions"}],"wp:featuredmedia":[{"embeddable":true,"href":"https:\/\/millitv.net\/index.php?rest_route=\/wp\/v2\/media\/1719"}],"wp:attachment":[{"href":"https:\/\/millitv.net\/index.php?rest_route=%2Fwp%2Fv2%2Fmedia&parent=1718"}],"wp:term":[{"taxonomy":"category","embeddable":true,"href":"https:\/\/millitv.net\/index.php?rest_route=%2Fwp%2Fv2%2Fcategories&post=1718"},{"taxonomy":"post_tag","embeddable":true,"href":"https:\/\/millitv.net\/index.php?rest_route=%2Fwp%2Fv2%2Ftags&post=1718"}],"curies":[{"name":"wp","href":"https:\/\/api.w.org\/{rel}","templated":true}]}}