{"id":17161,"date":"2024-12-30T07:04:52","date_gmt":"2024-12-30T07:04:52","guid":{"rendered":"https:\/\/millitv.net\/?p=17161"},"modified":"2024-12-30T07:04:53","modified_gmt":"2024-12-30T07:04:53","slug":"xanim-milli-q%C9%99hr%C9%99manlar-onlar-nec%C9%99-n%C9%99f%C9%99rdi-adlar","status":"publish","type":"post","link":"https:\/\/millitv.net\/?p=17161","title":{"rendered":"Xan\u0131m Milli Q\u0259hr\u0259manlar: onlar ne\u00e7\u0259 n\u0259f\u0259rdi? &#8211;\u00a0ADLAR"},"content":{"rendered":"\n<p>X\u0259b\u0259r verdiyimiz kimi, Prezident \u0130lham \u018fliyev \u201cAz\u0259rbaycan Hava Yollar\u0131\u201d avia\u015firk\u0259tin\u0259 m\u0259xsus \u201cEmbraer 190\u201d tipli s\u0259rni\u015fin t\u0259yyar\u0259sinin Bak\u0131-Qrozn\u0131 reysini yerin\u0259 yetir\u0259rk\u0259n h\u0259lak olmu\u015f ekipaj \u00fczvl\u0259rin\u0259&nbsp;\u201cAz\u0259rbaycan\u0131n Milli Q\u0259hr\u0259man\u0131\u201d ad\u0131n\u0131n verilm\u0259si il\u0259 ba\u011fl\u0131 s\u0259r\u0259ncam imzalay\u0131b.<\/p>\n\n\n\n<p>S\u0259r\u0259ncama \u0259sas\u0259n, Bak\u0131-Qrozn\u0131 reysil\u0259 u\u00e7an t\u0259yyar\u0259 Aktau \u015f\u0259h\u0259rind\u0259 q\u0259zaya u\u011frayark\u0259n xidm\u0259ti v\u0259zif\u0259l\u0259rini layiqinc\u0259 yerin\u0259 yetir\u0259n, s\u0259rni\u015finl\u0259rin h\u0259yat\u0131n\u0131n xilas edilm\u0259sind\u0259 y\u00fcks\u0259k pe\u015f\u0259karl\u0131q, \u015f\u00fcca\u0259t v\u0259 f\u0259dakarl\u0131q g\u00f6st\u0259r\u0259n ekipaj \u00fczvl\u0259ri \u2013 kapitan \u0130qor \u0130vanovi\u00e7 K\u015fnyakin, pilot Aleksandr Georgiyevi\u00e7 Kalyaninov, b\u0259l\u0259d\u00e7i H\u00f6kum\u0259 C\u0259lil q\u0131z\u0131 \u018fliyeva \u00f6l\u00fcml\u0259rind\u0259n sonra bu f\u0259xri ada layiq g\u00f6r\u00fcl\u00fcb.<br><br>D\u00f6vl\u0259t ba\u015f\u00e7\u0131s\u0131n\u0131n bu s\u0259r\u0259ncam\u0131ndan sonra&nbsp;<strong>Az\u0259rbaycan\u0131n Milli Q\u0259hr\u0259manlar\u0131n\u0131n say\u0131&nbsp;222 n\u0259f\u0259r\u0259<\/strong>&nbsp;\u00e7at\u0131b.&nbsp;<br>&nbsp;<br>Modern.az-\u0131n m\u0259lumat\u0131na g\u00f6r\u0259, Az\u0259rbaycan\u0131n 222 Milli Q\u0259hr\u0259man\u0131ndan&nbsp;<strong>3 n\u0259f\u0259ri&nbsp;xan\u0131md\u0131r.<\/strong>&nbsp;Onlar a\u015fa\u011f\u0131dak\u0131 \u015f\u0259xsl\u0259rdi:<br><br><strong>Salat\u0131n \u018fsg\u0259rova<br>G\u00fclt\u0259kin \u018fsg\u0259rova<br>H\u00f6kum\u0259 \u018fliyeva<\/strong><\/p>\n\n\n\n<p><br>Xan\u0131m Milli Q\u0259hr\u0259manlar\u0131m\u0131z\u0131n q\u0131sa bioqrafiyas\u0131n\u0131 t\u0259qdim edirik:<br><br><img decoding=\"async\" alt=\"\" src=\"https:\/\/files.modern.az\/articles\/2024\/12\/30\/1735542056_322572.jpg\" title=\"\"><br><strong>Salat\u0131n \u018fziz q\u0131z\u0131 \u018fsg\u0259rova<\/strong>&nbsp;1961-ci ild\u0259 dekabr\u0131n 16-da Bak\u0131da ziyal\u0131 ail\u0259sind\u0259 anadan olub.&nbsp;1979-cu ild\u0259 orta m\u0259kt\u0259bi bitirib. H\u0259min il Az\u0259rbaycan Neft v\u0259 Kimya \u0130nstitutuna daxil olub. 1984-c\u00fc ild\u0259 geofizika ixtisas\u0131 \u00fczr\u0259 m\u00fch\u0259ndis diplomu alan Salat\u0131n \u018fsg\u0259rova jurnalistika sah\u0259sin\u0259 b\u00f6y\u00fck maraq g\u00f6st\u0259rib. N\u0259tic\u0259d\u0259 m\u00fcqavil\u0259 il\u0259 \u201cBak\u0131\u201d q\u0259zetind\u0259 i\u015fl\u0259m\u0259y\u0259 ba\u015flay\u0131b. 4 il sonra is\u0259 o, \u201cMolodyoj Azerbaydjana\u201d q\u0259zetin\u0259 ke\u00e7ib. Salat\u0131n \u018fsg\u0259rova jurnalist kimi Az\u0259rbaycan torpaqlar\u0131n\u0131n b\u00fct\u00f6vl\u00fcy\u00fc il\u0259 ba\u011fl\u0131 m\u0259sl\u0259l\u0259r\u0259 toxunurdu. O, tez-tez c\u0259bh\u0259 x\u0259ttin\u0259 gedir, qaynar n\u00f6qt\u0259l\u0259rd\u0259n operativ materiallar haz\u0131rlay\u0131rd\u0131. Ail\u0259si Salat\u0131n\u0131n d\u00f6y\u00fc\u015f b\u00f6lg\u0259sin\u0259 getm\u0259sind\u0259n narahat olsa da, ona mane ola bilmirdi. Haz\u0131rlad\u0131\u011f\u0131 reportajlarla m\u00fcharib\u0259nin \u0259n q\u0131z\u011f\u0131n anlar\u0131ndan x\u0259b\u0259r ver\u0259n Salat\u0131n q\u0131sa m\u00fcdd\u0259t \u0259rzind\u0259 geni\u015f oxucu auditoriyas\u0131 qazanma\u011f\u0131 bacarm\u0131\u015fd\u0131.<br><br>1991-ci il yanvar\u0131n 9-da La\u00e7\u0131ndan \u015eu\u015faya ged\u0259rk\u0259n yolun 6-c\u0131 kilometrliyind\u0259ki Qalad\u0259r\u0259si k\u0259ndi yax\u0131nl\u0131\u011f\u0131nda onun oldu\u011fu ma\u015f\u0131n erm\u0259ni terror\u00e7ular\u0131 t\u0259r\u0259find\u0259n yax\u0131n m\u0259saf\u0259d\u0259n \u015fidd\u0259tli at\u0259\u015f\u0259 tutulub v\u0259 el\u0259 oradaca q\u0259tl\u0259 yetirilib.&nbsp;<br><br>O, Bak\u0131dak\u0131 \u015e\u0259hidl\u0259r Xiyaban\u0131nda d\u0259fn olunub.<br><br>Salat\u0131n \u018fsg\u0259rova \u00f6l\u00fcm\u00fcnd\u0259n sonra &#8211; 6 noyabr 1992-ci ild\u0259 Az\u0259rbaycan Prezidentinin f\u0259rman\u0131 il\u0259 \u201cMilli Q\u0259hr\u0259man\u201d ad\u0131na layiq g\u00f6r\u00fcl\u00fcb.<br><br>Haz\u0131rda Bak\u0131 \u015f\u0259h\u0259rind\u0259 ad\u0131na bir k\u00fc\u00e7\u0259 var. Ya\u015fad\u0131\u011f\u0131 binaya barelyefi vurulub. Ona Beyn\u0259lxalq Jurnalistl\u0259r \u0130ttifaq\u0131 Konfederasiyas\u0131n\u0131n laureat\u0131 ad\u0131 da verilib.<br><br>Bir o\u011flu yadigar qal\u0131b.<br><br>***<br><strong><br>G\u00fclt\u0259kin M\u0259lik q\u0131z\u0131 \u018fsg\u0259rova<\/strong>&nbsp;1960-c\u0131 il noyabr ay\u0131n\u0131n 20-d\u0259 Bak\u0131 \u015f\u0259h\u0259rind\u0259 anadan olub. 1983-c\u00fc ild\u0259 Az\u0259rbaycan D\u00f6vl\u0259t Tibb Universitetin\u0259 daxil olub v\u0259 t\u0259hsilini 1989-cu ild\u0259 ba\u015fa vurub. T\u0259hsil ill\u0259rind\u0259 Daxili \u0130\u015fl\u0259r Nazirliyinin H\u0259rbi hospital\u0131nda \u0259vv\u0259lc\u0259 ki\u00e7ik tibb bac\u0131s\u0131, sonra is\u0259 b\u00f6y\u00fck tibb bac\u0131s\u0131 i\u015fl\u0259yib. Ali m\u0259kt\u0259bi bitirdikd\u0259n sonra is\u0259 8-ci T\u0259cili Yard\u0131m Stansiyas\u0131nda \u00e7al\u0131\u015f\u0131b. Daha sonra Uroloji x\u0259st\u0259xanada anestezioloq-reanimatoloq v\u0259zif\u0259sind\u0259 i\u015fl\u0259yib.<\/p>\n\n\n\n<p>Qaraba\u011f hadis\u0259l\u0259ri ba\u015flayanda 4 aprel 1992-ci ild\u0259 k\u00f6n\u00fcll\u00fc olaraq c\u0259bh\u0259y\u0259 yollan\u0131b. \u018fvv\u0259lc\u0259 Tur\u015fsuda, sonra is\u0259 \u015eu\u015fada ne\u00e7\u0259-ne\u00e7\u0259 yaral\u0131 \u0259sg\u0259r\u0259 tibbi yard\u0131m g\u00f6st\u0259rib. \u015eu\u015fa i\u015f\u011fal olunduqdan sonra La\u00e7\u0131n\u0131n, Qubadl\u0131n\u0131n m\u00fcdafi\u0259sind\u0259 yax\u0131ndan i\u015ftirak edib. A\u011f\u0131r d\u00f6y\u00fc\u015f yolu ke\u00e7mi\u015f G\u00fclt\u0259kin \u018fsg\u0259rova&nbsp;20 iyun&nbsp;1992-ci ild\u0259 Aranz\u0259min-Nax\u00e7\u0131vanik k\u0259ndl\u0259ri istiqam\u0259tind\u0259 ged\u0259n \u00e7\u0259tin d\u00f6y\u00fc\u015fd\u0259 \u00f6z xidm\u0259ti borcunu yerin\u0259 yetir\u0259rk\u0259n \u015f\u0259hid olub.<\/p>\n\n\n\n<p>\u00d6lk\u0259 Prezidentinin 1993-c\u00fc il 20 noyabr tarixli f\u0259rman\u0131 il\u0259 G\u00fclt\u0259kin \u018fsg\u0259rovaya \u00f6l\u00fcm\u00fcnd\u0259n sonra \u201cAz\u0259rbaycan\u0131n Milli Q\u0259hr\u0259man\u0131\u201d f\u0259xri ad\u0131 verilib.<\/p>\n\n\n\n<p>Bak\u0131 \u015f\u0259h\u0259rind\u0259ki \u015e\u0259hidl\u0259r xiyaban\u0131nda d\u0259fn edilib.<\/p>\n\n\n\n<p>Oxudu\u011fu 200 n\u00f6mr\u0259li tam orta m\u0259kt\u0259b\u0259 onun ad\u0131 verilib, Bak\u0131 \u015f\u0259h\u0259r N\u0259rimanov rayonunda b\u00fcst\u00fc qoyulub. Bak\u0131da ya\u015fad\u0131\u011f\u0131 Mustafa Kamal Atat\u00fcrk prospekti 2a \u00fcnvan\u0131ndak\u0131 binaya xatir\u0259 l\u00f6vh\u0259si vurulub. G\u00fclt\u0259kin \u018fsg\u0259rovaya h\u0259sr olunan \u201cG\u00fclt\u0259kin\u201d filmi \u00e7\u0259kilib, \u201cG\u00fclt\u0259kin zirv\u0259si\u201d adl\u0131 kitab \u00e7ap olunub.<\/p>\n\n\n\n<p><br>***<br><br><strong><br>H\u00f6kum\u0259 C\u0259lil q\u0131z\u0131 \u018fliyeva<\/strong>&nbsp;8 avqust 1991-ci ild\u0259&nbsp;K\u0259lb\u0259c\u0259r&nbsp;rayonunda anadan olub. 1993-c\u00fc ild\u0259&nbsp;k\u0259ndl\u0259rinin erm\u0259nil\u0259r t\u0259r\u0259find\u0259n i\u015f\u011fal olunmas\u0131&nbsp;s\u0259b\u0259bil\u0259 B\u0259rd\u0259 rayonunun Qarad\u0259mir\u00e7i k\u0259ndind\u0259 m\u00fcv\u0259qq\u0259ti m\u0259skunla\u015f\u0131b. 1996-c\u0131 ild\u0259 is\u0259 Rusiyaya k\u00f6\u00e7\u00fcb v\u0259&nbsp;bir m\u00fcdd\u0259t Volqoqrad vilay\u0259tind\u0259&nbsp;ya\u015fay\u0131b. H\u00f6kum\u0259 orada 1-ci sinifd\u0259n 6-c\u0131 sinf\u0259 q\u0259d\u0259r \u015f\u0259h\u0259rin 178 n\u00f6mr\u0259li m\u0259kt\u0259bind\u0259 t\u0259hsil al\u0131b. Daha sonra ail\u0259si G\u0259nc\u0259y\u0259 k\u00f6\u00e7\u00fcb v\u0259 H\u00f6kum\u0259 burada t\u0259hsilini davam etdirib. G\u0259nc\u0259 \u015f\u0259h\u0259rind\u0259ki V.Veys\u0259lov ad\u0131na 30 n\u00f6mr\u0259li tam orta m\u0259kt\u0259bi bitirdikd\u0259n sonra 612 bal toplayaraq&nbsp;Bak\u0131 D\u00f6vl\u0259t Universitetinin H\u00fcquq fak\u00fclt\u0259sin\u0259&nbsp;daxil olub.<br><br>H\u00f6kum\u0259 \u018fliyeva \u00f6z t\u0259hsilini magistr v\u0259 doktorantura pill\u0259l\u0259rind\u0259 davam etdirib. 2016-c\u0131 ild\u0259n etibar\u0259n&nbsp;Az\u0259rbaycan Hava Yollar\u0131 avia\u015firk\u0259tind\u0259 (AZAL) t\u0259cr\u00fcm\u0259\u00e7i kimi i\u015fl\u0259m\u0259y\u0259 ba\u015flay\u0131b. Sonralar is\u0259 b\u0259l\u0259d\u00e7i kimi i\u015fl\u0259m\u0259y\u0259 ba\u015flay\u0131b. \u0130\u015finin n\u00f6vb\u0259ti ill\u0259rind\u0259 o h\u00fcquq\u015f\u00fcnas kimi f\u0259aliyy\u0259tini davam etdir\u0259c\u0259kdi.<br><br>Lakin 25 dekabr 2024-c\u00fc ild\u0259 Bak\u0131-Qrozn\u0131 reysil\u0259 u\u00e7an t\u0259yyar\u0259 Aktau \u015f\u0259h\u0259rind\u0259 q\u0259zaya u\u011frayark\u0259n st\u00fcardessa H\u00f6kum\u0259 \u018fliyeva xidm\u0259ti v\u0259zif\u0259sini layiqinc\u0259 yerin\u0259 yetir\u0259r\u0259k, s\u0259rni\u015finl\u0259rin h\u0259yat\u0131n\u0131n xilas edilm\u0259sind\u0259 y\u00fcks\u0259k pe\u015f\u0259karl\u0131q, \u015f\u00fcca\u0259t v\u0259 f\u0259dakarl\u0131q g\u00f6st\u0259rib v\u0259 \u00f6z\u00fc is\u0259 ba\u015f ver\u0259n partlay\u0131\u015fda h\u0259lak olub.<br><br>H\u00f6kum\u0259 \u018fliyeva 29 dekabr 2024-c\u00fc ild\u0259&nbsp;II F\u0259xri xiyabanda&nbsp;d\u0259fn olunub.<br><br>Evli idi, \u00f6vlad\u0131 yoxdur.<br><br>Az\u0259rbaycan Prezidentinin 29 dekabr 2024-c\u00fc il tarixli s\u0259r\u0259ncam\u0131 il\u0259 \u018fliyeva H\u00f6kum\u0259 C\u0259lil q\u0131z\u0131 (\u00f6l\u00fcm\u00fcnd\u0259n sonra) &#8220;Az\u0259rbaycan\u0131n Milli Q\u0259hr\u0259man\u0131&#8221; ad\u0131na layiq g\u00f6r\u00fcl\u00fcb.<\/p>\n","protected":false},"excerpt":{"rendered":"<p>X\u0259b\u0259r verdiyimiz kimi, Prezident \u0130lham \u018fliyev \u201cAz\u0259rbaycan Hava Yollar\u0131\u201d avia\u015firk\u0259tin\u0259 m\u0259xsus \u201cEmbraer 190\u201d tipli s\u0259rni\u015fin t\u0259yyar\u0259sinin Bak\u0131-Qrozn\u0131 reysini yerin\u0259 yetir\u0259rk\u0259n h\u0259lak olmu\u015f ekipaj \u00fczvl\u0259rin\u0259&nbsp;\u201cAz\u0259rbaycan\u0131n Milli Q\u0259hr\u0259man\u0131\u201d ad\u0131n\u0131n verilm\u0259si il\u0259 ba\u011fl\u0131 s\u0259r\u0259ncam imzalay\u0131b. S\u0259r\u0259ncama \u0259sas\u0259n, Bak\u0131-Qrozn\u0131 reysil\u0259 u\u00e7an t\u0259yyar\u0259 Aktau \u015f\u0259h\u0259rind\u0259 q\u0259zaya u\u011frayark\u0259n xidm\u0259ti v\u0259zif\u0259l\u0259rini layiqinc\u0259 yerin\u0259 yetir\u0259n, s\u0259rni\u015finl\u0259rin h\u0259yat\u0131n\u0131n xilas edilm\u0259sind\u0259 y\u00fcks\u0259k pe\u015f\u0259karl\u0131q, \u015f\u00fcca\u0259t v\u0259 &hellip;<\/p>\n","protected":false},"author":1,"featured_media":17162,"comment_status":"open","ping_status":"closed","sticky":false,"template":"","format":"standard","meta":{"footnotes":""},"categories":[3],"tags":[],"class_list":["post-17161","post","type-post","status-publish","format-standard","has-post-thumbnail","hentry","category-olke"],"_links":{"self":[{"href":"https:\/\/millitv.net\/index.php?rest_route=\/wp\/v2\/posts\/17161","targetHints":{"allow":["GET"]}}],"collection":[{"href":"https:\/\/millitv.net\/index.php?rest_route=\/wp\/v2\/posts"}],"about":[{"href":"https:\/\/millitv.net\/index.php?rest_route=\/wp\/v2\/types\/post"}],"author":[{"embeddable":true,"href":"https:\/\/millitv.net\/index.php?rest_route=\/wp\/v2\/users\/1"}],"replies":[{"embeddable":true,"href":"https:\/\/millitv.net\/index.php?rest_route=%2Fwp%2Fv2%2Fcomments&post=17161"}],"version-history":[{"count":1,"href":"https:\/\/millitv.net\/index.php?rest_route=\/wp\/v2\/posts\/17161\/revisions"}],"predecessor-version":[{"id":17163,"href":"https:\/\/millitv.net\/index.php?rest_route=\/wp\/v2\/posts\/17161\/revisions\/17163"}],"wp:featuredmedia":[{"embeddable":true,"href":"https:\/\/millitv.net\/index.php?rest_route=\/wp\/v2\/media\/17162"}],"wp:attachment":[{"href":"https:\/\/millitv.net\/index.php?rest_route=%2Fwp%2Fv2%2Fmedia&parent=17161"}],"wp:term":[{"taxonomy":"category","embeddable":true,"href":"https:\/\/millitv.net\/index.php?rest_route=%2Fwp%2Fv2%2Fcategories&post=17161"},{"taxonomy":"post_tag","embeddable":true,"href":"https:\/\/millitv.net\/index.php?rest_route=%2Fwp%2Fv2%2Ftags&post=17161"}],"curies":[{"name":"wp","href":"https:\/\/api.w.org\/{rel}","templated":true}]}}