{"id":17115,"date":"2024-12-29T05:44:05","date_gmt":"2024-12-29T05:44:05","guid":{"rendered":"https:\/\/millitv.net\/?p=17115"},"modified":"2024-12-29T05:47:15","modified_gmt":"2024-12-29T05:47:15","slug":"g%C9%99l%C9%99n-il-pensiya-v%C9%99-maaslar-n%C9%99-q%C9%99d%C9%99r-artacaq-nazir-r%C9%99q%C9%99ml%C9%99ri-aciqladi","status":"publish","type":"post","link":"https:\/\/millitv.net\/?p=17115","title":{"rendered":"G\u0259l\u0259n il pensiya v\u0259 maa\u015flar n\u0259 q\u0259d\u0259r artacaq? &#8211;\u00a0Nazir r\u0259q\u0259ml\u0259ri a\u00e7\u0131qlad\u0131"},"content":{"rendered":"\n<p><strong>\u201c2025-ci il yanvar\u0131n 1-d\u0259n minimum ayl\u0131q \u0259m\u0259khaqq\u0131n\u0131n m\u0259bl\u0259\u011fi 400 manat olacaq. Minimum pensiyam\u0131z is\u0259 14 faiz artacaq v\u0259 280 manatdan 320 manata \u00e7atacaq. Bu iki r\u0259q\u0259mi 2019-cu ill\u0259 m\u00fcqayis\u0259 ets\u0259k dem\u0259liyik ki, minimum \u0259m\u0259k haqq\u0131 \u00f6lk\u0259 \u00fczr\u0259 3,1 d\u0259f\u0259, minimum pensiya is\u0259 3 d\u0259f\u0259 artm\u0131\u015f olacaq. Bu, ki\u00e7ik tarixi d\u00f6vrd\u0259 at\u0131lm\u0131\u015f b\u00f6y\u00fck add\u0131mlar\u0131n g\u00f6st\u0259ricisidir\u201d.<\/strong><br><br><a target=\"_blank\" href=\"https:\/\/teleqraf.com\/\" rel=\"noreferrer noopener\">Teleqraf.com<\/a>&nbsp;x\u0259b\u0259r verir ki, bunu \u0259m\u0259k v\u0259 \u0259halinin sosial m\u00fcdafi\u0259si naziri Sahil Babayev AzTV-y\u0259 m\u00fcsahib\u0259sind\u0259 deyib.<br><br>Onun s\u00f6zl\u0259rin\u0259 g\u00f6r\u0259, minimum \u0259m\u0259khaqq\u0131n\u0131n art\u0131m\u0131 yaln\u0131z minimum \u0259m\u0259khaqq\u0131 alan insanlara \u015famil olunmur: &#8220;Bu eyni zamanda d\u00f6vl\u0259t sektorunda vahid tarif c\u0259dv\u0259li \u00fczr\u0259 \u0259m\u0259khaqq\u0131 alan insanlar\u0131n da m\u0259vacibin\u0259 t\u0259sir edir.<\/p>\n\n\n\n<p>\u00c7\u00fcnki vahid tarif c\u0259dv\u0259li \u00fczr\u0259 ilk pill\u0259 345 manatdan 400 manata d\u0259yi\u015fdikd\u0259 dig\u0259r pill\u0259l\u0259rd\u0259 d\u0259 d\u0259yi\u015fiklikl\u0259r ba\u015f verir. \u00dcst pill\u0259 \u0259m\u0259khaqlar\u0131 da d\u0259yi\u015f\u0259c\u0259k v\u0259 \u00f6z\u0259l sektorda da \u0259m\u0259k bazar\u0131nda da pill\u0259vi olaraq \u0259m\u0259khaqlar\u0131n\u0131n ciddi art\u0131m\u0131 t\u0259min edil\u0259c\u0259k.<br>Dig\u0259r t\u0259r\u0259fd\u0259n n\u0259z\u0259r\u0259 alsaq ki, bu g\u00fcn nisb\u0259t\u0259n a\u015fa\u011f\u0131 \u0259m\u0259khaqq\u0131 olan sah\u0259l\u0259r \u0259sas\u0259n vahid tarif c\u0259dv\u0259li \u00fcz\u0259rind\u0259n \u0259m\u0259khaqq\u0131 al\u0131rlar v\u0259 o istiqam\u0259tl\u0259rd\u0259 daha \u00e7ox xan\u0131mlar\u0131m\u0131z \u00e7al\u0131\u015f\u0131r, vahid tarif c\u0259dv\u0259linin artmas\u0131 eyni zamanda xan\u0131mlarla ki\u015fil\u0259r aras\u0131nda \u0259m\u0259khaqq\u0131 f\u0259rqinin azalmas\u0131na ciddi t\u00f6hf\u0259 ver\u0259c\u0259k. \u00c7\u00fcnki vahid tarif c\u0259dv\u0259li \u00f6nc\u0259 h\u0259m t\u0259hsil, h\u0259m sosial, h\u0259m s\u0259hiyy\u0259 sah\u0259l\u0259rini \u0259hat\u0259 edir v\u0259 \u0259n\u0259n\u0259vi olaraq bu istiqam\u0259tl\u0259rd\u0259 xan\u0131m i\u015fl\u0259y\u0259nl\u0259rimizin say\u0131 daha \u00e7ox olur, bu, paritetin t\u0259min olunmas\u0131na da d\u0259st\u0259k ver\u0259c\u0259k\u201d.<\/p>\n\n\n\n<p><\/p>\n","protected":false},"excerpt":{"rendered":"<p>\u201c2025-ci il yanvar\u0131n 1-d\u0259n minimum ayl\u0131q \u0259m\u0259khaqq\u0131n\u0131n m\u0259bl\u0259\u011fi 400 manat olacaq. Minimum pensiyam\u0131z is\u0259 14 faiz artacaq v\u0259 280 manatdan 320 manata \u00e7atacaq. Bu iki r\u0259q\u0259mi 2019-cu ill\u0259 m\u00fcqayis\u0259 ets\u0259k dem\u0259liyik ki, minimum \u0259m\u0259k haqq\u0131 \u00f6lk\u0259 \u00fczr\u0259 3,1 d\u0259f\u0259, minimum pensiya is\u0259 3 d\u0259f\u0259 artm\u0131\u015f olacaq. Bu, ki\u00e7ik tarixi d\u00f6vrd\u0259 at\u0131lm\u0131\u015f b\u00f6y\u00fck add\u0131mlar\u0131n g\u00f6st\u0259ricisidir\u201d.Teleqraf.com&nbsp;x\u0259b\u0259r verir &hellip;<\/p>\n","protected":false},"author":1,"featured_media":16648,"comment_status":"open","ping_status":"closed","sticky":false,"template":"","format":"standard","meta":{"footnotes":""},"categories":[1],"tags":[],"class_list":["post-17115","post","type-post","status-publish","format-standard","has-post-thumbnail","hentry","category-idman"],"_links":{"self":[{"href":"https:\/\/millitv.net\/index.php?rest_route=\/wp\/v2\/posts\/17115","targetHints":{"allow":["GET"]}}],"collection":[{"href":"https:\/\/millitv.net\/index.php?rest_route=\/wp\/v2\/posts"}],"about":[{"href":"https:\/\/millitv.net\/index.php?rest_route=\/wp\/v2\/types\/post"}],"author":[{"embeddable":true,"href":"https:\/\/millitv.net\/index.php?rest_route=\/wp\/v2\/users\/1"}],"replies":[{"embeddable":true,"href":"https:\/\/millitv.net\/index.php?rest_route=%2Fwp%2Fv2%2Fcomments&post=17115"}],"version-history":[{"count":1,"href":"https:\/\/millitv.net\/index.php?rest_route=\/wp\/v2\/posts\/17115\/revisions"}],"predecessor-version":[{"id":17117,"href":"https:\/\/millitv.net\/index.php?rest_route=\/wp\/v2\/posts\/17115\/revisions\/17117"}],"wp:featuredmedia":[{"embeddable":true,"href":"https:\/\/millitv.net\/index.php?rest_route=\/wp\/v2\/media\/16648"}],"wp:attachment":[{"href":"https:\/\/millitv.net\/index.php?rest_route=%2Fwp%2Fv2%2Fmedia&parent=17115"}],"wp:term":[{"taxonomy":"category","embeddable":true,"href":"https:\/\/millitv.net\/index.php?rest_route=%2Fwp%2Fv2%2Fcategories&post=17115"},{"taxonomy":"post_tag","embeddable":true,"href":"https:\/\/millitv.net\/index.php?rest_route=%2Fwp%2Fv2%2Ftags&post=17115"}],"curies":[{"name":"wp","href":"https:\/\/api.w.org\/{rel}","templated":true}]}}