{"id":17093,"date":"2024-12-28T08:31:14","date_gmt":"2024-12-28T08:31:14","guid":{"rendered":"https:\/\/millitv.net\/?p=17093"},"modified":"2024-12-28T08:31:15","modified_gmt":"2024-12-28T08:31:15","slug":"q%C9%99hr%C9%99man-pilotun-h%C9%99r-iki-qizi-milli-komandamizin-uzvl%C9%99ridir-fotolar","status":"publish","type":"post","link":"https:\/\/millitv.net\/?p=17093","title":{"rendered":"Q\u0259hr\u0259man pilotun h\u0259r iki q\u0131z\u0131 milli komandam\u0131z\u0131n \u00fczvl\u0259ridir &#8211; FOTOLAR"},"content":{"rendered":"\n<p><strong>&#8220;Az\u0259rbaycan Hava Yollar\u0131&#8221;n\u0131n Aktauda q\u0259zaya u\u011frayan &#8220;Embraer 190&#8221; t\u0259yyar\u0259sinin h\u0259lak olan kapitan\u0131 \u0130qor K\u015fnyakin \u00f6z i\u015finin pe\u015f\u0259kar\u0131 idi.<\/strong><\/p>\n\n\n\n<p>Az\u0259rbaycan g\u0259ncl\u0259r v\u0259 idman nazirinin m\u00fcavini Mariana Vasileva m\u0259rhum pilot \u0130qor K\u015fnyakinl\u0259 ba\u011fl\u0131 dan\u0131\u015f\u0131b. Nazir m\u00fcavini bildirib ki, q\u0259hr\u0259man pilot Az\u0259rbaycan milli gimnastika komandas\u0131n\u0131n \u00fczvl\u0259ri olan iki bac\u0131n\u0131n atas\u0131 idi.<\/p>\n\n\n\n<p>Bel\u0259 ki, \u0130qor K\u015fnyakin\u0131n q\u0131zlar\u0131 Anastasiya v\u0259 Darya K\u015fnyakina Az\u0259rbaycan milli gimnastika komandas\u0131nda \u00e7\u0131x\u0131\u015f edirl\u0259r.<\/p>\n\n\n\n<p>&#8220;Az\u0259rbaycan Gimnastika Federasiyas\u0131n\u0131n &#8220;Gimnastika ham\u0131 \u00fc\u00e7\u00fcn&#8221; n\u00f6v\u00fc \u00fczr\u0259 t\u0259msil\u00e7il\u0259ri Anastasiya v\u0259 Darya K\u015fnyakinan\u0131n atas\u0131 K\u015fnyakin \u0130qor \u0130vanovi\u00e7 ba\u015f vermi\u015f t\u0259yyar\u0259 q\u0259zas\u0131nda h\u0259yat\u0131n\u0131 itirib. Kapitan K\u015fnya\u015fkin \u0130qor \u0130vanovi\u00e7in timsal\u0131nda b\u00fct\u00fcn ekipaj \u00fczvl\u0259rin\u0259 Allahdan r\u0259hm\u0259t dil\u0259yirik&#8221;, &#8211; dey\u0259 g\u0259ncl\u0259r v\u0259 idman nazirinin m\u00fcavini Mariana Vasileva bildirib.<\/p>\n\n\n\n<p>Qeyd ed\u0259k ki, \u0130qor K\u015fnyakin ilk t\u0259hsilini 1982-ci ild\u0259 Sasovo M\u00fclki Aviasiya U\u00e7u\u015f M\u0259kt\u0259bind\u0259 pilot ixtisas\u0131 \u00fczr\u0259 al\u0131b. 1992-ci ild\u0259 Rusiya D\u00f6vl\u0259t Hidrometroloji \u0130nstitutunun meteorologiya ixtisas\u0131n\u0131 bitirib.&nbsp;<\/p>\n\n\n\n<p>B\u00f6y\u00fck t\u0259cr\u00fcb\u0259y\u0259 malik olan kapitan \u0130qor K\u015fnyakin 15 min saatdan \u00e7ox u\u00e7u\u015f h\u0259yata ke\u00e7irib. Bu u\u00e7u\u015flardan t\u0259xmin\u0259n 11 200 saat\u0131n\u0131 kapitan qismind\u0259 icra edib.<\/p>\n\n\n\n<p>Aktauda ba\u015f vermi\u015f d\u0259h\u015f\u0259tli q\u0259zada 29 n\u0259f\u0259rin sa\u011f qalmas\u0131 m\u0259hz \u0130qor K\u015fnyakinin q\u0259hr\u0259manl\u0131\u011f\u0131 say\u0259sind\u0259 olub.<\/p>\n\n\n\n<p>\u0130qor K\u015fnyakinin iki q\u0131z \u00f6vlad\u0131 yadigar qal\u0131b.<\/p>\n\n\n\n<p>\u0130qor K\u015fnyakinin dekabr\u0131n 25-d\u0259 Bak\u0131-Qrozn\u0131 reysi il\u0259 u\u00e7an &#8220;Az\u0259rbaycan Hava Yollar\u0131&#8221;na m\u0259xsus &#8220;Embraer 190&#8221; t\u0259yyar\u0259sinin kapitan\u0131 idi. H\u0259min t\u0259yyar\u0259 Qrozn\u0131 \u015f\u0259h\u0259rin\u0259 yax\u0131nla\u015fark\u0259n Rusiyan\u0131n &#8220;Pantsir-S1&#8221; zenit-raket kompleksi t\u0259r\u0259find\u0259n h\u00fccuma m\u0259ruz qal\u0131b. Daha sonra ciddi z\u0259d\u0259 alan t\u0259yyar\u0259mizin Qrozn\u0131 v\u0259 Maha\u00e7qala aeroportlar\u0131na enm\u0259sin\u0259 icaz\u0259 verilm\u0259yib.<\/p>\n\n\n\n<p>Rusiya t\u0259rfi izin itirilm\u0259si m\u0259qs\u0259dil\u0259 &#8220;Embraer 190&#8221; t\u0259yyar\u0259sini Qazax\u0131stan\u0131n Aktau \u015f\u0259h\u0259rin\u0259 do\u011fru y\u00f6n\u0259ldib.<\/p>\n\n\n\n<p>&#8220;Embraer 190&#8243;\u0131n ekipaj\u0131 b\u00f6y\u00fck \u015f\u00fcca\u0259t g\u00f6st\u0259r\u0259r\u0259k, t\u0259yyar\u0259ni X\u0259z\u0259r d\u0259nizin\u0259 d\u00fc\u015fm\u0259kd\u0259n xilas ed\u0259r\u0259k, onu Aktau \u015f\u0259h\u0259rin\u0259 \u00e7atd\u0131ra bilib.<\/p>\n\n\n\n<p>T\u0259\u0259ss\u00fcf ki, Aktau liman\u0131na 3 d\u0259qiq\u0259lik m\u0259saf\u0259 qalanda t\u0259yyar\u0259 q\u0259za eni\u015fi etm\u0259y\u0259 m\u0259cbur olub. Q\u0259za n\u0259tic\u0259sind\u0259, \u00fcmumilikd\u0259 67 n\u0259f\u0259rd\u0259n 38-i h\u0259lak olub. H\u0259lak olanlardan 25-i Az\u0259rbaycan v\u0259t\u0259nda\u015f\u0131d\u0131r.<\/p>\n\n\n\n<p>M\u0259hz pilotlar\u0131n g\u0259rgin s\u0259yl\u0259ri n\u0259tic\u0259sind\u0259 29 n\u0259f\u0259r olaydan sa\u011f qurtula bilib.<\/p>\n\n\n\n<p>Pilotlar \u0130qor K\u015fnyakin, Aleksandr Kalyaninov v\u0259 b\u0259l\u0259d\u00e7i H\u00f6k\u00fcm\u0259 \u018fliyeva q\u0259zada ba\u015f ver\u0259n partlay\u0131\u015f zaman\u0131 h\u0259lak olublar.<\/p>\n\n\n\n<p>Onlar II F\u0259xri Xiyabanda d\u0259fn olunacaqlar.\/modern.az<\/p>\n\n\n\n<figure class=\"wp-block-image size-full\"><img loading=\"lazy\" decoding=\"async\" width=\"640\" height=\"428\" src=\"https:\/\/millitv.net\/wp-content\/uploads\/2024\/12\/1254503_1.png\" alt=\"\" class=\"wp-image-17095\" title=\"\" srcset=\"https:\/\/millitv.net\/wp-content\/uploads\/2024\/12\/1254503_1.png 640w, https:\/\/millitv.net\/wp-content\/uploads\/2024\/12\/1254503_1-300x201.png 300w\" sizes=\"auto, (max-width: 640px) 100vw, 640px\" \/><\/figure>\n\n\n\n<figure class=\"wp-block-image size-full\"><img loading=\"lazy\" decoding=\"async\" width=\"650\" height=\"450\" src=\"https:\/\/millitv.net\/wp-content\/uploads\/2024\/12\/1254503_3.png\" alt=\"\" class=\"wp-image-17096\" title=\"\" srcset=\"https:\/\/millitv.net\/wp-content\/uploads\/2024\/12\/1254503_3.png 650w, https:\/\/millitv.net\/wp-content\/uploads\/2024\/12\/1254503_3-300x208.png 300w\" sizes=\"auto, (max-width: 650px) 100vw, 650px\" \/><\/figure>\n\n\n\n<figure class=\"wp-block-image size-full\"><img loading=\"lazy\" decoding=\"async\" width=\"640\" height=\"430\" src=\"https:\/\/millitv.net\/wp-content\/uploads\/2024\/12\/1254503_2-1.png\" alt=\"\" class=\"wp-image-17097\" title=\"\" srcset=\"https:\/\/millitv.net\/wp-content\/uploads\/2024\/12\/1254503_2-1.png 640w, https:\/\/millitv.net\/wp-content\/uploads\/2024\/12\/1254503_2-1-300x202.png 300w\" sizes=\"auto, (max-width: 640px) 100vw, 640px\" \/><\/figure>\n","protected":false},"excerpt":{"rendered":"<p>&#8220;Az\u0259rbaycan Hava Yollar\u0131&#8221;n\u0131n Aktauda q\u0259zaya u\u011frayan &#8220;Embraer 190&#8221; t\u0259yyar\u0259sinin h\u0259lak olan kapitan\u0131 \u0130qor K\u015fnyakin \u00f6z i\u015finin pe\u015f\u0259kar\u0131 idi. Az\u0259rbaycan g\u0259ncl\u0259r v\u0259 idman nazirinin m\u00fcavini Mariana Vasileva m\u0259rhum pilot \u0130qor K\u015fnyakinl\u0259 ba\u011fl\u0131 dan\u0131\u015f\u0131b. Nazir m\u00fcavini bildirib ki, q\u0259hr\u0259man pilot Az\u0259rbaycan milli gimnastika komandas\u0131n\u0131n \u00fczvl\u0259ri olan iki bac\u0131n\u0131n atas\u0131 idi. Bel\u0259 ki, \u0130qor K\u015fnyakin\u0131n q\u0131zlar\u0131 Anastasiya v\u0259 &hellip;<\/p>\n","protected":false},"author":1,"featured_media":17094,"comment_status":"open","ping_status":"closed","sticky":false,"template":"","format":"standard","meta":{"footnotes":""},"categories":[3],"tags":[],"class_list":["post-17093","post","type-post","status-publish","format-standard","has-post-thumbnail","hentry","category-olke"],"_links":{"self":[{"href":"https:\/\/millitv.net\/index.php?rest_route=\/wp\/v2\/posts\/17093","targetHints":{"allow":["GET"]}}],"collection":[{"href":"https:\/\/millitv.net\/index.php?rest_route=\/wp\/v2\/posts"}],"about":[{"href":"https:\/\/millitv.net\/index.php?rest_route=\/wp\/v2\/types\/post"}],"author":[{"embeddable":true,"href":"https:\/\/millitv.net\/index.php?rest_route=\/wp\/v2\/users\/1"}],"replies":[{"embeddable":true,"href":"https:\/\/millitv.net\/index.php?rest_route=%2Fwp%2Fv2%2Fcomments&post=17093"}],"version-history":[{"count":1,"href":"https:\/\/millitv.net\/index.php?rest_route=\/wp\/v2\/posts\/17093\/revisions"}],"predecessor-version":[{"id":17098,"href":"https:\/\/millitv.net\/index.php?rest_route=\/wp\/v2\/posts\/17093\/revisions\/17098"}],"wp:featuredmedia":[{"embeddable":true,"href":"https:\/\/millitv.net\/index.php?rest_route=\/wp\/v2\/media\/17094"}],"wp:attachment":[{"href":"https:\/\/millitv.net\/index.php?rest_route=%2Fwp%2Fv2%2Fmedia&parent=17093"}],"wp:term":[{"taxonomy":"category","embeddable":true,"href":"https:\/\/millitv.net\/index.php?rest_route=%2Fwp%2Fv2%2Fcategories&post=17093"},{"taxonomy":"post_tag","embeddable":true,"href":"https:\/\/millitv.net\/index.php?rest_route=%2Fwp%2Fv2%2Ftags&post=17093"}],"curies":[{"name":"wp","href":"https:\/\/api.w.org\/{rel}","templated":true}]}}