{"id":17082,"date":"2024-12-28T05:00:53","date_gmt":"2024-12-28T05:00:53","guid":{"rendered":"https:\/\/millitv.net\/?p=17082"},"modified":"2024-12-28T05:00:56","modified_gmt":"2024-12-28T05:00:56","slug":"h%C9%99lak-olan-ekipaj-uzvl%C9%99rin%C9%99-s%C9%99hid-statusu-veril%C9%99-bil%C9%99r","status":"publish","type":"post","link":"https:\/\/millitv.net\/?p=17082","title":{"rendered":"H\u0259lak olan ekipaj \u00fczvl\u0259rin\u0259 \u015f\u0259hid statusu\u00a0veril\u0259 bil\u0259r"},"content":{"rendered":"\n<p><strong>\u201cAz\u0259rbaycan Hava Yollar\u0131&#8221;n\u0131n dekabr\u0131n 25-d\u0259 Aktauda q\u0259zaya u\u011frayan &#8220;Embraer 190&#8221; t\u0259yyar\u0259sinin h\u0259lak olan ekipaj \u00fczvl\u0259rin\u0259 \u015f\u0259hid statusu veril\u0259 bil\u0259r.<\/strong><\/p>\n\n\n\n<p><strong>Modern.az&nbsp;<\/strong>sayt\u0131n\u0131n r\u0259smi dair\u0259l\u0259rd\u0259n \u0259ld\u0259 etdiyi m\u0259lumatda bel\u0259 deyilib.<\/p>\n\n\n\n<p>Bununla ba\u011fl\u0131 q\u0259rar q\u0259bul edil\u0259rk\u0259n, ekipaj \u00fczvl\u0259rinin q\u0259za zaman\u0131 g\u00f6st\u0259rdiyi q\u0259hr\u0259manl\u0131q v\u0259 \u015f\u00fcca\u0259t n\u0259z\u0259r\u0259 al\u0131nacaq.<\/p>\n\n\n\n<p>M\u0259lumatda bildirilib ki Bak\u0131-Qrozn\u0131 reysini yerin\u0259 yetir\u0259n \u201cEmbraer 190\u201d t\u0259yyar\u0259si fiziki v\u0259 texniki k\u0259nar m\u00fcdaxil\u0259 n\u0259tic\u0259sind\u0259 q\u0259za v\u0259ziyy\u0259til\u0259 \u00fczl\u0259\u015f\u0259rk\u0259n,&nbsp;<strong>pilotlar&nbsp;\u0130qor K\u015fnyakin, Aleksandr Kalyaninov v\u0259 b\u0259l\u0259d\u00e7i H\u00f6k\u00fcm\u0259 \u018fliyeva<\/strong>&nbsp;s\u0259rni\u015finl\u0259rin xilas olunmas\u0131 \u00fc\u00e7\u00fcn g\u0259r\u0259k\u0259n add\u0131mlar at\u0131blar.<\/p>\n\n\n\n<p>M\u0259hz pilotlar\u0131n&nbsp;\u015f\u00fcca\u0259ti say\u0259sind\u0259 t\u0259yyar\u0259nin X\u0259z\u0259r\u0259 d\u0259nizin\u0259 d\u00fc\u015fm\u0259sinin qar\u015f\u0131s\u0131 al\u0131n\u0131b v\u0259 \u00e7ox \u00e7\u0259tinlikl\u0259 quru sah\u0259sin\u0259 q\u0259za eni\u015fi ed\u0259n \u201cEmbraer 190\u201ddan 29 n\u0259f\u0259r&nbsp;sa\u011f qurtara bilib. Bununla da daha \u00e7ox sayda insan t\u0259l\u0259fat\u0131na yol verilm\u0259yib.<\/p>\n\n\n\n<p>Qeyd ed\u0259k ki, q\u0259hr\u0259man pilotlar v\u0259 b\u0259l\u0259d\u00e7i xan\u0131m II F\u0259xri xiyabanda d\u0259fn olunacaqlar.<\/p>\n\n\n\n<p>Onlar\u0131n adlar\u0131n\u0131n \u0259b\u0259dil\u0259\u015fdirilm\u0259si v\u0259 t\u0259ltif olunbmas\u0131 da g\u00f6zl\u0259nilir.<\/p>\n\n\n\n<p><\/p>\n","protected":false},"excerpt":{"rendered":"<p>\u201cAz\u0259rbaycan Hava Yollar\u0131&#8221;n\u0131n dekabr\u0131n 25-d\u0259 Aktauda q\u0259zaya u\u011frayan &#8220;Embraer 190&#8221; t\u0259yyar\u0259sinin h\u0259lak olan ekipaj \u00fczvl\u0259rin\u0259 \u015f\u0259hid statusu veril\u0259 bil\u0259r. Modern.az&nbsp;sayt\u0131n\u0131n r\u0259smi dair\u0259l\u0259rd\u0259n \u0259ld\u0259 etdiyi m\u0259lumatda bel\u0259 deyilib. Bununla ba\u011fl\u0131 q\u0259rar q\u0259bul edil\u0259rk\u0259n, ekipaj \u00fczvl\u0259rinin q\u0259za zaman\u0131 g\u00f6st\u0259rdiyi q\u0259hr\u0259manl\u0131q v\u0259 \u015f\u00fcca\u0259t n\u0259z\u0259r\u0259 al\u0131nacaq. M\u0259lumatda bildirilib ki Bak\u0131-Qrozn\u0131 reysini yerin\u0259 yetir\u0259n \u201cEmbraer 190\u201d t\u0259yyar\u0259si fiziki v\u0259 texniki &hellip;<\/p>\n","protected":false},"author":1,"featured_media":17083,"comment_status":"open","ping_status":"closed","sticky":false,"template":"","format":"standard","meta":{"footnotes":""},"categories":[3],"tags":[],"class_list":["post-17082","post","type-post","status-publish","format-standard","has-post-thumbnail","hentry","category-olke"],"_links":{"self":[{"href":"https:\/\/millitv.net\/index.php?rest_route=\/wp\/v2\/posts\/17082","targetHints":{"allow":["GET"]}}],"collection":[{"href":"https:\/\/millitv.net\/index.php?rest_route=\/wp\/v2\/posts"}],"about":[{"href":"https:\/\/millitv.net\/index.php?rest_route=\/wp\/v2\/types\/post"}],"author":[{"embeddable":true,"href":"https:\/\/millitv.net\/index.php?rest_route=\/wp\/v2\/users\/1"}],"replies":[{"embeddable":true,"href":"https:\/\/millitv.net\/index.php?rest_route=%2Fwp%2Fv2%2Fcomments&post=17082"}],"version-history":[{"count":1,"href":"https:\/\/millitv.net\/index.php?rest_route=\/wp\/v2\/posts\/17082\/revisions"}],"predecessor-version":[{"id":17084,"href":"https:\/\/millitv.net\/index.php?rest_route=\/wp\/v2\/posts\/17082\/revisions\/17084"}],"wp:featuredmedia":[{"embeddable":true,"href":"https:\/\/millitv.net\/index.php?rest_route=\/wp\/v2\/media\/17083"}],"wp:attachment":[{"href":"https:\/\/millitv.net\/index.php?rest_route=%2Fwp%2Fv2%2Fmedia&parent=17082"}],"wp:term":[{"taxonomy":"category","embeddable":true,"href":"https:\/\/millitv.net\/index.php?rest_route=%2Fwp%2Fv2%2Fcategories&post=17082"},{"taxonomy":"post_tag","embeddable":true,"href":"https:\/\/millitv.net\/index.php?rest_route=%2Fwp%2Fv2%2Ftags&post=17082"}],"curies":[{"name":"wp","href":"https:\/\/api.w.org\/{rel}","templated":true}]}}